{"id":641860,"date":"2026-08-23T21:13:12","date_gmt":"2026-08-23T21:13:12","guid":{"rendered":"https:\/\/www.europesays.com\/pl\/641860\/"},"modified":"2026-08-23T21:13:12","modified_gmt":"2026-08-23T21:13:12","slug":"pko-bp-ekstraklasa-zawitala-do-radomia-katowic-i-szczecina","status":"publish","type":"post","link":"https:\/\/www.europesays.com\/pl\/641860\/","title":{"rendered":"PKO BP Ekstraklasa zawita\u0142a do Radomia, Katowic i Szczecina&#8230;"},"content":{"rendered":"<p>PKO BP Ekstraklasa przygotowa\u0142a dla nas bardzo ciekawe mecze na pocz\u0105tku weekendu z racji goli i zwrot\u00f3w akcji. Niedzielne starcia zapowiada\u0142y si\u0119 r\u00f3wnie interesuj\u0105co, poniewa\u017c go\u015bcili\u015bmy w Radomiu, Katowicach i Szczecinie. Pi\u0142karze Radomiaka go\u015bcili dumne Zag\u0142\u0119bie Lubin po wygranych derbach, a Rafa\u0142 G\u00f3rak zmierzy\u0142 si\u0119 z Wis\u0142a P\u0142ock Adama Majewskiego. Wiecz\u00f3r sp\u0119dzili\u015bmy na p\u00f3\u0142nocy kraju, gdzie Wis\u0142a Krak\u00f3w liczy\u0142a na urwanie punkt\u00f3w na Stadionie Miejskim im. Floriana Krygiera.<\/p>\n<p>Tutaj nie mog\u0142o by\u0107 remisu?\n<\/p>\n<p style=\"text-align: left;\">PKO BP Ekstraklasa kontynuowa\u0142a pi\u0105t\u0105 kolejk\u0119 od meczu, w kt\u00f3rym nie pad nigdy rezultat remisowy. Ogl\u0105dali\u015bmy od samego pocz\u0105tku potyczk\u0119 w Radomiu, kt\u00f3ra by\u0142a otwarta. Oba zespo\u0142y mia\u0142y co\u015b do udowodnienia, poniewa\u017c gospodarze chcieli zamaza\u0107 plam\u0119 po blama\u017cu w ubieg\u0142ego tygodnia przy ulicy \u0141azienkowskiej 3. Tomasz Kaczmarek wystawi\u0142 w bramce Filipa Majchrowicza, a nie na Bart\u0142omieja Gradeckiego. \u201eMiedziowi\u201d wyruszyli na swoj\u0105 drug\u0105 delegacj\u0119 w tym sezonie, szukaj\u0105c pierwszych punkt\u00f3w na wyje\u017adzie. Pierwsza pr\u00f3ba zako\u0144czy\u0142a si\u0119 fiaskiem po pora\u017cce z Legia Warszawa.<\/p>\n<p style=\"text-align: left;\">Pi\u0142karze na murawie nastawili si\u0119 na ofensywne granie co cieszy\u0142o, gdy\u017c nie nudzili\u015bmy si\u0119 podczas tego spotkania. Zawodnicy poszukiwali sposob\u00f3w na przetransportowanie pi\u0142ki w pole karne rywala, cho\u0107 uderzenia z dystansu sta\u0142y si\u0119 najgro\u017aniejszymi w pierwszym kwadransie. Luquinhas pos\u0142a\u0142 pierwsze celny strza\u0142 w tym meczu, a Damian D\u0105browski chybi\u0142 minimalnie zza \u201eszesnastki\u201d. Im dalej trwa\u0142a pierwsza po\u0142owa tym wi\u0119cej inicjatywy przejawiali gospodarze. Jan Grzesik wsp\u00f3\u0142pracowa\u0142 z Ronaldo Lumungo i skrzyd\u0142owy Radomiaka Radom stan\u0105\u0142 przed \u015bwietn\u0105 okazj\u0105 w 35 minucie. Jednak Zlatan Alomerovi\u0107 nie da\u0142 si\u0119 pokona\u0107. Gracze w zielonych koszulkach przewa\u017cali, ale nie przekuli tego na gola i \u0141ukasz Kud\u017ama zaprosi\u0142 pi\u0142karzy do szatni<\/p>\n<p>Druga ods\u0142ona nie pobudza\u0142a, a dru\u017cyny nie podkr\u0119ca\u0142y tempa. Mecz by\u0142 spokojny z pojedynczymi zrywami, kt\u00f3re m\u00f3g\u0142 przeinaczy\u0107 na gola Marcel Regu\u0142a. Reprezentant polskiej m\u0142odzie\u017c\u00f3wki uderza\u0142 g\u0142ow\u0105, ale trafi\u0142 w \u015brodek bramki. Lubinianie oddali dwa celne strza\u0142y po zmianie stron, a gospodarze ani jednego.<\/p>\n<p>\u0141ukasz Kud\u017ama zako\u0144czy\u0142 t\u0119 historyczn\u0105 potyczk\u0119, poniewa\u017c nie poznali\u015bmy triumfatora w tym zestawie. Radomiak Radom zanotowa\u0142 pierwszy czyste konto w tej kampanii, a Zag\u0142\u0119bie Lubin nie wskrzesi\u0142o serii zwyci\u0119stw.<\/p>\n<p dir=\"ltr\" lang=\"pl\">90\u2032 | Pomimo przewagi ostatecznie remisujemy bezbramkowo z Zag\u0142\u0119biem.<a href=\"https:\/\/x.com\/hashtag\/RADZAG?src=hash&amp;ref_src=twsrc%5Etfw\" rel=\"nofollow\">#RADZAG<\/a> | 0:0 <a href=\"https:\/\/t.co\/X77BDsUliI\" rel=\"nofollow\">pic.twitter.com\/X77BDsUliI<\/a><\/p>\n<p>\u2014 Radomiak Radom (@Radomiak_Radom) <a href=\"https:\/\/x.com\/Radomiak_Radom\/status\/2091536562844467411?ref_src=twsrc%5Etfw\" rel=\"nofollow\">August 23, 2026<\/a><\/p>\n<p>Niesprawiedliwy pogrom<\/p>\n<p>PKO BP Ekstraklasa przenios\u0142a nasze spojrzenie do Katowic, gdzie GKS mierzy\u0142 si\u0119 z Wis\u0142a P\u0142ock. Gospodarze ulegli przed tygodniem w Lublinie i liczyli na powr\u00f3t do wygrywania przed w\u0142asn\u0105 publiczno\u015bci\u0105. Go\u015bcie czekali prawie miesi\u0105c na dopisanie trzech \u201eoczek\u201d, poniewa\u017c nie zasmakowali triumfu od meczu inauguracyjnego.<\/p>\n<p>Ekipa Adama Majewskiego prezentowa\u0142a si\u0119 przyjemnie do ogl\u0105dania z pi\u0142k\u0105, ale pojawi\u0142 si\u0119 spory problem. \u201eNafciarze\u201d grali, a GieKSa strzela\u0142a. Ca\u0142e to spotkania stan\u0119\u0142o pod tym has\u0142em. Borja Galan klepn\u0105\u0142 z Emanem Markoviciem, a Norweg umie\u015bci\u0142 futbol\u00f3wk\u0119 w siatce \u015blicznym, dokr\u0119conym strza\u0142em. Arkadiusz J\u0119drych wykorzysta\u0142 rzut karny i po 33 minutach Rafa\u0142 G\u00f3rak m\u00f3g\u0142 spokojnie chodzi\u0107 w wyznaczonej strefie.<\/p>\n<p>GKS Katowice schodzi\u0142 do przerwy z u\u015bmiechami, a Adam Majewski musia\u0142 ponownie zmobilizowa\u0107 swoich graczy. Przyjezdni posiadali pi\u0142k\u0119 oraz oddali tyle samo celnych strza\u0142\u00f3w co rywal, lecz tablica wynik\u00f3w wskazywa\u0142a na inny obraz tego meczu po pierwszej ods\u0142onie.<\/p>\n<p>Podziwiali\u015bmy do\u015bwiadczenie GKS-u Katowice nabyte gr\u0105 w europejskich pucharach, poniewa\u017c podopieczni Rafa\u0142a G\u00f3raka wybiegli w innym nastawieniu na plac gry. Uczestnicy eliminacji do Ligi Konferencji ustawili si\u0119 wy\u017cej i naciskali na oponenta po ca\u0142ej szeroko\u015bci i d\u0142ugo\u015bci murawy. Zdecydowanie ni\u017cej bronili gracze \u201e\u017c\u00f3\u0142to-zielono-czarnych\u201d przed zmian\u0105 stron. Ta zmiana planu na mecz okaza\u0142a si\u0119 bardzo trafna, poniewa\u017c gospodarze wykorzystywali bezwzgl\u0119dnie nieporozumienia i pomy\u0142ki \u201eNafciarzy\u201d. Bartosz Nowak nabi\u0142 sobie liczb\u0119 asyst, bo trzykrotnie obs\u0142u\u017cy\u0142 podaniami swoich partner\u00f3w, po kt\u00f3rych kapitulowa\u0142 Rafa\u0142 Leszczy\u0144ski. Z\u0142e zgranie \u0141ukasza Sekulskiego zamieni\u0142o si\u0119 w gola Ilji Shkurina, a Jakub Kokosi\u0144ski zapami\u0119ta niefrasobliw\u0105 interwencj\u0119 Marcina Wi\u0119ckowskiego. 19-latek zameldowa\u0142 si\u0119 na placu gry po 80 minucie i ustali\u0142 wynik spotkania. Pi\u0105te trafienie w tym meczu by\u0142o debiutanckim golem dla m\u0142odego napastnika.<\/p>\n<p>Wis\u0142a P\u0142ock zas\u0142ugiwa\u0142a na gola w tej rywalizacji i by\u0142a w stanie pokona\u0107 Gabriela Kobylaka. Zosta\u0142o poddane analizie VAR czyste konto pierwsze czyste konto w barwach GKS-u, lecz zosta\u0142a podtrzymana decyzja z boiska o pozycji spalonej. Said Hamuli\u0107 mia\u0142 klarown\u0105 okazj\u0119, ale spud\u0142owa\u0142. Mateusz Kowalczyk ofiarnie wybija\u0142 pi\u0142k\u0119, kt\u00f3ra lecia\u0142a do siatki. 22 strza\u0142y z czego 6 by\u0142o celnych oraz 35 kontakt\u00f3w polu karnym po\u0142\u0105czone w 1,73 xG nie uradowa\u0142y cho\u0107by trafieniem na pocieszenie.<\/p>\n<p dir=\"ltr\" lang=\"pl\">90. min. MANITA NA ARENIE KATOWICE! \ud83d\udfe1\ud83d\udfe2\u26ab<br \/>\u2014<a href=\"https:\/\/x.com\/hashtag\/GKSWP%C5%81?src=hash&amp;ref_src=twsrc%5Etfw\" rel=\"nofollow\">#GKSWP\u0141<\/a> 5:0<br \/>\ud83d\udd17 <a href=\"https:\/\/t.co\/dPlxUctM1b\" rel=\"nofollow\">https:\/\/t.co\/dPlxUctM1b<\/a> <a href=\"https:\/\/t.co\/kAYAbcAqhJ\" rel=\"nofollow\">pic.twitter.com\/kAYAbcAqhJ<\/a><\/p>\n<p>\u2014 GKS Katowice (@_GKSKatowice_) <a href=\"https:\/\/x.com\/_GKSKatowice_\/status\/2091578509541962027?ref_src=twsrc%5Etfw\" rel=\"nofollow\">August 23, 2026<\/a><\/p>\n<p>\u00a0<\/p>\n<p>Wiecz\u00f3r na Pomorzu<\/p>\n<p>PKO BP Ekstraklasa przetransportowa\u0142a si\u0119 na Pomorze w ostatniej niedzielnej potyczce i to by\u0142 efektowny spektakl. Pogo\u0144 Szczecin podejmowa\u0142a Wis\u0142\u0119 Krak\u00f3w, wi\u0119c oczekiwali\u015bmy ciekawego spotkania. Maciej Wojciechowski dostrzeg\u0142 Mus\u0119 Juwar\u0119 i zdecydowa\u0142 si\u0119 na odwa\u017cne podanie. Pi\u0142ka trafi\u0142a pod nogi Gambijczyka, kt\u00f3ry otworzy\u0142 strzelanie w Szczecinie ju\u017c w trzeciej minucie. \u201ePortowcy\u201d my\u015bleli o pragmatycznym podej\u015bciu do tej potyczki, lecz krakowskie DNA da\u0142o o sobie zna\u0107. \u201eBia\u0142a Gwiazda\u201d przej\u0119\u0142a inicjatyw\u0119. Marko Bozi\u0107 \u015bci\u0105\u0142 sw\u00f3j rajd do \u015brodka i podj\u0105\u0142 decyzj\u0119 o strzale. Rykoszet zmyli\u0142 Valentina Cojocaru i wynik wr\u00f3ci\u0142 do stanu pierwotnego.<\/p>\n<p>Wis\u0142a Krak\u00f3w nie cieszy\u0142a si\u0119 z wyr\u00f3wnania zbyt d\u0142ugo, poniewa\u017c tylko pi\u0119\u0107 minut utrzyma\u0142 si\u0119 rezultat 1:1. Wymiana cios\u00f3w trwa\u0142a w najlepsze i przybra\u0142a form\u0119 w sta\u0142ych fragmentach. Rzuty ro\u017cne \u2013 one przynios\u0142y nam bramki dla obu zespo\u0142\u00f3w jeszcze przed przerw\u0105. Do\u015brodkowanie na dalszy s\u0142upek i zgranie w pole bramkowe \u2013 tak Wis\u0142a Krak\u00f3w da\u0142a si\u0119 zaskoczy\u0107 i swoj\u0105 bierno\u015bci\u0105 ucierpia\u0142a po raz drugi w Szczecinie. Linus Wahlqvist wykorzysta\u0142 odbit\u0105 pi\u0142k\u0119 od Kacpra Dudy, kt\u00f3ry zainteresowa\u0142 si\u0119 Paulem Mukairu, a nie futbol\u00f3wk\u0105.<\/p>\n<p>Pogo\u0144 Szczecin odda\u0142a go\u015bciom gola w spos\u00f3b jaki go zdoby\u0142a. \u00c9lie Youan sklei\u0142 pi\u0142k\u0119 do stopy po zamieszaniu przy rzucie ro\u017cnym i obr\u00f3ci\u0142 si\u0119 w kierunki bramki. Gracz sprowadzony tego lata zanotowa\u0142 swoje pierwsze trafienia dla \u201eBia\u0142ej Gwiazdy\u201d i zn\u00f3w mieli\u015bmy remis na Stadionie Miejskim im. Floriana Krygiera.<\/p>\n<p>Pogo\u0144 Szczecin czeka\u0142a na w\u0142asnej po\u0142owie na to co zaproponuje po zmianie stron Wis\u0142a Krak\u00f3w. Gracze Oscara Garcii czuli si\u0119 pewnie w blokach defensywnych i nie byli bezp\u0142ciowi w ataku. Jean Pierre Nsame m\u00f3g\u0142 pokona\u0107 Marcela \u0141ubika, lecz popisa\u0142 si\u0119 parad\u0105 by\u0142y bramkarz G\u00f3rnika Zabrze. Pi\u0142karz wypo\u017cyczony z FC Augsburga wypu\u015bci\u0142 pi\u0142k\u0119 par\u0119 minut p\u00f3zniej po do\u015brodkowaniu, ale by\u0142y snajper Legii Warszawa nie skorzysta\u0142 z tej pomy\u0142ki.<\/p>\n<p>Kamil Grosicki i Angel Rodado \u2013 ta dw\u00f3jka pojawi\u0142a si\u0119 w tej potyczce w roli zmiennik\u00f3w na ostanie 20 minut. Wej\u015bcie Hiszpana wskrzesi\u0142o poczynania ofensywne \u201eBia\u0142ej Gwiazdy\u201d. James Igbekeme zatrudni\u0142 rumu\u0144skiego bramkarza strza\u0142em z dystansu.\u00a0Ponad 20 tysi\u0119cy ludzi nie ujrza\u0142o ju\u017c trafienia i Pogo\u0144 Szczecin podzieli\u0142a si\u0119 punktami z Wis\u0142\u0105 Krak\u00f3w. Jordi Sanchez zatrzyma\u0142 si\u0119 i w pi\u0105tej kolejce nie wpakowa\u0142 pi\u0142ki do siatki.<\/p>\n<p dir=\"ltr\" lang=\"pl\">90\u2019 | Remisujemy z Pogoni\u0105. <a href=\"https:\/\/x.com\/hashtag\/POGWIS?src=hash&amp;ref_src=twsrc%5Etfw\" rel=\"nofollow\">#POGWIS<\/a> 2:2 <a href=\"https:\/\/t.co\/8NrRVnFtzu\" rel=\"nofollow\">pic.twitter.com\/8NrRVnFtzu<\/a><\/p>\n<p>\u2014 Wis\u0142a Krak\u00f3w (@WislaKrakowSA) <a href=\"https:\/\/x.com\/WislaKrakowSA\/status\/2091620281617956922?ref_src=twsrc%5Etfw\" rel=\"nofollow\">August 23, 2026<\/a><\/p>\n<p class=\"entry-tags\">\n                  <a href=\"https:\/\/igol.pl\/temat\/gks-katowice\/\" rel=\"nofollow noopener\" target=\"_blank\">GKS Katowice<\/a><br \/>\n                  <a href=\"https:\/\/igol.pl\/temat\/kghm-zaglebie-lubin\/\" rel=\"nofollow noopener\" target=\"_blank\">KGHM Zag\u0142\u0119bie Lubin<\/a><br \/>\n                  <a href=\"https:\/\/igol.pl\/temat\/pko-bp-ekstraklasa\/\" rel=\"nofollow noopener\" target=\"_blank\">PKO BP Ekstraklasa<\/a><br \/>\n                  <a href=\"https:\/\/igol.pl\/temat\/pogon-szczecin\/\" rel=\"nofollow noopener\" target=\"_blank\">Pogo\u0144 Szczecin<\/a><br \/>\n                  <a href=\"https:\/\/igol.pl\/temat\/radomiak-radom\/\" rel=\"nofollow noopener\" target=\"_blank\">Radomiak Radom<\/a><br \/>\n                  <a href=\"https:\/\/igol.pl\/temat\/wisla-krakow\/\" rel=\"nofollow noopener\" target=\"_blank\">Wis\u0142a Krak\u00f3w<\/a><br \/>\n                  <a href=\"https:\/\/igol.pl\/temat\/wisla-plock\/\" rel=\"nofollow noopener\" target=\"_blank\">Wis\u0142a P\u0142ock<\/a>\n                <\/p>\n<p>      <script async src=\"https:\/\/platform.twitter.com\/widgets.js\" charset=\"utf-8\"><\/script><\/p>\n","protected":false},"excerpt":{"rendered":"PKO BP Ekstraklasa przygotowa\u0142a dla nas bardzo ciekawe mecze na pocz\u0105tku weekendu z racji goli i zwrot\u00f3w akcji.&hellip;\n","protected":false},"author":2,"featured_media":641861,"comment_status":"","ping_status":"","sticky":false,"template":"","format":"standard","meta":{"footnotes":"","_share_on_mastodon":"0"},"categories":[52122],"tags":[2570,3548,6010,752,2573,42,1111,38,40,39,41,2167,5810,2614],"class_list":["post-641860","post","type-post","status-publish","format-standard","has-post-thumbnail","category-pko-bank-polski","tag-gks-katowice","tag-kghm-zaglebie-lubin","tag-pko-bank-polski","tag-pko-bp","tag-pko-bp-ekstraklasa","tag-pl","tag-pogon-szczecin","tag-poland","tag-polish","tag-polska","tag-polski","tag-radomiak-radom","tag-wisla-krakow","tag-wisla-plock"],"share_on_mastodon":{"url":"https:\/\/pubeurope.com\/@pl\/117146891479625794","error":""},"_links":{"self":[{"href":"https:\/\/www.europesays.com\/pl\/wp-json\/wp\/v2\/posts\/641860","targetHints":{"allow":["GET"]}}],"collection":[{"href":"https:\/\/www.europesays.com\/pl\/wp-json\/wp\/v2\/posts"}],"about":[{"href":"https:\/\/www.europesays.com\/pl\/wp-json\/wp\/v2\/types\/post"}],"author":[{"embeddable":true,"href":"https:\/\/www.europesays.com\/pl\/wp-json\/wp\/v2\/users\/2"}],"replies":[{"embeddable":true,"href":"https:\/\/www.europesays.com\/pl\/wp-json\/wp\/v2\/comments?post=641860"}],"version-history":[{"count":0,"href":"https:\/\/www.europesays.com\/pl\/wp-json\/wp\/v2\/posts\/641860\/revisions"}],"wp:featuredmedia":[{"embeddable":true,"href":"https:\/\/www.europesays.com\/pl\/wp-json\/wp\/v2\/media\/641861"}],"wp:attachment":[{"href":"https:\/\/www.europesays.com\/pl\/wp-json\/wp\/v2\/media?parent=641860"}],"wp:term":[{"taxonomy":"category","embeddable":true,"href":"https:\/\/www.europesays.com\/pl\/wp-json\/wp\/v2\/categories?post=641860"},{"taxonomy":"post_tag","embeddable":true,"href":"https:\/\/www.europesays.com\/pl\/wp-json\/wp\/v2\/tags?post=641860"}],"curies":[{"name":"wp","href":"https:\/\/api.w.org\/{rel}","templated":true}]}}