{"id":641870,"date":"2026-08-23T21:23:14","date_gmt":"2026-08-23T21:23:14","guid":{"rendered":"https:\/\/www.europesays.com\/pl\/641870\/"},"modified":"2026-08-23T21:23:14","modified_gmt":"2026-08-23T21:23:14","slug":"zawodnik-widzewa-lodz-zdyskwalifikowany","status":"publish","type":"post","link":"https:\/\/www.europesays.com\/pl\/641870\/","title":{"rendered":"Zawodnik Widzewa \u0141\u00f3d\u017a zdyskwalifikowany"},"content":{"rendered":"\n<p class=\"contentpart contentpart--default contentpart--text\" data-position=\"0\">Upomnienia w 5. kolejce:<\/p>\n<p class=\"contentpart contentpart--default contentpart--text\" data-position=\"1\">\u017b\u00f3\u0142te kartki:\u00a0Wieteska (Wieczysta),\u00a0Rubezi\u0107, Jakubczyk, Fassbender, D\u0142ugosz (Korona), Aiko, N&#8217;Diaye, Rodrigues, Meyer (Motor),\u00a0Rivas, Lima, Katsantonis (Piast), Deziel (Legia),\u00a0Rosiak, Tomasiewicz, Shabani (\u015al\u0105sk), Kapuadi, Selahi, \u017byro (Widzew),\u00a0Tapsoba (Radomiak), D\u0105browski, Grzybek (Zag\u0142\u0119bie),\u00a0Wasielewski (GKS), Gallapeni (Wis\u0142a P.),\u00a0Keram\u00edtsis, Dziczek, Grosicki (Pogo\u0144), Sanchez, Maisonneuve (Wis\u0142a K.).<\/p>\n<p>  <img decoding=\"async\" src=\"https:\/\/v.wpimg.pl\/X3dwLnN2d1IFFTpdYUl6R0ZNbgcnEHQREVV2TGEGbUtRT2MdOlZ2RBQUKABgQjQcDRotCStBd1IAAWMeIlM7VgwYIAorQAdEFFk_GCkQJQ\" alt=\"\" width=\"45\" height=\"58\" loading=\"lazy\"\/>  <\/p>\n<p class=\"contentpart contentpart--default contentpart--text\" data-position=\"2\">Czerwone kartki:\u00a0Wi\u015bniewski (Widzew).<\/p>\n<p class=\"contentpart contentpart--default contentpart--text\" data-position=\"3\"><a href=\"https:\/\/sportowefakty.wp.pl\/pilka-nozna\/cracovia\" rel=\"nofollow noopener\" target=\"_blank\">Cracovia<\/a>:<br \/>\u017b\u00f3\u0142te kartki:\u00a0Al-Ammari, Hasi\u0107, Henriksson, Kameri 2, Klich 2, Marchwi\u0144ski<br \/>Czerwone kartki: &#8211;<\/p>\n<p class=\"contentpart contentpart--default contentpart--text\" data-position=\"4\"><a href=\"https:\/\/sportowefakty.wp.pl\/pilka-nozna\/gornik-zabrze\" rel=\"nofollow noopener\" target=\"_blank\">G\u00f3rnik Zabrze<\/a>:<br \/>\u017b\u00f3\u0142te kartki: Dietz, Gonzalez 2, Josema, Liseth 3, Massimo, Schulze<br \/>Czerwone kartki: Liseth<\/p>\n<p class=\"contentpart contentpart--default contentpart--text\" data-position=\"5\"><a href=\"https:\/\/sportowefakty.wp.pl\/pilka-nozna\/gks-katowice\" rel=\"nofollow noopener\" target=\"_blank\">GKS Katowice<\/a>:<br \/>\u017b\u00f3\u0142te kartki: Czerwi\u0144ski, Galan, Klemenz 3, \u0141ukasiak, Resta, Wasielewski 2, W\u0119drychowski<br \/>Czerwone kartki: &#8211;<\/p>\n<p class=\"contentpart contentpart--default contentpart--text\" data-position=\"6\"><a href=\"https:\/\/sportowefakty.wp.pl\/pilka-nozna\/jagiellonia-bialystok\" rel=\"nofollow noopener\" target=\"_blank\">Jagiellonia Bia\u0142ystok<\/a>:<br \/>\u017b\u00f3\u0142te kartki:\u00a0Agbonifo, Guilherem, J\u00f3\u017awiak, Konstantopoulos, Montoia 2, Prelec, Vital<br \/>Czerwone kartki: &#8211;<\/p>\n<p>  <img decoding=\"async\" src=\"https:\/\/v.wpimg.pl\/X3dwLnN2d1IFFTpdYUl6R0ZNbgcnEHQREVV2TGEGbUtRT2MdOlZ2RBQUKABgQjQcDRotCStBd1IAAWMeIlM7VgwYIAorQAdEFFk_GCkQJQ\" alt=\"\" width=\"45\" height=\"58\" loading=\"lazy\"\/>  <\/p>\n<p class=\"contentpart contentpart--default contentpart--text\" data-position=\"7\">ZOBACZ WIDEO: &#8222;Skuteczni do b\u00f3lu&#8221;. Tak podsumowa\u0142 efektowne zwyci\u0119stwo Lecha<\/p>\n<p class=\"contentpart contentpart--default contentpart--text\" data-position=\"9\"><a href=\"https:\/\/sportowefakty.wp.pl\/pilka-nozna\/korona-kielce\" rel=\"nofollow noopener\" target=\"_blank\">Korona Kielce<\/a>:<br \/>\u017b\u00f3\u0142te kartki:\u00a0D\u0142ugosz 2, Hellebrand, Jakubczyk, Rubezi\u0107, Fassbender<br \/>Czerwone kartki: &#8211;<\/p>\n<p class=\"contentpart contentpart--default contentpart--text\" data-position=\"10\"><a href=\"https:\/\/sportowefakty.wp.pl\/pilka-nozna\/lech-poznan\" rel=\"nofollow noopener\" target=\"_blank\">Lech Pozna\u0144<\/a>:<br \/>\u017b\u00f3\u0142te kartki: Ishak, Pereira<br \/>Czerwone kartki: &#8211;<\/p>\n<p class=\"contentpart contentpart--default contentpart--text\" data-position=\"11\"><a href=\"https:\/\/sportowefakty.wp.pl\/pilka-nozna\/legia-warszawa\" rel=\"nofollow noopener\" target=\"_blank\">Legia Warszawa<\/a>:<br \/>\u017b\u00f3\u0142te kartki: Adamski, Deziel, Kapustka, Urba\u0144ski<br \/>Czerwone kartki: &#8211;<\/p>\n<p class=\"contentpart contentpart--default contentpart--text\" data-position=\"12\"><a href=\"https:\/\/sportowefakty.wp.pl\/pilka-nozna\/motor-lublin\" rel=\"nofollow noopener\" target=\"_blank\">Motor Lublin<\/a>:<br \/>\u017b\u00f3\u0142te kartki: Aiko, Bartos, Bereszy\u0144ski, Bourhane, Luberecki, Meyer 2, N&#8217;Diaye, Rodrigues, Ronaldo, Simon<br \/>Czerwone kartki: &#8211;<\/p>\n<p>  <img decoding=\"async\" src=\"https:\/\/v.wpimg.pl\/X3dwLnN2d1IFFTpdYUl6R0ZNbgcnEHQREVV2TGEGbUtRT2MdOlZ2RBQUKABgQjQcDRotCStBd1IAAWMeIlM7VgwYIAorQAdEFFk_GCkQJQ\" alt=\"\" width=\"45\" height=\"58\" loading=\"lazy\"\/>  <\/p>\n<p class=\"contentpart contentpart--default contentpart--text\" data-position=\"13\"><a href=\"https:\/\/sportowefakty.wp.pl\/pilka-nozna\/piast-gliwice\" rel=\"nofollow noopener\" target=\"_blank\">Piast Gliwice<\/a>:<br \/>\u017b\u00f3\u0142te kartki: Boisgard, Drapi\u0144ski, Katsantonis, Le\u015bniak, Lima, \u0141abojko, Rivas, Twumasi, Sanca<br \/>Czerwone kartki: &#8211;<\/p>\n<p class=\"contentpart contentpart--default contentpart--text\" data-position=\"14\"><a href=\"https:\/\/sportowefakty.wp.pl\/pilka-nozna\/pogon-szczecin\" rel=\"nofollow noopener\" target=\"_blank\">Pogo\u0144 Szczecin<\/a>:<br \/>\u017b\u00f3\u0142te kartki:\u00a0Borges, Dziczek, Grosicki, Keram\u00edtsis 2, Wahlqvist<br \/>Czerwone kartki: &#8211;<\/p>\n<p class=\"contentpart contentpart--default contentpart--text\" data-position=\"15\"><a href=\"https:\/\/sportowefakty.wp.pl\/pilka-nozna\/radomiak-radom\" rel=\"nofollow noopener\" target=\"_blank\">Radomiak Radom<\/a>:<br \/>\u017b\u00f3\u0142te kartki: Camara, Conrado 2, Dieguez 3, Donis 2, Goure, Luquinhas, Ouattara, Tapsoba 3, Wolski<br \/>Czerwone kartki: &#8211;<\/p>\n<p class=\"contentpart contentpart--default contentpart--text\" data-position=\"16\"><a href=\"https:\/\/sportowefakty.wp.pl\/pilka-nozna\/rakow-czestochowa\" rel=\"nofollow noopener\" target=\"_blank\">Rak\u00f3w Cz\u0119stochowa<\/a>:<br \/>\u017b\u00f3\u0142te kartki: Debohi 2, Racovitan, Tudor<br \/>Czerwone kartki: &#8211;<\/p>\n<p class=\"contentpart contentpart--default contentpart--text\" data-position=\"17\"><a href=\"https:\/\/sportowefakty.wp.pl\/pilka-nozna\/slask-wroclaw\" rel=\"nofollow noopener\" target=\"_blank\">\u015al\u0105sk Wroc\u0142aw<\/a>:<br \/>\u017b\u00f3\u0142te kartki: Ba, Llinares, Rosiak, Shabani, Tomasiewicz 2, Yriarte<br \/>Czerwone kartki: Ba<\/p>\n<p>  <img decoding=\"async\" src=\"https:\/\/v.wpimg.pl\/X3dwLnN2d1IFFTpdYUl6R0ZNbgcnEHQREVV2TGEGbUtRT2MdOlZ2RBQUKABgQjQcDRotCStBd1IAAWMeIlM7VgwYIAorQAdEFFk_GCkQJQ\" alt=\"\" width=\"45\" height=\"58\" loading=\"lazy\"\/>  <\/p>\n<p class=\"contentpart contentpart--default contentpart--text\" data-position=\"18\"><a href=\"https:\/\/sportowefakty.wp.pl\/pilka-nozna\/widzew-lodz\" rel=\"nofollow noopener\" target=\"_blank\">Widzew \u0141\u00f3d\u017a<\/a>:<br \/>\u017b\u00f3\u0142te kartki: Alvarez, Bergier, Boia, Cheng, Fornalczyk, Kapuadi 2, Kornvig, Krajewski, Papanikolaou, Selahi, Shehu 2, \u015awiderski, \u017byro<br \/>Czerwone kartki:\u00a0Wi\u015bniewski<\/p>\n<p class=\"contentpart contentpart--default contentpart--text\" data-position=\"19\"><a href=\"https:\/\/sportowefakty.wp.pl\/pilka-nozna\/wieczysta-krakow\" rel=\"nofollow noopener\" target=\"_blank\">Wieczysta Krak\u00f3w<\/a>:<br \/>\u017b\u00f3\u0142te kartki: Christensen, Dermanovi\u0107, Dujmovi\u0107, Lederman, Maigaard, Piazon, Wieteska, Villar, Vojtko<br \/>Czerwone kartki: Maigaard<\/p>\n<p class=\"contentpart contentpart--default contentpart--text\" data-position=\"20\"><a href=\"https:\/\/sportowefakty.wp.pl\/pilka-nozna\/wisla-krakow\" rel=\"nofollow noopener\" target=\"_blank\">Wis\u0142a Krak\u00f3w<\/a>:<br \/>\u017b\u00f3\u0142te kartki: Duda, Ertlthaler, Maisonneuve 3, Omi\u0107, Sanchez, Uryga 2<br \/>Czerwone kartki: &#8211;<\/p>\n<p class=\"contentpart contentpart--default contentpart--text\" data-position=\"21\"><a href=\"https:\/\/sportowefakty.wp.pl\/pilka-nozna\/wisla-plock\" rel=\"nofollow noopener\" target=\"_blank\">Wis\u0142a P\u0142ock<\/a>:<br \/>\u017b\u00f3\u0142te kartki: Flis, Gallapeni, Haglind-Sangre, Kobacki, Pacheco, Prsir 2<br \/>Czerwone kartki: &#8211;<\/p>\n<p>  <img decoding=\"async\" src=\"https:\/\/v.wpimg.pl\/X3dwLnN2d1IFFTpdYUl6R0ZNbgcnEHQREVV2TGEGbUtRT2MdOlZ2RBQUKABgQjQcDRotCStBd1IAAWMeIlM7VgwYIAorQAdEFFk_GCkQJQ\" alt=\"\" width=\"45\" height=\"58\" loading=\"lazy\"\/>  <\/p>\n<p class=\"contentpart contentpart--default contentpart--text\" data-position=\"22\"><a href=\"https:\/\/sportowefakty.wp.pl\/pilka-nozna\/zaglebie-lubin\" rel=\"nofollow noopener\" target=\"_blank\">KGHM Zag\u0142\u0119bie Lubin<\/a>:<br \/>\u017b\u00f3\u0142te kartki: D\u0105browski, Grzybek, Regu\u0142a, Szabo, Szymczak<br \/>Czerwone kartki: &#8211;<\/p>\n<p class=\"contentpart contentpart--default contentpart--text\" data-position=\"23\">Pauzuj\u0105 w 6. kolejce:\u00a0Wi\u015bniewski (Widzew) &#8211; za czerwon\u0105 kartk\u0119.<\/p>\n<p class=\"contentpart contentpart--default contentpart--text\" data-position=\"24\">Zagro\u017ceni pauz\u0105:\u00a0Dieguez (Radomiak), Klemenz (GKS), Liseth (G\u00f3rnik), Maisonneuve (Wis\u0142a K.), Tapsoba (Radomiak) &#8211; 3 \u017c\u00f3\u0142te kartki.<\/p>\n","protected":false},"excerpt":{"rendered":"Upomnienia w 5. kolejce: \u017b\u00f3\u0142te kartki:\u00a0Wieteska (Wieczysta),\u00a0Rubezi\u0107, Jakubczyk, Fassbender, D\u0142ugosz (Korona), Aiko, N&#8217;Diaye, Rodrigues, Meyer (Motor),\u00a0Rivas, Lima, Katsantonis&hellip;\n","protected":false},"author":2,"featured_media":641871,"comment_status":"","ping_status":"","sticky":false,"template":"","format":"standard","meta":{"footnotes":"","_share_on_mastodon":"0"},"categories":[51608],"tags":[2398,2570,4979,2615,3548,125889,2908,215,713,3652,3364,2810,269,1724,42,1111,38,40,39,41,2167,2369,697,4065,3651,5810,2614],"class_list":["post-641870","post","type-post","status-publish","format-standard","has-post-thumbnail","category-lodz","tag-cracovia","tag-gks-katowice","tag-gornik-zabrze","tag-jagiellonia-bialystok","tag-kghm-zaglebie-lubin","tag-klasyfikacja-fair-play-ekstraklasa","tag-korona-kielce","tag-lech-poznan","tag-legia-warszawa","tag-lodz","tag-motor-lublin","tag-piast-gliwice","tag-pilka-nozna","tag-pko-ekstraklasa","tag-pl","tag-pogon-szczecin","tag-poland","tag-polish","tag-polska","tag-polski","tag-radomiak-radom","tag-rakow-czestochowa","tag-slask-wroclaw","tag-widzew-lodz","tag-wieczysta-krakow","tag-wisla-krakow","tag-wisla-plock"],"share_on_mastodon":{"url":"https:\/\/pubeurope.com\/@pl\/117146931933163585","error":""},"_links":{"self":[{"href":"https:\/\/www.europesays.com\/pl\/wp-json\/wp\/v2\/posts\/641870","targetHints":{"allow":["GET"]}}],"collection":[{"href":"https:\/\/www.europesays.com\/pl\/wp-json\/wp\/v2\/posts"}],"about":[{"href":"https:\/\/www.europesays.com\/pl\/wp-json\/wp\/v2\/types\/post"}],"author":[{"embeddable":true,"href":"https:\/\/www.europesays.com\/pl\/wp-json\/wp\/v2\/users\/2"}],"replies":[{"embeddable":true,"href":"https:\/\/www.europesays.com\/pl\/wp-json\/wp\/v2\/comments?post=641870"}],"version-history":[{"count":0,"href":"https:\/\/www.europesays.com\/pl\/wp-json\/wp\/v2\/posts\/641870\/revisions"}],"wp:featuredmedia":[{"embeddable":true,"href":"https:\/\/www.europesays.com\/pl\/wp-json\/wp\/v2\/media\/641871"}],"wp:attachment":[{"href":"https:\/\/www.europesays.com\/pl\/wp-json\/wp\/v2\/media?parent=641870"}],"wp:term":[{"taxonomy":"category","embeddable":true,"href":"https:\/\/www.europesays.com\/pl\/wp-json\/wp\/v2\/categories?post=641870"},{"taxonomy":"post_tag","embeddable":true,"href":"https:\/\/www.europesays.com\/pl\/wp-json\/wp\/v2\/tags?post=641870"}],"curies":[{"name":"wp","href":"https:\/\/api.w.org\/{rel}","templated":true}]}}