{"id":641926,"date":"2026-08-23T22:02:14","date_gmt":"2026-08-23T22:02:14","guid":{"rendered":"https:\/\/www.europesays.com\/pl\/641926\/"},"modified":"2026-08-23T22:02:14","modified_gmt":"2026-08-23T22:02:14","slug":"korupcja-w-otoczeniu-wolodymyra-zelenskiego-mychajlo-fedorow-apeluje-o-przesluchanie-prezydenta","status":"publish","type":"post","link":"https:\/\/www.europesays.com\/pl\/641926\/","title":{"rendered":"Korupcja w otoczeniu Wo\u0142odymyra Ze\u0142enskiego. Mychaj\u0142o Fedorow apeluje o przes\u0142uchanie prezydenta"},"content":{"rendered":"<p><a href=\"https:\/\/wiadomosci.onet.pl\/swiat\/mychajlo-fedorow-nie-bedzie-juz-ministrem-obrony-ukrainy-w-tle-spor-z-armia\/qe5l7w7\" id=\"f75437f1-f887-471c-ae62-b72d51791fe3\" rel=\"nofollow noopener\" target=\"_blank\">W po\u0142owie lipca br. Mychaj\u0142o Fedorow zosta\u0142 odwo\u0142any przez Wo\u0142odymyra Ze\u0142enskiego ze stanowiska ministra obrony Ukrainy w zwi\u0105zku z trwaj\u0105c\u0105 w\u00f3wczas rekonstrukcj\u0105 rz\u0105du<\/a>. W swoim po\u017cegnalnym o\u015bwiadczeniu powo\u0142a\u0142 si\u0119 na nierozwi\u0105zane napi\u0119cia z dow\u00f3dztwem wojskowym i niedoko\u0144czone reformy. Decyzja o jego dymisji wywo\u0142a\u0142a du\u017ce protesty w Kijowie i w innych miastach Ukrainy.<\/p>\n<p>Mychaj\u0142o Fedorow w najnowszej rozmowie z BBC stwierdzi\u0142, \u017ce je\u015bli chodzi o afer\u0119 korupcyjn\u0105 w\u015br\u00f3d os\u00f3b z najbli\u017cszego otoczenia prezydenta Ukrainy, to \u015bledczy powinni zapyta\u0107 o ni\u0105 samego Wo\u0142odymyra Ze\u0142enskiego. Jego zdaniem polityk ma obowi\u0105zek odpowiedzie\u0107, czy mia\u0142 jakiekolwiek informacje o tym procederze. By\u0142y minister obrony narodowej Ukrainy zaznaczy\u0142 przy tym, \u017ce sam nigdy nie by\u0142 \u015bwiadkiem \u017cadnych dzia\u0142a\u0144 ze strony prezydenta, kt\u00f3re nosi\u0142yby znamiona korupcji.<\/p>\n<blockquote class=\"ods-o-quote\">\n<p class=\"ods-o-quote__paragraph\">Przez ca\u0142y czas, kiedy z nim wsp\u00f3\u0142pracowa\u0142em, ani razu nie otrzyma\u0142em od niego \u017cadnego zadania ani zlecenia, kt\u00f3re by\u0142oby sprzeczne z prawem lub moim poczuciem uczciwo\u015bci<\/p>\n<\/blockquote>\n<p>\u2014 zapewni\u0142 w rozmowie z BBC Mychaj\u0142o Fiedorow.<\/p>\n<p>Dalszy ci\u0105g artyku\u0142u pod materia\u0142em wideoMychaj\u0142o Fedorow apeluje o wybory w Ukrainie<\/p>\n<p>W rozmowie z BBC by\u0142y minister obrony Ukrainy ponowi\u0142 sw\u00f3j apel o przeprowadzenie wybor\u00f3w w Ukrainie mimo trwaj\u0105cej wojny z Rosj\u0105. Jego pierwsza odezwa spotka\u0142a si\u0119 z powszechnym sprzeciwem.<\/p>\n<p>Od czasu pe\u0142nej inwazji Rosji w 2022 r. w Ukrainie obowi\u0105zuje stan wojenny, co oznacza zawieszenie wybor\u00f3w. W maju 2024 r. zako\u0144czy\u0142a si\u0119 pi\u0119cioletnia kadencja prezydencka Wo\u0142odymyra Ze\u0142enskiego.<\/p>\n<p>Ukraina zada\u0142a cios w serce Rosji: rolnictwo. Interesy klan\u00f3w Putina zagro\u017cone. &#8222;Wielu nie przetrwa&#8221;<img class=\"ods-a-photo ods-a-photo--background\" src=\"https:\/\/www.europesays.com\/pl\/wp-content\/uploads\/2026\/08\/1787522534_826_128k9lBaHR0cHM6Ly9vY2RuLmV1L3B1bHNjbXMvTURBXy81NzYxMGJmOWQ2N2NjOTcwNzMwY2Q2OGMyZDQ2NjBhMS5qcGeRlQLNA.jpeg\" height=\"253\" width=\"450\" alt=\"Pole zbo\u017cowe na pocz\u0105tku sezonu \u017cniwnego w obwodzie rostowskim na po\u0142udniu Rosji, 14 lipca 2026 r.; po prawej stronie W\u0142adimir Putin\" loading=\"lazy\" fetchpriority=\"low\" decoding=\"async\"\/><\/p>\n<p>Prezydent Ukrainy w opublikowanym w niedziel\u0119 o\u015bwiadczeniu stwierdzi\u0142, \u017ce przeprowadzenie wybor\u00f3w w czasie wojny z Rosj\u0105 by\u0142oby dla Ukrainy &#8222;zbyt niebezpieczne&#8221;.<\/p>\n<blockquote class=\"ods-o-quote\">\n<p class=\"ods-o-quote__paragraph\">Uwa\u017cam, \u017ce wybory przeprowadzone w trakcie wojny same w sobie stanowi\u0105 ogromne ryzyko. Sta\u0142yby si\u0119 dla kraju tsunami, kt\u00f3re podzieli\u0142oby Ukrain\u0119<\/p>\n<\/blockquote>\n<p>\u2014 stwierdzi\u0142 Wo\u0142odymyr Ze\u0142enski.<\/p>\n<p>Na koniec rozmowy z BBC Mychaj\u0142o Fedorow zaprzeczy\u0142, jakoby mia\u0142 obecnie ambicje polityczne. Nie wykluczy\u0142 jednak ubiegania si\u0119 o urz\u0105d prezydenta w przysz\u0142o\u015bci.<\/p>\n","protected":false},"excerpt":{"rendered":"W po\u0142owie lipca br. Mychaj\u0142o Fedorow zosta\u0142 odwo\u0142any przez Wo\u0142odymyra Ze\u0142enskiego ze stanowiska ministra obrony Ukrainy w zwi\u0105zku&hellip;\n","protected":false},"author":2,"featured_media":641927,"comment_status":"","ping_status":"","sticky":false,"template":"","format":"standard","meta":{"footnotes":"","_share_on_mastodon":"0"},"categories":[14],"tags":[61195,32,33,27,2882,34,35,28,31,48,25,46,40,41,47,80,29,30,415,26,309,82,83,84],"class_list":["post-641926","post","type-post","status-publish","format-standard","has-post-thumbnail","category-swiat","tag-bottomfeed_styl","tag-breaking-news","tag-breakingnews","tag-headlines","tag-korupcja","tag-latest-news","tag-latestnews","tag-naglowki","tag-najwazniejsze-artykuly","tag-nat_styl","tag-news","tag-omp","tag-polish","tag-polski","tag-screening_general","tag-swiat","tag-top-stories","tag-topstories","tag-ukraina","tag-wiadomosci","tag-wolodymyr_zelenski","tag-world","tag-world-news","tag-worldnews"],"share_on_mastodon":{"url":"https:\/\/pubeurope.com\/@pl\/117147085181845640","error":""},"_links":{"self":[{"href":"https:\/\/www.europesays.com\/pl\/wp-json\/wp\/v2\/posts\/641926","targetHints":{"allow":["GET"]}}],"collection":[{"href":"https:\/\/www.europesays.com\/pl\/wp-json\/wp\/v2\/posts"}],"about":[{"href":"https:\/\/www.europesays.com\/pl\/wp-json\/wp\/v2\/types\/post"}],"author":[{"embeddable":true,"href":"https:\/\/www.europesays.com\/pl\/wp-json\/wp\/v2\/users\/2"}],"replies":[{"embeddable":true,"href":"https:\/\/www.europesays.com\/pl\/wp-json\/wp\/v2\/comments?post=641926"}],"version-history":[{"count":0,"href":"https:\/\/www.europesays.com\/pl\/wp-json\/wp\/v2\/posts\/641926\/revisions"}],"wp:featuredmedia":[{"embeddable":true,"href":"https:\/\/www.europesays.com\/pl\/wp-json\/wp\/v2\/media\/641927"}],"wp:attachment":[{"href":"https:\/\/www.europesays.com\/pl\/wp-json\/wp\/v2\/media?parent=641926"}],"wp:term":[{"taxonomy":"category","embeddable":true,"href":"https:\/\/www.europesays.com\/pl\/wp-json\/wp\/v2\/categories?post=641926"},{"taxonomy":"post_tag","embeddable":true,"href":"https:\/\/www.europesays.com\/pl\/wp-json\/wp\/v2\/tags?post=641926"}],"curies":[{"name":"wp","href":"https:\/\/api.w.org\/{rel}","templated":true}]}}