{"id":641958,"date":"2026-08-23T22:34:19","date_gmt":"2026-08-23T22:34:19","guid":{"rendered":"https:\/\/www.europesays.com\/pl\/641958\/"},"modified":"2026-08-23T22:34:19","modified_gmt":"2026-08-23T22:34:19","slug":"od-jutra-w-biedronce-45-gratis-limit-dzienny-27-szt-na-klienta-rmf-fm","status":"publish","type":"post","link":"https:\/\/www.europesays.com\/pl\/641958\/","title":{"rendered":"Od jutra w Biedronce \u201e4+5 gratis\u201d. Limit dzienny: 27 szt. na klienta :: RMF FM"},"content":{"rendered":"<p>W poniedzia\u0142ek w Biedronce si\u0119 zacznie. Od 24 sierpnia sie\u0107 rusza z du\u017cymi promocjami, w\u015br\u00f3d kt\u00f3rych uwag\u0119 przykuwa zw\u0142aszcza kusz\u0105ca oferta \u201e4+5 gratis\u201d. Je\u015bli we\u017amie si\u0119 dziewi\u0119\u0107 produkt\u00f3w, zap\u0142aci si\u0119 tylko jak za cztery, a pi\u0119\u0107 ma by\u0107 w gratisie. To jednak dopiero pocz\u0105tek okazji, jakie w\u0142a\u015bnie zapowiedziano.<\/p>\n<p><img decoding=\"async\" alt=\"\" src=\"https:\/\/www.europesays.com\/pl\/wp-content\/uploads\/2026\/08\/1787524459_172_od-poniedzialku-24-sierpnia-w-biedronce-1200x800-e6a6450e.jpg\" class=\"w-100\"\/><\/p>\n<p>Od poniedzia\u0142ku 24 sierpnia w Biedronce, \u017ar\u00f3d\u0142o: Shutterstock<\/p>\n<p><a href=\"https:\/\/www.rmf.fm\/magazyn\/tag,Biedronka.html\" target=\"_blank\" rel=\"noopener noreferrer nofollow\" style=\"color:var(--rmf-navy-color);text-decoration:underline\">Biedronka<\/a> \u2013 od 24 sierpnia<\/p>\n<p>Nowy tydzie\u0144 przyniesie w Biedronce zatrz\u0119sienie nowych okazji. Tu\u017c przed pocz\u0105tkiem roku szkolnego sie\u0107 zamierza wprowadzi\u0107 m.in. wielk\u0105 wyprzeda\u017c \u201e4+5 gratis\u201d na ca\u0142e kategorie produkt\u00f3w: artyku\u0142y pi\u015bmiennicze, plastyczne, papiernicze, akcesoria szkolne, pi\u00f3rniki, plecaki i worki. Oferta b\u0119dzie aktualna w dniach 24-26 sierpnia pozwoli uzyska\u0107 z kontem Moja Biedronka nawet 15 gratis\u00f3w dziennie. Biedronka zastrzega jedynie, \u017ce z promocji wy\u0142\u0105czone s\u0105 marki Vans, Adidas i Fila, a tak\u017ce papier ksero, ksi\u0105\u017cki, bidony, lunchboxy, meble i lampki szkolne.<\/p>\n<p>Od poniedzia\u0142ku akcji z gratisami w Biedronce ma by\u0107 zdecydowanie wi\u0119cej. W ramach obowi\u0105zuj\u0105cej do \u015brody w\u0142\u0105cznie gazetki stali klienci skorzystaj\u0105 r\u00f3wnie\u017c m.in. z \u201e6+6 gratis\u201d na wk\u0142ady olejowe do zniczy Lumia, 240 g, \u201e3+3 gratis\u201d na wszystkie przysmaki dla psa Pedigree, \u201e1+1 gratis\u201d na wszystkie perfumy Made in Lab, \u201e1+1 gratis\u201d na du\u017ce czekolady Milka, \u201e1+1 gratis\u201d na ca\u0142\u0105 mark\u0119 Lenor, \u201e1+1 gratis\u201d na wszystkie kosmetyki Axe czy \u201e1+1 gratis\u201d na dezodoranty Dove. Podobnych promocji nie zabraknie w konkurencyjnym Lidlu, kt\u00f3ry zapowiada m.in. \u201e6+6 gratis\u201d czy \u201e2+2 gratis\u201d:<\/p>\n<p>Zobacz tak\u017ce<\/p>\n<p><a href=\"https:\/\/www.rmf.fm\/styl-zycia\/news,n1014772,od-jutra-w-lidlu-66-gratis-i-22-gratis-to-dopiero-poczatek.html\" target=\"_blank\" rel=\"noopener noreferrer nofollow\" style=\"color:var(--rmf-navy-color);text-decoration:underline\"><img decoding=\"async\" src=\"https:\/\/www.europesays.com\/pl\/wp-content\/uploads\/2026\/08\/od-poniedzialku-w-lidlu-nowe-promocje-1200x800-250e308d.jpg\" width=\"290\" alt=\"\"\/><\/a><a href=\"https:\/\/www.rmf.fm\/styl-zycia\/news,n1014772,od-jutra-w-lidlu-66-gratis-i-22-gratis-to-dopiero-poczatek.html\" target=\"_blank\" rel=\"noopener noreferrer nofollow\" style=\"color:var(--rmf-navy-color);text-decoration:underline\">Od jutra w Lidlu. \u201e6+6 gratis\u201d i \u201e2+2 gratis\u201d to dopiero pocz\u0105tek<\/a><\/p>\n<p>W poniedzia\u0142ek 24 sierpnia do Lidla zawitaj\u0105 nowe promocje. W\u015br\u00f3d nich warto zwr\u00f3ci\u0107 uwag\u0119 m.in. na du\u017c\u0105 akcj\u0119 \u201e6+6 gratis\u201d czy ofert\u0119 \u201e2+2 gratis\u201d, kt\u00f3ra nie tylko b\u0119dzie kierowana do wszystkich bez wyj\u0105tku, ale te\u017c ma nie posiada\u0107 \u017cadnych limit\u00f3w.\u2026<\/p>\n<p>Biedronka \u2013 nowe promocje<\/p>\n<p>Wiele nowych okazji w Biedronce nie b\u0119dzie te\u017c wymaga\u0142o u\u017cywania ani aplikacji, ani fizycznej karty lojalno\u015bciowej. W\u015br\u00f3d nich maj\u0105 by\u0107 m.in. nielimitowane \u201e4+4 gratis\u201d na wszystkie musy Kubu\u015b Baby, \u201e2+2 gratis\u201d na ciastka Kruszynki i Listki marki Bonitki, \u201e1+1 gratis\u201d na selera naciowego, \u201e1+1 gratis\u201d na figi na sztuki czy \u201e1+1 gratis\u201d na polskie je\u017cyny pakowane po 125 g.<\/p>\n<p>Z kontem MB warto r\u00f3wnie\u017c zwr\u00f3ci\u0107 uwag\u0119 m.in. na imponuj\u0105c\u0105, a\u017c 71-procentow\u0105 przecen\u0119 na lody \u2013 rurki \u015bmietankowe Marletto. Biedronka pozwoli wzi\u0105\u0107 w cenie 0,99 z\u0142 zamiast 3,49 z\u0142 nawet osiem dziennie. Za okr\u0105g\u0142\u0105 z\u0142ot\u00f3wk\u0119 wyjdzie za\u015b np. drugi p\u0142yn do mycia naczy\u0144 Fairy, 750 ml czy drugi krem z orzeszk\u00f3w ziemnych Go Vege, 500 g. Ceny regularne wynosz\u0105 tu odpowiednio 12,49 z\u0142 oraz 13,49 z\u0142, mo\u017cna wi\u0119c solidnie zaoszcz\u0119dzi\u0107.<\/p>\n","protected":false},"excerpt":{"rendered":"W poniedzia\u0142ek w Biedronce si\u0119 zacznie. Od 24 sierpnia sie\u0107 rusza z du\u017cymi promocjami, w\u015br\u00f3d kt\u00f3rych uwag\u0119 przykuwa&hellip;\n","protected":false},"author":2,"featured_media":641959,"comment_status":"","ping_status":"","sticky":false,"template":"","format":"standard","meta":{"footnotes":"","_share_on_mastodon":"0"},"categories":[16],"tags":[1528,1533,1531,113,112,42,38,40,39,41,862],"class_list":["post-641958","post","type-post","status-publish","format-standard","has-post-thumbnail","category-biznes","tag-biedronka","tag-biedronka-gazetka","tag-biedronka-promocje","tag-biznes","tag-business","tag-pl","tag-poland","tag-polish","tag-polska","tag-polski","tag-promocje"],"share_on_mastodon":{"url":"https:\/\/pubeurope.com\/@pl\/117147210801825652","error":""},"_links":{"self":[{"href":"https:\/\/www.europesays.com\/pl\/wp-json\/wp\/v2\/posts\/641958","targetHints":{"allow":["GET"]}}],"collection":[{"href":"https:\/\/www.europesays.com\/pl\/wp-json\/wp\/v2\/posts"}],"about":[{"href":"https:\/\/www.europesays.com\/pl\/wp-json\/wp\/v2\/types\/post"}],"author":[{"embeddable":true,"href":"https:\/\/www.europesays.com\/pl\/wp-json\/wp\/v2\/users\/2"}],"replies":[{"embeddable":true,"href":"https:\/\/www.europesays.com\/pl\/wp-json\/wp\/v2\/comments?post=641958"}],"version-history":[{"count":0,"href":"https:\/\/www.europesays.com\/pl\/wp-json\/wp\/v2\/posts\/641958\/revisions"}],"wp:featuredmedia":[{"embeddable":true,"href":"https:\/\/www.europesays.com\/pl\/wp-json\/wp\/v2\/media\/641959"}],"wp:attachment":[{"href":"https:\/\/www.europesays.com\/pl\/wp-json\/wp\/v2\/media?parent=641958"}],"wp:term":[{"taxonomy":"category","embeddable":true,"href":"https:\/\/www.europesays.com\/pl\/wp-json\/wp\/v2\/categories?post=641958"},{"taxonomy":"post_tag","embeddable":true,"href":"https:\/\/www.europesays.com\/pl\/wp-json\/wp\/v2\/tags?post=641958"}],"curies":[{"name":"wp","href":"https:\/\/api.w.org\/{rel}","templated":true}]}}