{"id":641966,"date":"2026-08-23T22:43:20","date_gmt":"2026-08-23T22:43:20","guid":{"rendered":"https:\/\/www.europesays.com\/pl\/641966\/"},"modified":"2026-08-23T22:43:20","modified_gmt":"2026-08-23T22:43:20","slug":"pko-bp-ekstraklasa-kolejka-wynikowych-kompromisow-cksport-pl-sport-kielce-korona-kielce","status":"publish","type":"post","link":"https:\/\/www.europesays.com\/pl\/641966\/","title":{"rendered":"[PKO BP Ekstraklasa] Kolejka wynikowych kompromis\u00f3w &#8211; CKsport.pl &#8211; Sport Kielce | Korona Kielce"},"content":{"rendered":"<p>Za nami ostatnia niepe\u0142na kolejka PKO BP Ekstraklasy! W siedmiu spotkaniach 5. serii gier kibice byli \u015bwiadkami a\u017c pi\u0119ciu podzia\u0142\u00f3w punkt\u00f3w.<\/p>\n<p>Cracovia pokona\u0142a Wieczyst\u0105 Krak\u00f3w 3:2. Go\u015bcie obj\u0119li prowadzenie w \u201eMa\u0142ych Derbach Krakowa\u201d ju\u017c 13. minucie po trafieniu Mateusza Wieteski, a przed przerw\u0105 do wyr\u00f3wnania doprowadzi\u0142 Mauro Perkovi\u0107. W 53. minucie Lisandro Semedo wykorzysta\u0142 rzut karny i Wieczysta ponownie znalaz\u0142a si\u0119 na prowadzeniu. Ko\u0144c\u00f3wka nale\u017ca\u0142a jednak do Cracovii \u2013 Ajdin Hasi\u0107 najpierw wyr\u00f3wna\u0142 w 78. minucie, a w ostatniej akcji meczu zdoby\u0142 drugiego gola, zapewniaj\u0105c gospodarzom zwyci\u0119stwo. Kilkana\u015bcie godzin po spotkaniu, poinformowano, o tym, \u017ce Kazimierz Moskal zako\u0144czy\u0142 prac\u0119 w Wieczystej Krak\u00f3w (o czym wi\u0119cej pisali\u015bmy <a href=\"https:\/\/www.cksport.pl\/pokazWiadomosc\/34108_wieczysta_zmienia_trenera_moskal_stracil_prace.html\" rel=\"nofollow noopener\" target=\"_blank\">TUTAJ<\/a>).\u00a0<\/p>\n<p>Cracovia \u2013 Wieczysta Krak\u00f3w<\/p>\n<p>3:2 (1:1)<\/p>\n<p>35&#8242; Perkovi\u0107, 78&#8242;, 90&#8242; Hasi\u0107 \u2013 13&#8242; Wieteska, 53&#8242; Semedo (k.)<\/p>\n<p>Cracovia: Madejski \u2013 Pi\u0142a (90&#8242; Glik), Henriksson, Brahim Traor\u00e9, Perkovi\u0107 \u2013 Hasi\u0107, Klich (70&#8242; Praszelik), Al-Ammari, Kameri (61&#8242; Kakabadze), Minczew (69&#8242; Ltaief) \u2013 Zahiroleslam (61&#8242; Berte).<\/p>\n<p>Wieczysta Krak\u00f3w: Miku\u0142ko \u2013 Dankowski (88&#8242; Fila), Wieteska, Mili\u0107, Vojtko \u2013 Semedo (85&#8242; Lungoyi), Maigaard, Pu\u0161i\u0107 (66&#8242; Lederman), Piaz\u00f3n, Mras (66&#8242; Miki Villar) \u2013 Christensen (85&#8242; Bia\u0142ek).<\/p>\n<p>Korona Kielce zremisowa\u0142a natomiast na Exbud Arenie z Motorem Lublin 1:1. Wynik potyczki otworzy\u0142 Mariusz St\u0119pi\u0144ski, lecz do wyr\u00f3wnania jeszcze w pierwszej po\u0142owie doprowadzi\u0142 Karol Czubak. Wi\u0119cej o tym meczu przeczytasz <a href=\"https:\/\/www.cksport.pl\/pokazWiadomosc\/34103_szarpany_mecz_na_remis_korona_podzielila_sie_punktami_z_motorem.html\" rel=\"nofollow noopener\" target=\"_blank\">TUTAJ<\/a>.<\/p>\n<p><img decoding=\"async\" style=\"height: 100px; object-fit: contain;\" src=\"https:\/\/www.europesays.com\/pl\/wp-content\/uploads\/2026\/08\/1787524997_547_kor_9.png\" alt=\"Korona Kielce\"\/><\/p>\n<p>VS<\/p>\n<p><img decoding=\"async\" style=\"height: 100px; object-fit: contain;\" src=\"https:\/\/www.europesays.com\/pl\/wp-content\/uploads\/2026\/08\/1787524997_70_herb_rgb_motor.png\" alt=\"Motor Lublin\"\/><br \/>\nPKO BP EKSTRAKLASA<br \/>\n1:1 (1:1)<\/p>\n<p>19&#8242; St\u0119pi\u0144ski \u2013 30&#8242; Czubak<\/p>\n<p><a href=\"https:\/\/www.cksport.pl\" target=\"_blank\" rel=\"noopener nofollow\"><img decoding=\"async\" style=\"height: 40px; opacity: 0.8;\" src=\"https:\/\/www.europesays.com\/pl\/wp-content\/uploads\/2026\/08\/1787524998_722_ck_sport_1.png\" alt=\"CK Sport\"\/><\/a><\/p>\n<p>Korona Kielce \u2013 Motor Lublin<\/p>\n<p>1:1 (1:1)<\/p>\n<p>19&#8242; St\u0119pi\u0144ski \u2013 30&#8242; Czubak<\/p>\n<p>Korona Kielce: Dzieko\u0144ski \u2013 D\u0142ugosz, Rube\u017ei\u0107, Mos\u00f3r, Pi\u0119czek \u2013 Davidovi\u0107 (46&#8242; Nono), Hellebrand, Jakubczyk, Remacle (88&#8242; B\u0105k), Fassbender \u2013 St\u0119pi\u0144ski.<\/p>\n<p>Motor Lublin: Popa \u2013 Luberecki, Barto\u0161, Bereszy\u0144ski, Santos (80&#8242; Lukoszek) \u2013 Rodrigues (80&#8242; \u0141\u0119gowski), Meyer, Simon (91&#8242; Plavoti\u0107)\u2013\u00a0 A\u00efko (46&#8242; Ronaldo), Czubak, Ndiaye (85&#8242; Haxha)<\/p>\n<p>Piast Gliwice zremisowa\u0142 u siebie z Legi\u0105 Warszawa 1:1. Go\u015bcie obj\u0119li prowadzenie ju\u017c w 7. minucie za spraw\u0105 \u0141ukasza Zjawi\u0144skiego. Piast d\u0142ugo nie potrafi\u0142 odpowiedzie\u0107, ale w ko\u0144c\u00f3wce spotkania doprowadzi\u0142 do wyr\u00f3wnania \u2013 w 87. minucie gola zdoby\u0142 Leandro Sanca. Mecz zosta\u0142 przerwany w 69. minucie na ponad godzin\u0119 z powodu reanimacji kibica.<\/p>\n<p>Piast Gliwice \u2013 Legia Warszawa<\/p>\n<p>1:1 (0:1)<\/p>\n<p>87&#8242; Sanca \u2013 7&#8242; Zjawi\u0144ski<\/p>\n<p>Piast Gliwice: Gril \u2013 Twumasi, Rivas, Czerwi\u0144ski, Fikaj (56&#8242; Lewicki) \u2013 Lokilo (56&#8242; Lima), Le\u015bniak (56&#8242; Boisgard), \u0141abojko, Sanca, Vallejo \u2013 Ntamack (82&#8242; Katsant\u00f3nis).<\/p>\n<p>Legia Warszawa: Hindrich \u2013 Wszo\u0142ek (57&#8242; Reca), Pi\u0105tkowski, Augustyniak, Deziel Jr, Vinagre (83&#8242; Chodyna) \u2013 \u0160ev\u010d\u00edk (73&#8242; W. Urba\u0144ski), Arreiol (73&#8242; D. Szyma\u0144ski), Kapustka \u2013 Zjawi\u0144ski (73&#8242; Rajovi\u0107), Adamski.<\/p>\n<p>\u015al\u0105sk Wroc\u0142aw zremisowa\u0142 u siebie z Widzewem \u0141\u00f3d\u017a 3:3. Cho\u0107 od 7. minuty \u201eczerwono-bia\u0142o-czerwoni\u201d grali w os\u0142abieniu za czerwon\u0105 kartk\u0119 Przemys\u0142awa Wi\u015bniewskiego to w 15. minucie Mario Garc\u00eda otworzy\u0142 wynik, a w 36. minucie Fran \u00c1lvarez podwy\u017cszy\u0142 prowadzenie \u0141odzian. Po przerwie \u015al\u0105sk szybko z\u0142apa\u0142 kontakt po samob\u00f3jczym trafieniu Steve&#8217;a Kapuadiego, ale w 63. minucie \u00c1ngel Baena ponownie da\u0142 Widzewowi dwubramkow\u0105 przewag\u0119. Gospodarze nie z\u0142o\u017cyli jednak broni \u2013 w 78. minucie Przemys\u0142aw Banaszak zdoby\u0142 kontaktowego gola, a w 89. minucie Eniss Shabani doprowadzi\u0142 do wyr\u00f3wnania.\u00a0\u00a0<\/p>\n<p>\u015al\u0105sk Wroc\u0142aw \u2013 Widzew \u0141\u00f3d\u017a<\/p>\n<p>3:3 (0:2)<\/p>\n<p>47&#8242; Kapuadi (sam.), 78&#8242; Banaszak, 89&#8242; Shabani \u2013 15&#8242; Garc\u00eda, 36&#8242; \u00c1lvarez, 63&#8242; Baena<\/p>\n<p>\u015al\u0105sk Wroc\u0142aw: Niemczycki \u2013 Timossi Andersson (46&#8242; Rosiak), Macenko, Malec, Christodo\u00falou (46&#8242; Banaszak), Llinares \u2013 Samiec-Talar, Yriarte (42&#8242; Shabani), Tomasiewicz (67&#8242; Markowski) \u2013 Demb\u00e9l\u00e9, Marjanac.<\/p>\n<p>Widzew \u0141\u00f3d\u017a: Dr\u0105gowski \u2013 Krajewski, Wi\u015bniewski, Kapuadi, Garc\u00eda \u2013 Baena (87&#8242; Visus), Selahi, \u00c1lvarez, Shehu (76&#8242; Kornvig), Fornalczyk (11&#8242; \u017byro) \u2013 \u015awiderski (46&#8242; Bergier).<\/p>\n<p>Radomiak Radom zremisowa\u0142 z KGHM Zag\u0142\u0119biem Lubin 0:0.<\/p>\n<p>Radomiak Radom \u2013 KGHM Zag\u0142\u0119bie Lubin<\/p>\n<p>0:0 (0:0)<\/p>\n<p>Radomiak Radom: Majchrowicz \u2013 Ouattara, Szcze\u015bniak, Koperski, Grzesik \u2013 Nunnely (79&#8242; Manu), Wolski, D\u00f3nis (90&#8242; Camar\u00e1), Luquinhas (79&#8242; Karasek), Lumungo (64&#8242; Bar\u00f3) \u2013 Gour\u00e9 (64&#8242; Tapsoba).<\/p>\n<p>KGHM Zag\u0142\u0119bie Lubin: Alomerovi\u0107 \u2013 Grzybek, \u0141awniczak, Michalski, Kocaba, \u0106orluka (46&#8242; Jakuba) \u2013 D\u0105browski (85&#8242; Koss\u00eddis), Kerk (46&#8242; Kolan), Regu\u0142a, Sypek (70&#8242; Mlinari\u0107) \u2013 Szymczak (60&#8242; Nowogo\u0144ski).<\/p>\n<p>GKS Katowice rozgromi\u0142 u siebie Wis\u0142\u0119 P\u0142ock 5:0. Gospodarze obj\u0119li prowadzenie w 16. minucie za spraw\u0105 Eman Markovicia, a przed przerw\u0105 z rzutu karnego wynik podwy\u017cszy\u0142 Arkadiusz J\u0119drych. Po zmianie stron Katowiczanie do\u0142o\u017cyli jeszcze trzy gole \u2013 w 73. minucie do siatki trafi\u0142 Pau Resta, osiem minut p\u00f3\u017aniej Ilja Szkurin, a w 90. minucie Jakub Kokosi\u0144ski.<\/p>\n<p>GKS Katowice \u2013 Wis\u0142a P\u0142ock<\/p>\n<p>5:0 (2:0)<\/p>\n<p>16&#8242; Markovic, 33&#8242; J\u0119drych (k.), 73&#8242; Resta, 81&#8242; Szkurin, 90&#8242; Kokosi\u0144ski<\/p>\n<p>GKS Katowice: Kobylak \u2013 Wasielewski (64&#8242; Jirka), Klemenz, J\u0119drych, Resta, Gal\u00e1n (74&#8242; Wdowiak) \u2013 Markovic (74&#8242; Bartlewicz), Wolski, Kowalczyk (82&#8242; Milewski), Nowak \u2013 Szkurin (82&#8242; Kokosi\u0144ski).<\/p>\n<p>Wis\u0142a P\u0142ock: Leszczy\u0144ski \u2013 Rogelj, Haglind-Sangr\u00e9, Kami\u0144ski, Afonso Silva (82&#8242; Wi\u0119ckowski), Kun (82&#8242; Kuczko) \u2013 Jime (71&#8242; Sekulski), Radwa\u0144ski, Pomorski (61&#8242; Hiszpa\u0144ski), Gallapeni \u2013 Hamulic (82&#8242; Juri\u0107).<\/p>\n<p>Pogo\u0144 Szczecin zremisowa\u0142a u siebie z Wis\u0142\u0105 Krak\u00f3w 2:2. Spotkanie rozpocz\u0119\u0142o si\u0119 od szybkiego gola gospodarzy \u2013 ju\u017c w 3. minucie Musa Juwara wyprowadzi\u0142 Pogo\u0144 na prowadzenie. Wis\u0142a odpowiedzia\u0142a w 20. minucie, gdy do w\u0142asnej bramki trafi\u0142&#8230; 24-letni Gambijczyk. Cztery minuty p\u00f3\u017aniej Linus Wahlqvist ponownie da\u0142 Szczecinianom prowadzenie, ale w 33. minucie \u00c9lie Youan doprowadzi\u0142 do wyr\u00f3wnania.<\/p>\n<p>Pogo\u0144 Szczecin \u2013 Wis\u0142a Krak\u00f3w<\/p>\n<p>2:2 (2:2)<\/p>\n<p>3&#8242; Juwara, 24&#8242; Wahlqvist \u2013 20&#8242; Juwara (sam.), 33&#8242; Youan<\/p>\n<p>Pogo\u0144\u00a0Szczecin: Cojocaru \u2013 Wahlqvist (46&#8242; Ali), Keram\u00edtsis, Willen, Borges \u2013 Juwara (60&#8242; \u010curlinov), Dziczek, Ulvestad, Wojciechowski (83&#8242; Acosta), Mukairu (72&#8242; Grosicki) \u2013 Nsame (60&#8242; \u010cui\u0107).<\/p>\n<p>Wis\u0142a Krak\u00f3w:\u00a0\u0141ubik \u2013 Giger, Uryga, Gruj\u010di\u0107 (72&#8242; Maisonneuve), Krzy\u017canowski \u2013 Youan (72&#8242; Rodado), Duda, Igbekeme, Ertlthaler (81&#8242; Kuziemka), Bo\u017ei\u0107 \u2013 S\u00e1nchez (81&#8242; Guillemenot).<\/p>\n<p>Spotkania Lech Pozna\u0144 \u2013 Jagiellonia Bia\u0142ystok oraz Rak\u00f3w Cz\u0119stochowa \u2013 G\u00f3rnik Zabrze zosta\u0142y prze\u0142o\u017cone z powodu gry tych dru\u017cyn w 4. rundzie eliminacji europejskich puchar\u00f3w.<\/p>\n<p>Wyniki 5. kolejki PKO BP Ekstraklasy:<\/p>\n<p>Tabela PKO BP Ekstraklasy po 5. kolejce:<\/p>\n<p>\u00a0<\/p>\n<p>\u00a0<\/p>\n<p>Fot. Grzegorz Ksel<\/p>\n<p><a href=\"https:\/\/dapkielce.pl\/\" target=\"_blank\" rel=\"noopener nofollow\"> <img decoding=\"async\" style=\"width: 100%; height: auto; display: block;\" src=\"https:\/\/www.europesays.com\/pl\/wp-content\/uploads\/2026\/08\/1787524999_962_dap_grafika.png\" alt=\"DAP Kielce Grafika\"\/> <\/a><\/p>\n<p>&#8212;&#8212;&#8212;&#8212;<br \/>\nDzi\u0119kujemy, \u017ce jeste\u015b z nami i wspierasz tw\u00f3rczo\u015b\u0107 dost\u0119pn\u0105 na CKsport.pl. Kliknij w link poni\u017cej i postaw naszej redakcji symboliczn\u0105 kaw\u0119.<\/p>\n<p><a href=\"https:\/\/buycoffee.to\/cksportpl\" target=\"_blank\" rel=\"noopener nofollow\"><img decoding=\"async\" style=\"width: 300px; display: block; margin-left: auto; margin-right: auto;\" src=\"https:\/\/buycoffee.to\/btn\/buycoffeeto-btn-primary.svg\" alt=\"Postaw mi kaw\u0119 na buycoffee.to\"\/><\/a><\/p>\n","protected":false},"excerpt":{"rendered":"Za nami ostatnia niepe\u0142na kolejka PKO BP Ekstraklasy! W siedmiu spotkaniach 5. serii gier kibice byli \u015bwiadkami a\u017c&hellip;\n","protected":false},"author":2,"featured_media":641967,"comment_status":"","ping_status":"","sticky":false,"template":"","format":"standard","meta":{"footnotes":"","_share_on_mastodon":"0"},"categories":[52122],"tags":[2398,2570,4979,2615,3548,2908,215,713,3364,2810,6010,752,2573,42,61070,1111,38,40,39,41,2167,2369,697,4065,3651,5810,2614],"class_list":["post-641966","post","type-post","status-publish","format-standard","has-post-thumbnail","category-pko-bank-polski","tag-cracovia","tag-gks-katowice","tag-gornik-zabrze","tag-jagiellonia-bialystok","tag-kghm-zaglebie-lubin","tag-korona-kielce","tag-lech-poznan","tag-legia-warszawa","tag-motor-lublin","tag-piast-gliwice","tag-pko-bank-polski","tag-pko-bp","tag-pko-bp-ekstraklasa","tag-pl","tag-podsumowanie-kolejki","tag-pogon-szczecin","tag-poland","tag-polish","tag-polska","tag-polski","tag-radomiak-radom","tag-rakow-czestochowa","tag-slask-wroclaw","tag-widzew-lodz","tag-wieczysta-krakow","tag-wisla-krakow","tag-wisla-plock"],"share_on_mastodon":{"url":"https:\/\/pubeurope.com\/@pl\/117147246638526064","error":""},"_links":{"self":[{"href":"https:\/\/www.europesays.com\/pl\/wp-json\/wp\/v2\/posts\/641966","targetHints":{"allow":["GET"]}}],"collection":[{"href":"https:\/\/www.europesays.com\/pl\/wp-json\/wp\/v2\/posts"}],"about":[{"href":"https:\/\/www.europesays.com\/pl\/wp-json\/wp\/v2\/types\/post"}],"author":[{"embeddable":true,"href":"https:\/\/www.europesays.com\/pl\/wp-json\/wp\/v2\/users\/2"}],"replies":[{"embeddable":true,"href":"https:\/\/www.europesays.com\/pl\/wp-json\/wp\/v2\/comments?post=641966"}],"version-history":[{"count":0,"href":"https:\/\/www.europesays.com\/pl\/wp-json\/wp\/v2\/posts\/641966\/revisions"}],"wp:featuredmedia":[{"embeddable":true,"href":"https:\/\/www.europesays.com\/pl\/wp-json\/wp\/v2\/media\/641967"}],"wp:attachment":[{"href":"https:\/\/www.europesays.com\/pl\/wp-json\/wp\/v2\/media?parent=641966"}],"wp:term":[{"taxonomy":"category","embeddable":true,"href":"https:\/\/www.europesays.com\/pl\/wp-json\/wp\/v2\/categories?post=641966"},{"taxonomy":"post_tag","embeddable":true,"href":"https:\/\/www.europesays.com\/pl\/wp-json\/wp\/v2\/tags?post=641966"}],"curies":[{"name":"wp","href":"https:\/\/api.w.org\/{rel}","templated":true}]}}