{"id":642024,"date":"2026-08-23T23:32:13","date_gmt":"2026-08-23T23:32:13","guid":{"rendered":"https:\/\/www.europesays.com\/pl\/642024\/"},"modified":"2026-08-23T23:32:13","modified_gmt":"2026-08-23T23:32:13","slug":"optymisci-2-czyli-nasi-w-autokarze-do-bulgarii-w-warszawie","status":"publish","type":"post","link":"https:\/\/www.europesays.com\/pl\/642024\/","title":{"rendered":"Optymi\u015bci 2 \u2013 czyli nasi w autokarze do Bu\u0142garii w Warszawie"},"content":{"rendered":"<p class=\"atomsHappeningContent__desc\">Nast\u0119pny przystanek: Bu\u0142garia! Ale to nie podro\u017c all inclusive \u2013 w autokarze Krasuckich komedia miesza si\u0119 z groz\u0105, k\u0142\u00f3tnie z rozczuleniem, a biznes ze zwyk\u0142ym domowym chaosem.<\/p>\n<p>\u201eOptymi\u015bci 2\u201d to spektakl o tym, dlaczego najwa\u017cniejsze rozmowy prowadzi si\u0119 na trasie, a rodzinne wycieczki ko\u0144cz\u0105 si\u0119 totalnym chaosem. Wsiadasz z nami?<\/p>\n<p>Ta rodzina nie potrafi odpoczywa\u0107 \u201enormalnie\u201d! Zamiast all-inclusive w Egipcie, tym razem ca\u0142a ekipa Krasuckich rusza w tras\u0119 starym autokarem do Bu\u0142garii, miejsca rodzinnych mit\u00f3w, b\u0142yszcz\u0105cych interes\u00f3w i\u2026 jeszcze wi\u0119kszych emocji! Kto ma przej\u0105\u0107 firm\u0119 Janka? Komu nale\u017cy si\u0119 szacunek, a komu apap na g\u0142ow\u0119? Czy w autokarze pomieszcz\u0105 si\u0119 wielopokoleniowe \u017cale, ambicje, z\u0142oto i rodzinne intrygi? Wszystko okraszone niepowtarzalnym poczuciem humoru w rytm ba\u0142ka\u0144skiej muzyki. Syn Janka, Pawe\u0142ek wraz ze swoj\u0105 \u017con\u0105 Jolk\u0105 maj\u0105 przej\u0105\u0107 rodzinny biznes je\u015bli tylko Pawe\u0142ek przeprosi ojca za\u2026. O tym dowiesz si\u0119 w trakcie naszego przedstawienia! Pewne jest tylko jedno \u2013 nikt nie wyjdzie z tej podr\u00f3\u017cy taki, jak wsiad\u0142 do autokaru, a \u015bmiechu b\u0119dzie jeszcze wi\u0119cej ni\u017c w Egipcie!<\/p>\n<p>Re\u017cyser: Krzysztof Czeczot<\/p>\n<p>Obsada: Jacek Lenartowicz \/ Piotr Cyrwus jako JANEK, Aldona Jankowska \/ Viola Arlak jako KASIA, Adam Bobik \/ Micha\u0142 \u017burawski jako PAWE\u0141EK, Anna Karczmarczyk \/ Joanna Kuberska jako JOLKA, Dawid Dziarkowski \/ Krystian Pesta \/ Krzysztof Czeczot jako ADA\u015a, Jaros\u0142aw Juszkiewicz.<\/p>\n<p>Gatunek: komedia<br \/>Scenografia: Wojciech Stefaniak<br \/>Muzyka: Krzysztof Czeczot<\/p>\n","protected":false},"excerpt":{"rendered":"Nast\u0119pny przystanek: Bu\u0142garia! Ale to nie podro\u017c all inclusive \u2013 w autokarze Krasuckich komedia miesza si\u0119 z groz\u0105,&hellip;\n","protected":false},"author":2,"featured_media":642025,"comment_status":"","ping_status":"","sticky":false,"template":"","format":"standard","meta":{"footnotes":"","_share_on_mastodon":"0"},"categories":[51605],"tags":[6226,10195,42,38,40,39,41,8812,435,22920],"class_list":["post-642024","post","type-post","status-publish","format-standard","has-post-thumbnail","category-warszawa","tag-bilety","tag-impreza","tag-pl","tag-poland","tag-polish","tag-polska","tag-polski","tag-spektakle","tag-warszawa","tag-wydarzenie"],"share_on_mastodon":{"url":"https:\/\/pubeurope.com\/@pl\/117147438251535891","error":""},"_links":{"self":[{"href":"https:\/\/www.europesays.com\/pl\/wp-json\/wp\/v2\/posts\/642024","targetHints":{"allow":["GET"]}}],"collection":[{"href":"https:\/\/www.europesays.com\/pl\/wp-json\/wp\/v2\/posts"}],"about":[{"href":"https:\/\/www.europesays.com\/pl\/wp-json\/wp\/v2\/types\/post"}],"author":[{"embeddable":true,"href":"https:\/\/www.europesays.com\/pl\/wp-json\/wp\/v2\/users\/2"}],"replies":[{"embeddable":true,"href":"https:\/\/www.europesays.com\/pl\/wp-json\/wp\/v2\/comments?post=642024"}],"version-history":[{"count":0,"href":"https:\/\/www.europesays.com\/pl\/wp-json\/wp\/v2\/posts\/642024\/revisions"}],"wp:featuredmedia":[{"embeddable":true,"href":"https:\/\/www.europesays.com\/pl\/wp-json\/wp\/v2\/media\/642025"}],"wp:attachment":[{"href":"https:\/\/www.europesays.com\/pl\/wp-json\/wp\/v2\/media?parent=642024"}],"wp:term":[{"taxonomy":"category","embeddable":true,"href":"https:\/\/www.europesays.com\/pl\/wp-json\/wp\/v2\/categories?post=642024"},{"taxonomy":"post_tag","embeddable":true,"href":"https:\/\/www.europesays.com\/pl\/wp-json\/wp\/v2\/tags?post=642024"}],"curies":[{"name":"wp","href":"https:\/\/api.w.org\/{rel}","templated":true}]}}