{"id":642122,"date":"2026-08-24T01:15:24","date_gmt":"2026-08-24T01:15:24","guid":{"rendered":"https:\/\/www.europesays.com\/pl\/642122\/"},"modified":"2026-08-24T01:15:24","modified_gmt":"2026-08-24T01:15:24","slug":"gang-zaradniakow-2026-w-popularnym-markecie-lista-maskotek-z-biedronki","status":"publish","type":"post","link":"https:\/\/www.europesays.com\/pl\/642122\/","title":{"rendered":"Gang Zaradniak\u00f3w 2026 w popularnym markecie. Lista maskotek z Biedronki"},"content":{"rendered":"<p style=\"text-align: null;\">Biedronka przygotowuje kolejn\u0105 edycj\u0119 swojej popularnej akcji kolekcjonerskiej z pluszowymi bohaterami. W tym roku klienci b\u0119d\u0105 zbiera\u0107 nie Biedroniaki, lecz przedstawicieli nowego Gangu Zaradniak\u00f3w.<\/p>\n<p>    <a class=\"componentsRecommendationsSingleArticle__link\" href=\"https:\/\/inowroclaw.naszemiasto.pl\/popularne-kapielisko-w-kujawsko-pomorskiem-jezioro-goplo-poleca-sie-na-koniec-wakacji\/ar\/c7p2-29284217\" data-ec=\"componentsRecommendationsSingleArticle\" data-event-position-el=\"link\" data-ecp=\"url=https:\/\/inowroclaw.naszemiasto.pl\/popularne-kapielisko-w-kujawsko-pomorskiem-jezioro-goplo-poleca-sie-na-koniec-wakacji\/ar\/c7p2-29284217,title=Kruszwica zaprasza. Historia legenda i niezwyk&#x142;e widoki nad Gop&#x142;em\" rel=\"nofollow noopener\" target=\"_blank\"><img decoding=\"async\" class=\"componentsRecommendationsSingleArticle__tileImg\" loading=\"lazy\" src=\"https:\/\/www.europesays.com\/pl\/wp-content\/uploads\/2026\/08\/il20250504_909717329,size,320x213,crop,0.0000x132.0000x1920.0000x1005.0000,h,62f8fb.jpg\" data-image-type=\"articles\" alt=\"Kruszwica zaprasza. Historia, legenda i niezwyk&#x142;e widoki nad Gop&#x142;em\"\/>Kruszwica zaprasza. Historia, legenda i niezwyk\u0142e widoki nad Gop\u0142em<\/p>\n<p class=\"componentsRecommendationsSingleArticle__lead\">Kruszwica, jedno z najstarszych i najbardziej malowniczych miast Kujaw, niezmiennie przyci\u0105ga turyst\u00f3w swoj\u0105 histori\u0105, legendami oraz wyj\u0105tkowym po\u0142o\u017ceniem nad jeziorem Gop\u0142o. <\/p>\n<p><img decoding=\"async\" class=\"atomsPartialImageAvatar atomsPartialImageAvatar--textSubtle\" data-event-position-context=\"atomsPartialImageAvatar\" alt=\"Anna Grochowina\" width=\"24\" height=\"24\" src=\"https:\/\/www.europesays.com\/pl\/wp-content\/uploads\/2026\/08\/6799293af1e3e_icon.jpg\" loading=\"lazy\"\/>Anna Grochowina<\/a><\/p>\n<p style=\"text-align: null;\">Do internetu trafi\u0142o zdj\u0119cie ok\u0142adki albumu przeznaczonego do zbierania naklejek. Dzi\u0119ki temu poznali\u015bmy zar\u00f3wno nazw\u0119 tegorocznej kampanii, jak i list\u0119 wszystkich maskotek oraz breloczk\u00f3w, kt\u00f3re b\u0119dzie mo\u017cna zdoby\u0107. Znana jest r\u00f3wnie\u017c data rozpocz\u0119cia akcji.<\/p>\n<p style=\"text-align: null;\">Sie\u0107 oficjalnie zapowiedzia\u0142a now\u0105 ods\u0142on\u0119 programu lojalno\u015bciowego w kr\u00f3tkim materiale opublikowanym na YouTube. Z informacji przekazanych przez Biedronk\u0119 wynika, \u017ce zbieranie naklejek rozpocznie si\u0119 24 sierpnia 2026 roku.<\/p>\n<p style=\"text-align: null;\">Tegoroczna kolekcja obejmuje 14 du\u017cych pluszak\u00f3w:<\/p>\n<ul>\n<li>\n<p>Golarka Gienia<\/p>\n<\/li>\n<li>\n<p>Hantel Henryk<\/p>\n<\/li>\n<li>\n<p>Herbatka Hania<\/p>\n<\/li>\n<li>\n<p>Kaktus Kazik<\/p>\n<\/li>\n<li>\n<p>Kanapka Krysia<\/p>\n<\/li>\n<li>\n<p>Konewka Konwalia<\/p>\n<\/li>\n<li>\n<p>Kosmetyczka Kalinka<\/p>\n<\/li>\n<li>\n<p>Kosmetyczka Karolinka<\/p>\n<\/li>\n<li>\n<p>Kostka Klara<\/p>\n<\/li>\n<li>\n<p>M\u0142otek Milo<\/p>\n<\/li>\n<li>\n<p>Patelnia Pati<\/p>\n<\/li>\n<li>\n<p>Pi\u0142ka Paula<\/p>\n<\/li>\n<li>\n<p>Suszarka Sonia<\/p>\n<\/li>\n<li>\n<p>Toster Teodor<\/p>\n<\/li>\n<\/ul>\n<p style=\"text-align: null;\">Opr\u00f3cz nich przygotowano tak\u017ce siedem breloczk\u00f3w:<\/p>\n<ul>\n<li>\n<p>Klapek Klemens (lewy)<\/p>\n<\/li>\n<li>\n<p>Klapek Klemens (prawy)<\/p>\n<\/li>\n<li>\n<p>P\u0119dzelek Puszek<\/p>\n<\/li>\n<li>\n<p>Piesek Pimpek<\/p>\n<\/li>\n<li>\n<p>Pierniczek Przemko<\/p>\n<\/li>\n<li>\n<p>Smoczy Owoc Sta\u015b<\/p>\n<\/li>\n<li>\n<p>Szminka Sabinka<\/p>\n<\/li>\n<\/ul>\n<p style=\"text-align: null;\">Wizerunki wszystkich bohater\u00f3w pojawi\u0142y si\u0119 na TikToku za spraw\u0105 jednej z pracownic sieci.<\/p>\n<p style=\"text-align: null;\">Program wystartuje 24 sierpnia i potrwa do 28 br. Naklejki b\u0119dzie mo\u017cna otrzymywa\u0107 do 14 listopada, a nast\u0119pnie wymienia\u0107 je na wybrane nagrody.<\/p>\n<p style=\"text-align: null;\">Mechanizm pozostaje podobny do tego znanego z poprzednich lat. Klienci otrzymuj\u0105 naklejki za zakupy spe\u0142niaj\u0105ce okre\u015blone warunki, a po zgromadzeniu odpowiedniej liczby mog\u0105 odebra\u0107 maskotk\u0119 lub ksi\u0105\u017ck\u0119. Liczb\u0119 zdobywanych naklejek zwi\u0119kszaj\u0105 m.in. zakupy za okre\u015blon\u0105 kwot\u0119, korzystanie z karty Moja Biedronka, wyb\u00f3r warzyw i owoc\u00f3w czy produkt\u00f3w obj\u0119tych promocj\u0105. Dodatkowe naklejki mo\u017cna zdobywa\u0107 tak\u017ce poprzez quiz dost\u0119pny w aplikacji.<\/p>\n<p style=\"text-align: null;\">Akcje z gangami maskotek s\u0105 obecne w Biedronce od 2016 roku. To wtedy zadebiutowa\u0142 Gang \u015awie\u017cak\u00f3w, kt\u00f3ry szybko sta\u0142 si\u0119 prawdziwym fenomenem.<\/p>\n<p style=\"text-align: null;\">Wed\u0142ug danych sieci we wszystkich dotychczasowych edycjach do klient\u00f3w trafi\u0142o ju\u017c ponad 55 milion\u00f3w maskotek oraz kilka milion\u00f3w ksi\u0105\u017cek.<\/p>\n<p style=\"text-align: null;\">Dzi\u015b akcje kolekcjonerskie s\u0105 nie tylko form\u0105 zabawy dla najm\u0142odszych, ale r\u00f3wnie\u017c wa\u017cnym narz\u0119dziem marketingowym. W obliczu rosn\u0105cej konkurencji mi\u0119dzy sieciami handlowymi programy lojalno\u015bciowe pomagaj\u0105 przyci\u0105ga\u0107 klient\u00f3w do sklep\u00f3w.<\/p>\n<p style=\"text-align: null;\">Potwierdza to tak\u017ce aktywno\u015b\u0107 konkurencji. W ostatnich latach podobne akcje prowadzi\u0142y inne sieci, stawiaj\u0105c na kolekcjonerskie maskotki i atrakcyjne nagrody.<\/p>\n<p>    <a href=\"https:\/\/inowroclaw.naszemiasto.pl\/gang-zaradniakow-2026-w-popularnym-markecie-lista-maskotek-z-biedronki\/gh\/c3p2-29285539\" class=\"componentsArticleGalleryButton__hyperlink\" data-ec=\"componentsArticleGalleryButton\" data-event-position-el=\"gallery\" data-ecp=\"href=https:\/\/inowroclaw.naszemiasto.pl\/gang-zaradniakow-2026-w-popularnym-markecie-lista-maskotek-z-biedronki\/gh\/c3p2-29285539\" rel=\"nofollow noopener\" target=\"_blank\">Zobacz galeri\u0119(13 zdj\u0119\u0107)<\/a><\/p>\n","protected":false},"excerpt":{"rendered":"Biedronka przygotowuje kolejn\u0105 edycj\u0119 swojej popularnej akcji kolekcjonerskiej z pluszowymi bohaterami. W tym roku klienci b\u0119d\u0105 zbiera\u0107 nie&hellip;\n","protected":false},"author":2,"featured_media":642123,"comment_status":"","ping_status":"","sticky":false,"template":"","format":"standard","meta":{"footnotes":"","_share_on_mastodon":"0"},"categories":[16],"tags":[1528,113,112,125932,7904,23029,42,38,40,39,41],"class_list":["post-642122","post","type-post","status-publish","format-standard","has-post-thumbnail","category-biznes","tag-biedronka","tag-biznes","tag-business","tag-gang-zaradniakow","tag-lista","tag-maskotki","tag-pl","tag-poland","tag-polish","tag-polska","tag-polski"],"share_on_mastodon":{"url":"https:\/\/pubeurope.com\/@pl\/117147843937904783","error":""},"_links":{"self":[{"href":"https:\/\/www.europesays.com\/pl\/wp-json\/wp\/v2\/posts\/642122","targetHints":{"allow":["GET"]}}],"collection":[{"href":"https:\/\/www.europesays.com\/pl\/wp-json\/wp\/v2\/posts"}],"about":[{"href":"https:\/\/www.europesays.com\/pl\/wp-json\/wp\/v2\/types\/post"}],"author":[{"embeddable":true,"href":"https:\/\/www.europesays.com\/pl\/wp-json\/wp\/v2\/users\/2"}],"replies":[{"embeddable":true,"href":"https:\/\/www.europesays.com\/pl\/wp-json\/wp\/v2\/comments?post=642122"}],"version-history":[{"count":0,"href":"https:\/\/www.europesays.com\/pl\/wp-json\/wp\/v2\/posts\/642122\/revisions"}],"wp:featuredmedia":[{"embeddable":true,"href":"https:\/\/www.europesays.com\/pl\/wp-json\/wp\/v2\/media\/642123"}],"wp:attachment":[{"href":"https:\/\/www.europesays.com\/pl\/wp-json\/wp\/v2\/media?parent=642122"}],"wp:term":[{"taxonomy":"category","embeddable":true,"href":"https:\/\/www.europesays.com\/pl\/wp-json\/wp\/v2\/categories?post=642122"},{"taxonomy":"post_tag","embeddable":true,"href":"https:\/\/www.europesays.com\/pl\/wp-json\/wp\/v2\/tags?post=642122"}],"curies":[{"name":"wp","href":"https:\/\/api.w.org\/{rel}","templated":true}]}}