{"id":642372,"date":"2026-08-24T05:16:25","date_gmt":"2026-08-24T05:16:25","guid":{"rendered":"https:\/\/www.europesays.com\/pl\/642372\/"},"modified":"2026-08-24T05:16:25","modified_gmt":"2026-08-24T05:16:25","slug":"warszawa-12-godzin-uwielbienia-w-swiatyni-opatrznosci-bozej-2","status":"publish","type":"post","link":"https:\/\/www.europesays.com\/pl\/642372\/","title":{"rendered":"Warszawa: 12 godzin uwielbienia w \u015awi\u0105tyni Opatrzno\u015bci Bo\u017cej"},"content":{"rendered":"<p class=\"wp-block-paragraph\">Oko\u0142o 5 tys. os\u00f3b b\u0119dzie uczestniczy\u0107 22 sierpnia w \u201eDniu Uwielbienia i Chwa\u0142y\u201d organizowanym przez Fundacj\u0119 Rozpal Wiar\u0119 w \u015awi\u0105tyni Opatrzno\u015bci Bo\u017cej w Warszawie. Dwunastogodzinne spotkanie b\u0119dzie obejmowa\u0107 modlitw\u0119 uwielbienia, Eucharysti\u0119, \u015bwiadectwa, g\u0142oszenie s\u0142owa Bo\u017cego oraz mo\u017cliwo\u015b\u0107 skorzystania z sakramentu pokuty i pojednania.<\/p>\n<p class=\"wp-block-paragraph\">Organizatorzy podkre\u015blaj\u0105, \u017ce wyb\u00f3r \u015awi\u0105tyni Opatrzno\u015bci Bo\u017cej nie jest przypadkowy. \u201eChcemy, aby w\u0142a\u015bnie tutaj \u2013 w miejscu, kt\u00f3re samo w sobie jest \u015bwiadectwem pami\u0119ci o Bo\u017cej Opatrzno\u015bci \u2013 przez dwana\u015bcie godzin nieustannie wybrzmiewa\u0142a modlitwa uwielbienia\u201d \u2013 zaznaczaj\u0105.<\/p>\n<p class=\"wp-block-paragraph\">\u2013 Nie jest to festiwal, konferencja ani \u017cadnego rodzaju event \u2013 to modlitwa, w kt\u00f3rej chcemy stawa\u0107 przed Bogiem, wierz\u0105c, \u017ce to w\u0142a\u015bnie ona jest drog\u0105 do spotkania z Bogiem i przemiany \u017cycia. Spotkanie rozpoczniemy Eucharysti\u0105 celebrowan\u0105 przez bp. Grzegorza Suchodolskiego oraz bp. Artura Wa\u017cnego. B\u0119dzie z nami r\u00f3wnie\u017c bp Wojciech Osial. Zako\u0144czymy modlitw\u0105 o uzdrowienie za wszystkich potrzebuj\u0105cych \u2013 m\u00f3wi KAI Marcin Zieli\u0144ski z fundacji Rozpal Wiar\u0119.\u00a0<\/p>\n<p class=\"wp-block-paragraph\">W wydarzeniu wezm\u0105 udzia\u0142 liderzy i zespo\u0142y zwi\u0105zane z katolickim ruchem uwielbienia. Zapowiedziano wyst\u0119py i pos\u0142ug\u0119 muzyczn\u0105 Fisheclectic, zespo\u0142u wsp\u00f3lnoty G\u0142os Pana, Micha\u0142a i Melanii Kr\u00f3l, Kuby Piechnika, Mai Sowi\u0144skiej, Projektu Przebudzenie wraz z Mart\u0105 Mi\u0142u\u0144sk\u0105, Mate.O wraz z przyjaci\u00f3\u0142mi z Pie\u015bniopisarzy oraz Gabrieli Fluksik-Jachnis ze wsp\u00f3lnoty Bet Lehem.<\/p>\n<p class=\"wp-block-paragraph\"><a href=\"https:\/\/misyjne.pl\/pogadaj-z-ksiedzem-i-adoracja-czyli-wakacje-u-sw-ignacego-w-jastrzebiej-gorze-reportaz\/\" rel=\"nofollow noopener\" target=\"_blank\">&gt;&gt;&gt; \u201ePogadaj z ksi\u0119dzem\u201d i adoracja, czyli wakacje u \u015bw. Ignacego w Jastrz\u0119biej G\u00f3rze [REPORTA\u017b]<\/a><\/p>\n<p class=\"wp-block-paragraph\">S\u0142owem i \u015bwiadectwem podziel\u0105 si\u0119 Marta Mi\u0142u\u0144ska, bp Artur Wa\u017cny, Krzysztof Demczuk, Maja Sowi\u0144ska i Marcin Zieli\u0144ski. Homilie wyg\u0142osi bp Grzegorz Suchodolski.<\/p>\n<p><img loading=\"lazy\" data-lazyloaded=\"1\" data-placeholder-resp=\"750x500\" decoding=\"async\" width=\"750\" height=\"500\" src=\"https:\/\/www.europesays.com\/pl\/wp-content\/uploads\/2026\/08\/IMG_5670-750x500.jpg\" alt=\"\" class=\"wp-image-721469\"  data-\/>\u015awi\u0105tynia Opatrzno\u015bci Bo\u017cej, fot. Maciej Kluczka\/misyjne.pl<\/p>\n<p class=\"wp-block-paragraph\">Centralnym punktem spotkania b\u0119dzie Eucharystia.<\/p>\n<p class=\"wp-block-paragraph\">Po Mszy \u015bw. modlitwie uwielbienia towarzyszy\u0107 b\u0119d\u0105 \u015bwiadectwa i g\u0142oszenie s\u0142owa Bo\u017cego. Przez ca\u0142y czas obecni b\u0119d\u0105 ksi\u0119\u017ca pos\u0142uguj\u0105cy w sakramencie pokuty i pojednania. Spotkanie zako\u0144czy wsp\u00f3lna modlitwa o do\u015bwiadczenie Bo\u017cej mi\u0142o\u015bci i uzdrowienie.<\/p>\n<p class=\"wp-block-paragraph\">Has\u0142em wydarzenia s\u0105 s\u0142owa Jezusa z Ewangelii wed\u0142ug \u015bw. Marka: \u201eM\u00f3j dom ma by\u0107 domem modlitwy dla wszystkich narod\u00f3w\u201d (Mk 11,17).<\/p>\n<p class=\"wp-block-paragraph\"><a href=\"https:\/\/misyjne.pl\/warszawa-42-godzinna-adoracja-w-intencji-rodzin-galeria\/\" rel=\"nofollow noopener\" target=\"_blank\">&gt;&gt;&gt; Warszawa: 42-godzinna adoracja w intencji rodzin [GALERIA]<\/a><\/p>\n<p class=\"wp-block-paragraph\">Organizatorzy wyja\u015bniaj\u0105, \u017ce chc\u0105, aby wydarzenie by\u0142o otwarte dla wszystkich, niezale\u017cnie od wieku, historii \u017cycia czy dotychczasowego do\u015bwiadczenia wiary. \u201ePragniemy, aby tego dnia \u015awi\u0105tynia Opatrzno\u015bci Bo\u017cej sta\u0142a si\u0119 przestrzeni\u0105, w kt\u00f3rej ka\u017cdy b\u0119dzie m\u00f3g\u0142 odnale\u017a\u0107 swoje miejsce w tej jednej, wielkiej rodzinie, kt\u00f3r\u0105 jest Ko\u015bci\u00f3\u0142\u201d \u2013 podkre\u015blaj\u0105.<\/p>\n<p class=\"wp-block-paragraph\">\u201eDzie\u0144 Uwielbienia i Chwa\u0142y\u201d organizuje Fundacja Rozpal Wiar\u0119. Wydarzenie potrwa 12 godzin, a jego cz\u0119\u015b\u0107 b\u0119dzie odbywa\u0107 si\u0119 r\u00f3wnie\u017c na zewn\u0105trz \u015bwi\u0105tyni.<\/p>\n<p>                <img decoding=\"async\" data-lazyloaded=\"1\" src=\"https:\/\/misyjne.pl\/wp-content\/themes\/misyjne\/img\/Google_News_icon.svg\" alt=\"Google News\" style=\"width: 45px; height: 45px;\"\/><\/p>\n<p>                    B\u0105d\u017a na bie\u017c\u0105co z Misyjne.pl!<\/p>\n<p class=\"mb-0 text-muted small\" style=\"line-height: 1.4;\">\n                    Obserwuj <a target=\"_blank\" href=\"https:\/\/news.google.com\/publications\/CAAqJAgKIh5DQklTRUFnTWFnd0tDbTFwYzNscWJtVXVjR3dvQUFQAQ?hl=pl&amp;gl=PL&amp;ceid=PL:pl\" rel=\"nofollow noopener\">misyjne.pl<\/a> w Google News. Dodaj nas do ulubionych, aby nie przegapi\u0107 najwa\u017cniejszych tre\u015bci z kraju i ze \u015bwiata.\n                <\/p>\n<p>                <a href=\"https:\/\/news.google.com\/publications\/CAAqJAgKIh5DQklTRUFnTWFnd0tDbTFwYzNscWJtVXVjR3dvQUFQAQ?hl=pl&amp;gl=PL&amp;ceid=PL:pl\" target=\"_blank\" rel=\"noopener nofollow\" class=\"btn px-4\" style=\"background-color: #e30613; color: white; border-radius: 50px; font-weight: 600; font-size: 13px; text-transform: uppercase; letter-spacing: 0.5px; transition: 0.3s opacity;\"><br \/>\n                   Obserwuj nas w Google News<br \/>\n                <\/a><\/p>\n<p>      Czyta\u0142e\u015b? Wesprzyj nas!<\/p>\n<p>Dzia\u0142amy tak\u017ce dzi\u0119ki Waszej pomocy. Wesprzyj dzia\u0142alno\u015b\u0107 ewangelizacyjn\u0105 naszej redakcji!<\/p>\n","protected":false},"excerpt":{"rendered":"Oko\u0142o 5 tys. os\u00f3b b\u0119dzie uczestniczy\u0107 22 sierpnia w \u201eDniu Uwielbienia i Chwa\u0142y\u201d organizowanym przez Fundacj\u0119 Rozpal Wiar\u0119&hellip;\n","protected":false},"author":2,"featured_media":642373,"comment_status":"","ping_status":"","sticky":false,"template":"","format":"standard","meta":{"footnotes":"","_share_on_mastodon":"0"},"categories":[51605],"tags":[125972,4929,42,38,40,39,41,435],"class_list":["post-642372","post","type-post","status-publish","format-standard","has-post-thumbnail","category-warszawa","tag-adoracja","tag-modlitwa","tag-pl","tag-poland","tag-polish","tag-polska","tag-polski","tag-warszawa"],"share_on_mastodon":{"url":"https:\/\/pubeurope.com\/@pl\/117148791993227959","error":""},"_links":{"self":[{"href":"https:\/\/www.europesays.com\/pl\/wp-json\/wp\/v2\/posts\/642372","targetHints":{"allow":["GET"]}}],"collection":[{"href":"https:\/\/www.europesays.com\/pl\/wp-json\/wp\/v2\/posts"}],"about":[{"href":"https:\/\/www.europesays.com\/pl\/wp-json\/wp\/v2\/types\/post"}],"author":[{"embeddable":true,"href":"https:\/\/www.europesays.com\/pl\/wp-json\/wp\/v2\/users\/2"}],"replies":[{"embeddable":true,"href":"https:\/\/www.europesays.com\/pl\/wp-json\/wp\/v2\/comments?post=642372"}],"version-history":[{"count":0,"href":"https:\/\/www.europesays.com\/pl\/wp-json\/wp\/v2\/posts\/642372\/revisions"}],"wp:featuredmedia":[{"embeddable":true,"href":"https:\/\/www.europesays.com\/pl\/wp-json\/wp\/v2\/media\/642373"}],"wp:attachment":[{"href":"https:\/\/www.europesays.com\/pl\/wp-json\/wp\/v2\/media?parent=642372"}],"wp:term":[{"taxonomy":"category","embeddable":true,"href":"https:\/\/www.europesays.com\/pl\/wp-json\/wp\/v2\/categories?post=642372"},{"taxonomy":"post_tag","embeddable":true,"href":"https:\/\/www.europesays.com\/pl\/wp-json\/wp\/v2\/tags?post=642372"}],"curies":[{"name":"wp","href":"https:\/\/api.w.org\/{rel}","templated":true}]}}