{"id":642516,"date":"2026-08-24T06:53:14","date_gmt":"2026-08-24T06:53:14","guid":{"rendered":"https:\/\/www.europesays.com\/pl\/642516\/"},"modified":"2026-08-24T06:53:14","modified_gmt":"2026-08-24T06:53:14","slug":"leki-niedostepne-w-nocy-i-w-swieta-poslanka-partii-tuska-bije-na-alarm","status":"publish","type":"post","link":"https:\/\/www.europesays.com\/pl\/642516\/","title":{"rendered":"Leki niedost\u0119pne w nocy i w \u015bwi\u0119ta. Pos\u0142anka partii Tuska bije na alarm"},"content":{"rendered":"<p>Na ten problem zwr\u00f3ci\u0142a uwag\u0119 pos\u0142anka KO Karolina Pawliczak w interpelacji nr 19183 skierowanej do Ministerstwa Zdrowia. Jak podkre\u015bla, do jej biura trafiaj\u0105 sygna\u0142y od samorz\u0105dowc\u00f3w z r\u00f3\u017cnych cz\u0119\u015bci kraju. Wskazuj\u0105 oni, \u017ce obecny system opiera si\u0119 g\u0142\u00f3wnie na dobrowolno\u015bci pe\u0142nienia dy\u017cur\u00f3w przez apteki.<\/p>\n<p>Dalszy ci\u0105g artyku\u0142u pod materia\u0142em wideo<\/p>\n<p>Wed\u0142ug przedstawicieli samorz\u0105d\u00f3w takie rozwi\u0105zanie nie gwarantuje mieszka\u0144com sta\u0142ego dost\u0119pu do lek\u00f3w poza standardowymi godzinami pracy plac\u00f3wek. W praktyce oznacza to, \u017ce w niekt\u00f3rych miejscach zdobycie potrzebnego leku wieczorem np. po godz. 20 lub w nocy mo\u017ce by\u0107 bardzo utrudnione.<\/p>\n<p>Apteki nieczynne wieczorami i w nocy<\/p>\n<p>Pos\u0142anka zwraca uwag\u0119, \u017ce powiaty maj\u0105 ustawowy obowi\u0105zek dbania o dost\u0119p do us\u0142ug farmaceutycznych. Jednocze\u015bnie nie dysponuj\u0105 skutecznymi instrumentami prawnymi, kt\u00f3re pozwala\u0142yby wymusi\u0107 realizacj\u0119 wyznaczonych dy\u017cur\u00f3w. W efekcie odpowiedzialno\u015b\u0107 za bezpiecze\u0144stwo zdrowotne mieszka\u0144c\u00f3w nie idzie w parze z realnymi kompetencjami.<\/p>\n<p>W interpelacji pojawi\u0142y si\u0119 pytania o mo\u017cliwo\u015b\u0107 zmian w Prawie farmaceutycznym. Pos\u0142anka chce wiedzie\u0107, czy ministerstwo planuje nowelizacj\u0119 przepis\u00f3w reguluj\u0105cych organizacj\u0119 dy\u017cur\u00f3w aptek. Pyta r\u00f3wnie\u017c o mo\u017cliwo\u015b\u0107 wprowadzenia obowi\u0105zkowych dy\u017cur\u00f3w dla plac\u00f3wek wyznaczanych przez zarz\u0105d powiatu.<\/p>\n<p>Kolejna kwestia dotyczy finansowania takiego rozwi\u0105zania oraz stworzenia skutecznych narz\u0119dzi do egzekwowania obowi\u0105zk\u00f3w. Pos\u0142anka pyta tak\u017ce, czy resort przeprowadzi\u0142 analiz\u0119 dost\u0119pno\u015bci lek\u00f3w i us\u0142ug farmaceutycznych w porze nocnej oraz w dni wolne od pracy.<\/p>\n<p>Autorka interpelacji chce r\u00f3wnie\u017c wiedzie\u0107, czy prowadzone s\u0105 rozmowy z samorz\u0105dami i \u015brodowiskiem farmaceutycznym na temat zmian w systemie. Jej zdaniem dost\u0119p do lek\u00f3w niezale\u017cnie od dnia i godziny jest jednym z podstawowych element\u00f3w bezpiecze\u0144stwa zdrowotnego obywateli. Dlatego apeluje do Ministerstwa Zdrowia o dzia\u0142ania, kt\u00f3re pozwol\u0105 usun\u0105\u0107 obecne luki prawne i zapewni\u0107 sprawne funkcjonowanie dy\u017cur\u00f3w aptek w ca\u0142ym kraju.<\/p>\n","protected":false},"excerpt":{"rendered":"Na ten problem zwr\u00f3ci\u0142a uwag\u0119 pos\u0142anka KO Karolina Pawliczak w interpelacji nr 19183 skierowanej do Ministerstwa Zdrowia. Jak&hellip;\n","protected":false},"author":2,"featured_media":642517,"comment_status":"","ping_status":"","sticky":false,"template":"","format":"standard","meta":{"footnotes":"","_share_on_mastodon":"0"},"categories":[62713],"tags":[61195,1345,49,34602,48,5354,46,47,423,3648],"class_list":["post-642516","post","type-post","status-publish","format-standard","has-post-thumbnail","category-donald-tusk","tag-bottomfeed_styl","tag-donald-tusk","tag-kraj","tag-lekarstwa_apteki","tag-nat_styl","tag-ochrona_zdrowia","tag-omp","tag-screening_general","tag-sejm","tag-wszystkie_miasta_bloczek_regionalny_wiadomosci"],"share_on_mastodon":{"url":"https:\/\/pubeurope.com\/@pl\/117149172052985001","error":""},"_links":{"self":[{"href":"https:\/\/www.europesays.com\/pl\/wp-json\/wp\/v2\/posts\/642516","targetHints":{"allow":["GET"]}}],"collection":[{"href":"https:\/\/www.europesays.com\/pl\/wp-json\/wp\/v2\/posts"}],"about":[{"href":"https:\/\/www.europesays.com\/pl\/wp-json\/wp\/v2\/types\/post"}],"author":[{"embeddable":true,"href":"https:\/\/www.europesays.com\/pl\/wp-json\/wp\/v2\/users\/2"}],"replies":[{"embeddable":true,"href":"https:\/\/www.europesays.com\/pl\/wp-json\/wp\/v2\/comments?post=642516"}],"version-history":[{"count":0,"href":"https:\/\/www.europesays.com\/pl\/wp-json\/wp\/v2\/posts\/642516\/revisions"}],"wp:featuredmedia":[{"embeddable":true,"href":"https:\/\/www.europesays.com\/pl\/wp-json\/wp\/v2\/media\/642517"}],"wp:attachment":[{"href":"https:\/\/www.europesays.com\/pl\/wp-json\/wp\/v2\/media?parent=642516"}],"wp:term":[{"taxonomy":"category","embeddable":true,"href":"https:\/\/www.europesays.com\/pl\/wp-json\/wp\/v2\/categories?post=642516"},{"taxonomy":"post_tag","embeddable":true,"href":"https:\/\/www.europesays.com\/pl\/wp-json\/wp\/v2\/tags?post=642516"}],"curies":[{"name":"wp","href":"https:\/\/api.w.org\/{rel}","templated":true}]}}