{"id":642554,"date":"2026-08-24T07:18:15","date_gmt":"2026-08-24T07:18:15","guid":{"rendered":"https:\/\/www.europesays.com\/pl\/642554\/"},"modified":"2026-08-24T07:18:15","modified_gmt":"2026-08-24T07:18:15","slug":"fitch-publikuje-rating-i-uderza-w-prezydenta-nawrockiego-ogranicza-zdolnosci-polski","status":"publish","type":"post","link":"https:\/\/www.europesays.com\/pl\/642554\/","title":{"rendered":"Fitch publikuje rating i uderza w prezydenta Nawrockiego. &#8222;Ogranicza zdolno\u015bci Polski&#8221;"},"content":{"rendered":"\n<p>&#13;<br \/>\nFitch jako pierwsza z\u00a0trzech najwi\u0119kszych agencji ratingowych zaktualizowa\u0142a ocen\u0119 wiarygodno\u015bci kredytowej Polski. Sam rating pozosta\u0142 na\u00a0poziomie A-, podobnie jak jego negatywna perspektywa. &#13;\n<\/p>\n<p>&#13;<br \/>\nOcena agencji ma\u00a0znaczenie m.in. dla\u00a0koszt\u00f3w obs\u0142ugi polskiego d\u0142ugu. Pogorszenie ratingu mo\u017ce bowiem oznacza\u0107 wi\u0119ksz\u0105 ostro\u017cno\u015b\u0107 inwestor\u00f3w oraz\u00a0wy\u017csze oprocentowanie, kt\u00f3rego oczekuj\u0105 w\u00a0zamian za\u00a0po\u017cyczanie pa\u0144stwu pieni\u0119dzy. &#13;\n<\/p>\n<p>&#13;<br \/>\nFitch pozytywnie ocenia fundamenty polskiej gospodarki, okre\u015blaj\u0105c j\u0105 jako du\u017c\u0105, zdywersyfikowan\u0105 i\u00a0odporn\u0105. Zwraca r\u00f3wnie\u017c uwag\u0119 na\u00a0korzy\u015bci wynikaj\u0105ce z\u00a0cz\u0142onkostwa Polski w\u00a0Unii Europejskiej oraz\u00a0stabilno\u015b\u0107 polityki pieni\u0119\u017cnej. Problemem pozostaje jednak rosn\u0105ce zad\u0142u\u017cenie i\u00a0brak wystarczaj\u0105co mocnego planu jego ograniczania w\u00a0relacji do\u00a0PKB. &#13;\n<\/p>\n<p>Fitch: Weta prezydenta ograniczaj\u0105 mo\u017cliwo\u015bci rz\u0105du<\/p>\n<p>&#13;<br \/>\nW swojej analizie agencja zwr\u00f3ci\u0142a uwag\u0119 na\u00a0polityczny konflikt mi\u0119dzy rz\u0105dem Donalda Tuska a\u00a0Pa\u0142acem Prezydenckim. Zdaniem Fitch mo\u017ce on utrudnia\u0107 wprowadzanie zmian potrzebnych do\u00a0poprawy stanu finans\u00f3w publicznych. &#13;\n<\/p>\n<p>&#13;<br \/>\n&#8222;Agencja Fitch prognozuje, \u017ce\u00a0do\u00a02027\u00a0r. deficyt zmniejszy si\u0119 do\u00a06,2 proc. (&#8230;) ograniczone mo\u017cliwo\u015bci wprowadzenia dodatkowych podatk\u00f3w wi\u0105\u017c\u0105 si\u0119 z\u00a0prawdopodobnymi wetami prezydenta Nawrockiego oraz\u00a0rosn\u0105cymi wydatkami na\u00a0obron\u0119&#8221; \u2013\u00a0wskazano w\u00a0dokumencie. &#13;\n<\/p>\n<p>&#13;<br \/>\nAgencja po\u015bwi\u0119ci\u0142a temu zagadnieniu osobn\u0105 cz\u0119\u015b\u0107 komunikatu zatytu\u0142owan\u0105 &#8222;Polityka wewn\u0119trzna utrudnia konsolidacj\u0119&#8221;. Fitch zwraca uwag\u0119, \u017ce\u00a0prezydenckie weta mog\u0105 utrudnia\u0107 zar\u00f3wno zwi\u0119kszanie dochod\u00f3w pa\u0144stwa, jak i\u00a0ograniczanie wydatk\u00f3w. &#8222;Prezydent ogranicza zdolno\u015bci Polski do\u00a0wdra\u017cania polityki gospodarczej i\u00a0reform&#8221; \u2013\u00a0oceni\u0142a agencja. &#13;\n<\/p>\n<p>&#13;<br \/>\nFitch przypomnia\u0142, \u017ce\u00a0w\u00a0pierwszym p\u00f3\u0142roczu prezydentury Karol Nawrocki zawetowa\u0142 wiele ustaw, w\u00a0tym rozwi\u0105zania zwi\u0105zane ze\u00a0zwi\u0119kszaniem podatk\u00f3w lub\u00a0ograniczaniem wydatk\u00f3w. &#13;\n<\/p>\n<p>&#13;<br \/>\nJednym z\u00a0ostatnich przyk\u0142ad\u00f3w jest ustawa dotycz\u0105ca nadzwyczajnych zysk\u00f3w z\u00a0paliw, kt\u00f3r\u0105 prezydent skierowa\u0142 do\u00a0Trybuna\u0142u Konstytucyjnego w\u00a0trybie kontroli prewencyjnej. Wed\u0142ug strony rz\u0105dowej oznacza to\u00a0brak nawet 4\u00a0mld z\u0142 planowanych wp\u0142yw\u00f3w. &#13;\n<\/p>\n<p>&#13;<br \/>\n\u2013 Prezydent Nawrocki zablokowa\u0142 kolejne 4\u00a0mld z\u0142 dla\u00a0bud\u017cetu Polski. To\u00a0\u015brodki, kt\u00f3re mia\u0142y sfinansowa\u0107 pakiet CPN chroni\u0105cy Polak\u00f3w przed wysokimi cenami paliw \u2013\u00a0komentowa\u0142 minister finans\u00f3w Andrzej Doma\u0144ski. &#13;\n<\/p>\n<p>Wydatki rosn\u0105. Przed Polsk\u0105 wybory<\/p>\n<p>&#13;<br \/>\nFitch zwraca uwag\u0119 r\u00f3wnie\u017c na\u00a0problemy po\u00a0stronie samego obozu rz\u0105dz\u0105cego. Niejednorodno\u015b\u0107 koalicji mo\u017ce utrudnia\u0107 podejmowanie decyzji dotycz\u0105cych finans\u00f3w publicznych. Dodatkowym czynnikiem ryzyka jest zbli\u017caj\u0105ca si\u0119 kampania przed wyborami parlamentarnymi w\u00a02027\u00a0r., kt\u00f3ra mo\u017ce zwi\u0119kszy\u0107 presj\u0119 na\u00a0kolejne wydatki. &#13;\n<\/p>\n<p>&#13;<br \/>\nRz\u0105d zapowiedzia\u0142 w\u00a0ostatnich dniach pakiet zmian podatkowych. Zak\u0142ada on m.in. zmiany prog\u00f3w PIT, zwi\u0119kszenie obci\u0105\u017ce\u0144 cz\u0119\u015bci najlepiej zarabiaj\u0105cych podatnik\u00f3w rozliczaj\u0105cych si\u0119 rycza\u0142tem oraz\u00a0podwy\u017cszenie CIT dla\u00a0najwi\u0119kszych przedsi\u0119biorstw. &#13;\n<\/p>\n<p>&#13;<br \/>\nCho\u0107 pocz\u0105tkowo zapowiadano, \u017ce\u00a0reforma b\u0119dzie neutralna dla\u00a0finans\u00f3w publicznych, z\u00a0przedstawionego projektu wynika, \u017ce\u00a0mo\u017ce przynie\u015b\u0107 dodatkowe kilka miliard\u00f3w z\u0142otych rocznie, przede wszystkim dla\u00a0NFZ i\u00a0samorz\u0105d\u00f3w. &#13;\n<\/p>\n<p>&#13;<br \/>\nJednocze\u015bnie premier Donald Tusk zapowiedzia\u0142 zwi\u0119kszenie finansowania ochrony zdrowia. W\u00a02027\u00a0r. z\u00a0bud\u017cetu pa\u0144stwa ma\u00a0zosta\u0107 przeznaczone na\u00a0ten cel o\u00a017 mld z\u0142 wi\u0119cej. Projekt przysz\u0142orocznego bud\u017cetu rz\u0105d ma\u00a0przyj\u0105\u0107 do\u00a0ko\u0144ca sierpnia. &#13;<\/p>\n","protected":false},"excerpt":{"rendered":"&#13; Fitch jako pierwsza z\u00a0trzech najwi\u0119kszych agencji ratingowych zaktualizowa\u0142a ocen\u0119 wiarygodno\u015bci kredytowej Polski. Sam rating pozosta\u0142 na\u00a0poziomie A-,&hellip;\n","protected":false},"author":2,"featured_media":642555,"comment_status":"","ping_status":"","sticky":false,"template":"","format":"standard","meta":{"footnotes":"","_share_on_mastodon":"0"},"categories":[16],"tags":[113,112,389,98,105,47074,49,42,38,40,39,41,24094,47075,380],"class_list":["post-642554","post","type-post","status-publish","format-standard","has-post-thumbnail","category-biznes","tag-biznes","tag-business","tag-domanski","tag-dorzeczy","tag-ekonomia","tag-fitch","tag-kraj","tag-pl","tag-poland","tag-polish","tag-polska","tag-polski","tag-prezydent-nawrocki","tag-rating","tag-rzad"],"share_on_mastodon":{"url":"","error":""},"_links":{"self":[{"href":"https:\/\/www.europesays.com\/pl\/wp-json\/wp\/v2\/posts\/642554","targetHints":{"allow":["GET"]}}],"collection":[{"href":"https:\/\/www.europesays.com\/pl\/wp-json\/wp\/v2\/posts"}],"about":[{"href":"https:\/\/www.europesays.com\/pl\/wp-json\/wp\/v2\/types\/post"}],"author":[{"embeddable":true,"href":"https:\/\/www.europesays.com\/pl\/wp-json\/wp\/v2\/users\/2"}],"replies":[{"embeddable":true,"href":"https:\/\/www.europesays.com\/pl\/wp-json\/wp\/v2\/comments?post=642554"}],"version-history":[{"count":0,"href":"https:\/\/www.europesays.com\/pl\/wp-json\/wp\/v2\/posts\/642554\/revisions"}],"wp:featuredmedia":[{"embeddable":true,"href":"https:\/\/www.europesays.com\/pl\/wp-json\/wp\/v2\/media\/642555"}],"wp:attachment":[{"href":"https:\/\/www.europesays.com\/pl\/wp-json\/wp\/v2\/media?parent=642554"}],"wp:term":[{"taxonomy":"category","embeddable":true,"href":"https:\/\/www.europesays.com\/pl\/wp-json\/wp\/v2\/categories?post=642554"},{"taxonomy":"post_tag","embeddable":true,"href":"https:\/\/www.europesays.com\/pl\/wp-json\/wp\/v2\/tags?post=642554"}],"curies":[{"name":"wp","href":"https:\/\/api.w.org\/{rel}","templated":true}]}}