{"id":642594,"date":"2026-08-24T07:45:11","date_gmt":"2026-08-24T07:45:11","guid":{"rendered":"https:\/\/www.europesays.com\/pl\/642594\/"},"modified":"2026-08-24T07:45:11","modified_gmt":"2026-08-24T07:45:11","slug":"wizyta-lewandowskiego-w-cieniu-skandalu-gwiazdora-wyrzucono-z-hali","status":"publish","type":"post","link":"https:\/\/www.europesays.com\/pl\/642594\/","title":{"rendered":"Wizyta Lewandowskiego w cieniu skandalu. Gwiazdora wyrzucono z hali"},"content":{"rendered":"\n<p class=\"contentpart contentpart--default contentpart--text\" data-position=\"0\"><a href=\"https:\/\/sportowefakty.wp.pl\/pilka-nozna\/robert-lewandowski\" rel=\"nofollow noopener\" target=\"_blank\">Robert Lewandowski<\/a>\u00a0w niedziel\u0119 mia\u0142 wolny wiecz\u00f3r i wybra\u0142 si\u0119 na mecz koszyk\u00f3wki. I to nie byle jaki, bo <a href=\"https:\/\/sportowefakty.wp.pl\/koszykowka\/wnba\" rel=\"nofollow noopener\" target=\"_blank\">WNBA<\/a>. W najlepszej kobiecej lidze \u015bwiata mierzy\u0142y si\u0119 ze sob\u0105 Chicago Sky\u00a0i Indiana Fever.<\/p>\n<p class=\"contentpart contentpart--default contentpart--text\" data-position=\"1\">Podczas spotkania dosz\u0142o do skandalu, w kt\u00f3rym g\u0142\u00f3wne role odegrali <a href=\"https:\/\/sportowefakty.wp.pl\/koszykowka\/enes-kanter\" rel=\"nofollow noopener\" target=\"_blank\">Enes Kanter<\/a>\u00a0i Natasha Cloud. Przepychanka s\u0142owna wybuch\u0142a podczas przerwy na \u017c\u0105danie, gdy Indiana Fever prowadzi\u0142a 81:75.<\/p>\n<p>  <img decoding=\"async\" src=\"https:\/\/v.wpimg.pl\/X3dwLnN2d1IFFTpdYUl6R0ZNbgcnEHQREVV2TGEGbUtRT2MdOlZ2RBQUKABgQjQcDRotCStBd1IAAWMeIlM7VgwYIAorQAdEFFk_GCkQJQ\" alt=\"\" width=\"45\" height=\"58\" loading=\"lazy\"\/>  <\/p>\n<p class=\"contentpart contentpart--default contentpart--text\" data-position=\"2\">Cloud zacz\u0119\u0142a zwraca\u0107 si\u0119 do Kanter Freedoma z parkietu, a on odpowiedzia\u0142 i ruszy\u0142 w stron\u0119 boiska, co sk\u0142oni\u0142o ochron\u0119 do interwencji.<\/p>\n<p class=\"contentpart contentpart--default contentpart--text\" data-position=\"3\">ZOBACZ WIDEO: Polak \u017cyje w Hiszpanii jak w raju. &#8222;Nie musz\u0119 si\u0119 martwi\u0107 o jutro&#8221;<\/p>\n<p class=\"contentpart contentpart--default contentpart--text\" data-position=\"5\">Po chwili porz\u0105dkowi wyprowadzili by\u0142ego centra <a href=\"https:\/\/sportowefakty.wp.pl\/koszykowka\/nba\" rel=\"nofollow noopener\" target=\"_blank\">NBA<\/a>, a z trybun s\u0142ycha\u0107 by\u0142o gwizdy i okrzyki. Jak podaje FoxNews, Freedom siedzia\u0142 tu\u017c przy linii bocznej i od pocz\u0105tku wzbudza\u0142 w\u015br\u00f3d cz\u0119\u015bci kibic\u00f3w wyra\u017ane emocje.<\/p>\n<p class=\"contentpart contentpart--default contentpart--text\" data-position=\"6\">Tu\u017c po wyproszeniu z hali Freedom napisa\u0142 na X: &#8222;W\u0142a\u015bnie wyrzucili mnie z meczu WNBA za wspieranie KOBIET! Niech to do was dotrze, AMERYKO!&#8221;. Doda\u0142 te\u017c: &#8222;Zawsze to kobiety nienawidz\u0105 innych kobiet&#8221;.<\/p>\n<p>  <img decoding=\"async\" src=\"https:\/\/v.wpimg.pl\/X3dwLnN2d1IFFTpdYUl6R0ZNbgcnEHQREVV2TGEGbUtRT2MdOlZ2RBQUKABgQjQcDRotCStBd1IAAWMeIlM7VgwYIAorQAdEFFk_GCkQJQ\" alt=\"\" width=\"45\" height=\"58\" loading=\"lazy\"\/>  <\/p>\n<p class=\"contentpart contentpart--default contentpart--text\" data-position=\"7\">Ju\u017c wcze\u015bniej dochodzi\u0142o do spi\u0119\u0107 wok\u00f3\u0142 obecno\u015bci koszykarza w Chicago. Freedom mia\u0142 pojawi\u0107 si\u0119 w koszulce z wydrukowan\u0105 definicj\u0105 s\u0142owa &#8222;kobieta&#8221;, a w przerwie zamie\u015bci\u0142 zdj\u0119cie spod toalety z podpisem: &#8222;Jest przerwa i musz\u0119 skorzysta\u0107 z toalety\u2026 Zasady to zasady WNBA&#8221;.<\/p>\n<p class=\"contentpart contentpart--default contentpart--text\" data-position=\"8\">Wed\u0142ug relacji z miejsca zdarzenia, przed meczem przed aren\u0105 dosz\u0142o do konfrontacji z grup\u0105 kibic\u00f3w, a ochrona tworzy\u0142a wok\u00f3\u0142 niego kordon. Freedom opublikowa\u0142 nagranie i napisa\u0142: &#8222;Atakuj\u0105 nas przed meczem WNBA w Chicago&#8221;.<\/p>\n<p class=\"contentpart contentpart--default contentpart--text\" data-position=\"9\">Spotkanie zako\u0144czy\u0142o si\u0119 wysokim zwyci\u0119stwem Indiana Fever 113:90.<\/p>\n","protected":false},"excerpt":{"rendered":"Robert Lewandowski\u00a0w niedziel\u0119 mia\u0142 wolny wiecz\u00f3r i wybra\u0142 si\u0119 na mecz koszyk\u00f3wki. I to nie byle jaki, bo&hellip;\n","protected":false},"author":2,"featured_media":642595,"comment_status":"","ping_status":"","sticky":false,"template":"","format":"standard","meta":{"footnotes":"","_share_on_mastodon":"0"},"categories":[24],"tags":[126000,2449,6779,42,38,40,39,41,273,127,268,126,46304],"class_list":["post-642594","post","type-post","status-publish","format-standard","has-post-thumbnail","category-sport","tag-enes-kanter","tag-koszykowka","tag-nba","tag-pl","tag-poland","tag-polish","tag-polska","tag-polski","tag-robert-lewandowski","tag-sport","tag-sportowybar","tag-sports","tag-wnba"],"share_on_mastodon":{"url":"https:\/\/pubeurope.com\/@pl\/117149377188531634","error":""},"_links":{"self":[{"href":"https:\/\/www.europesays.com\/pl\/wp-json\/wp\/v2\/posts\/642594","targetHints":{"allow":["GET"]}}],"collection":[{"href":"https:\/\/www.europesays.com\/pl\/wp-json\/wp\/v2\/posts"}],"about":[{"href":"https:\/\/www.europesays.com\/pl\/wp-json\/wp\/v2\/types\/post"}],"author":[{"embeddable":true,"href":"https:\/\/www.europesays.com\/pl\/wp-json\/wp\/v2\/users\/2"}],"replies":[{"embeddable":true,"href":"https:\/\/www.europesays.com\/pl\/wp-json\/wp\/v2\/comments?post=642594"}],"version-history":[{"count":0,"href":"https:\/\/www.europesays.com\/pl\/wp-json\/wp\/v2\/posts\/642594\/revisions"}],"wp:featuredmedia":[{"embeddable":true,"href":"https:\/\/www.europesays.com\/pl\/wp-json\/wp\/v2\/media\/642595"}],"wp:attachment":[{"href":"https:\/\/www.europesays.com\/pl\/wp-json\/wp\/v2\/media?parent=642594"}],"wp:term":[{"taxonomy":"category","embeddable":true,"href":"https:\/\/www.europesays.com\/pl\/wp-json\/wp\/v2\/categories?post=642594"},{"taxonomy":"post_tag","embeddable":true,"href":"https:\/\/www.europesays.com\/pl\/wp-json\/wp\/v2\/tags?post=642594"}],"curies":[{"name":"wp","href":"https:\/\/api.w.org\/{rel}","templated":true}]}}