{"id":642610,"date":"2026-08-24T07:53:28","date_gmt":"2026-08-24T07:53:28","guid":{"rendered":"https:\/\/www.europesays.com\/pl\/642610\/"},"modified":"2026-08-24T07:53:28","modified_gmt":"2026-08-24T07:53:28","slug":"rafal-brzoska-kontra-meta-tym-razem-chodzi-o-deepfake-z-karolem-nawrockim","status":"publish","type":"post","link":"https:\/\/www.europesays.com\/pl\/642610\/","title":{"rendered":"Rafa\u0142 Brzoska kontra Meta. Tym razem chodzi o deepfake z Karolem Nawrockim"},"content":{"rendered":"<p>Deepfake z Nawrockim kr\u0105\u017cy w sieci. Brzoska uderza w Met\u0119<\/p>\n<p class=\"font-primary mb-8 text-lg leading-[1.55] [&amp;_a]:text-[#23437D] [&amp;_a]:underline [&amp;_a]:font-bold\">Prezes InPost Rafa\u0142 Brzoska po raz kolejny zwr\u00f3ci\u0142 uwag\u0119 na deepfake<br \/>\nwygenerowany przy u\u017cyciu sztucznej inteligencji i rozpowszechniany w mediach<br \/>\nspo\u0142eczno\u015bciowych. Tym razem oszu\u015bci wykorzystali wizerunek prezydenta<br \/>\nKarola Nawrockiego.<\/p>\n<p class=\"text-dark text-center text-lg leading-[1.35] font-semibold italic md:!text-2xl\">Nowy dzie\u0144 i nowy scam serwowany bez \u017cadnych opor\u00f3w przez Meta z prezydentem Karolem Nawrockim w roli g\u0142\u00f3wnej<\/p>\n<p>Rafa\u0142 Brzoska<\/p>\n<p class=\"font-primary mb-8 text-lg leading-[1.55] [&amp;_a]:text-[#23437D] [&amp;_a]:underline [&amp;_a]:font-bold\">Jak zaznaczy\u0142, przedstawiciele Meta przekonuj\u0105, \u017ce nie s\u0105<br \/>\nw stanie skutecznie przeciwdzia\u0142a\u0107 takim tre\u015bciom. Brzoska zaapelowa\u0142 wi\u0119c<br \/>\ndo internaut\u00f3w o podpisanie petycji, kt\u00f3ra wzywa do zdecydowanej reakcji wobec<br \/>\nplatformy. &#8222;Je\u015bli chcemy temu powiedzie\u0107 stanowcze &#8222;NIE&#8221; &#8211; podpiszcie<br \/>\npetycj\u0119 wzywaj\u0105c\u0105 do na\u0142o\u017cenia kar wi\u0119kszych ni\u017c ich przychody z tego scamu!&#8221; &#8211; napisa\u0142.<\/p>\n<p>Sp\u00f3r Brzoski z Met\u0105 eskaluje. W konflikt w\u0142\u0105czy\u0142 si\u0119 polski rz\u0105d<\/p>\n<p class=\"font-primary mb-8 text-lg leading-[1.55] [&amp;_a]:text-[#23437D] [&amp;_a]:underline [&amp;_a]:font-bold\">Konflikt prezesa InPost Rafa\u0142a Brzoski z Met\u0105 wybuch\u0142 na tle<br \/>\nmasowo wy\u015bwietlanych na Facebooku i Instagramie fa\u0142szywych reklam typu<br \/>\ndeepfake i scam. Oszu\u015bci bezprawnie wykorzystywali w nich wizerunek<br \/>\nprzedsi\u0119biorcy oraz jego \u017cony, pr\u00f3buj\u0105c w ten spos\u00f3b wy\u0142udza\u0107 pieni\u0105dze.<\/p>\n<p class=\"font-primary mb-8 text-lg leading-[1.55] [&amp;_a]:text-[#23437D] [&amp;_a]:underline [&amp;_a]:font-bold\">Mimo orzecze\u0144 s\u0105d\u00f3w oraz decyzji Urz\u0119du Ochrony Danych<br \/>\nOsobowych (UODO), nakazuj\u0105cych blokowanie takich tre\u015bci, fa\u0142szywe reklamy<br \/>\nnadal pojawia\u0142y si\u0119 na platformach i &#8211; jak informowa\u0142 Brzoska &#8211; <a href=\"https:\/\/polskieradio24.pl\/polska\/rafal-brzoska-wsciekly-na-koncern-meta-moje-dzieci-pytaja-o-co-chodzi\" rel=\"nofollow noopener\" target=\"_blank\">dotar\u0142y nawet<br \/>\ndo jego dzieci<\/a>. To sk\u0142oni\u0142o biznesmena do publicznej krytyki Mety, a tak\u017ce wymienienia<br \/>\nnazwisk polskich mened\u017cer\u00f3w pracuj\u0105cych dla koncernu.<\/p>\n<p>Redakcja poleca<\/p>\n<p class=\"font-primary mb-8 text-lg leading-[1.55] [&amp;_a]:text-[#23437D] [&amp;_a]:underline [&amp;_a]:font-bold\">Meta tymczasowo zablokowa\u0142a nast\u0119pnie konto Brzoski,<br \/>\njednocze\u015bnie odrzucaj\u0105c odpowiedzialno\u015b\u0107 za problem. Sprawa nabra\u0142a r\u00f3wnie\u017c<br \/>\npolitycznego wymiaru &#8211; w konflikt w\u0142\u0105czy\u0142 si\u0119 polski rz\u0105d, domagaj\u0105c si\u0119 od<br \/>\ntechnologicznego giganta wyja\u015bnie\u0144.<\/p>\n<p class=\"font-primary mb-8 text-lg leading-[1.55] [&amp;_a]:text-[#23437D] [&amp;_a]:underline [&amp;_a]:font-bold\">Brzoska zapowiedzia\u0142, \u017ce nie zamierza ogranicza\u0107 si\u0119 do<br \/>\nw\u0142asnego sporu z Met\u0105. Chce stworzy\u0107 ruch spo\u0142eczny, kt\u00f3ry b\u0119dzie systemowo<br \/>\nwalczy\u0142 z nadu\u017cyciami ze strony Big Tech\u00f3w.<\/p>\n<p>DSA pozwala kara\u0107 cyfrowych gigant\u00f3w. W Polsce trwa sp\u00f3r o przepisy<\/p>\n<p class=\"font-primary mb-8 text-lg leading-[1.55] [&amp;_a]:text-[#23437D] [&amp;_a]:underline [&amp;_a]:font-bold\">W styczniu br. prezydent Karol Nawrocki zawetowa\u0142<br \/>\nnowelizacj\u0119 ustawy o \u015bwiadczeniu us\u0142ug drog\u0105 elektroniczn\u0105, kt\u00f3ra mia\u0142a wdro\u017cy\u0107<br \/>\ndo polskiego prawa unijne rozporz\u0105dzenie DSA. Swoj\u0105 decyzj\u0119 uzasadnia\u0142<br \/>\nm.in. obawami, \u017ce proponowane przepisy mog\u0105 prowadzi\u0107 do ograniczenia wolno\u015bci<br \/>\nwypowiedzi.\u00a0Obecnie w Sejmie procedowany jest kolejny projekt<br \/>\nnowelizacji, kt\u00f3ry ma umo\u017cliwi\u0107 skuteczne stosowanie unijnych regulacji.<\/p>\n<p>Redakcja poleca<\/p>\n<p class=\"font-primary mb-8 text-lg leading-[1.55] [&amp;_a]:text-[#23437D] [&amp;_a]:underline [&amp;_a]:font-bold\">Akt o us\u0142ugach cyfrowych (DSA) to pierwsza na \u015bwiecie tak<br \/>\nkompleksowa regulacja przestrzeni cyfrowej, nak\u0142adaj\u0105ca na firmy dzia\u0142aj\u0105ce<br \/>\nw ca\u0142ej UE odpowiedzialno\u015b\u0107 za tre\u015bci publikowane na ich platformach. Przepisy<br \/>\nw pe\u0142ni obowi\u0105zuj\u0105 w pa\u0144stwach cz\u0142onkowskich od lutego 2024 roku.\u00a0Na podstawie DSA Komisja Europejska na\u0142o\u017cy\u0142a w tym roku kary<br \/>\nm.in. na platformy Temu i AliExpress &#8211; odpowiednio 200 mln euro i 550 mln<br \/>\neuro.<\/p>\n<p>Redakcja poleca<\/p>\n","protected":false},"excerpt":{"rendered":"Deepfake z Nawrockim kr\u0105\u017cy w sieci. Brzoska uderza w Met\u0119 Prezes InPost Rafa\u0142 Brzoska po raz kolejny zwr\u00f3ci\u0142&hellip;\n","protected":false},"author":2,"featured_media":642611,"comment_status":"","ping_status":"","sticky":false,"template":"","format":"standard","meta":{"footnotes":"","_share_on_mastodon":"0"},"categories":[62712],"tags":[690,1158],"class_list":["post-642610","post","type-post","status-publish","format-standard","has-post-thumbnail","category-karol-nawrocki","tag-karol-nawrocki","tag-media"],"share_on_mastodon":{"url":"https:\/\/pubeurope.com\/@pl\/117149407931695321","error":""},"_links":{"self":[{"href":"https:\/\/www.europesays.com\/pl\/wp-json\/wp\/v2\/posts\/642610","targetHints":{"allow":["GET"]}}],"collection":[{"href":"https:\/\/www.europesays.com\/pl\/wp-json\/wp\/v2\/posts"}],"about":[{"href":"https:\/\/www.europesays.com\/pl\/wp-json\/wp\/v2\/types\/post"}],"author":[{"embeddable":true,"href":"https:\/\/www.europesays.com\/pl\/wp-json\/wp\/v2\/users\/2"}],"replies":[{"embeddable":true,"href":"https:\/\/www.europesays.com\/pl\/wp-json\/wp\/v2\/comments?post=642610"}],"version-history":[{"count":0,"href":"https:\/\/www.europesays.com\/pl\/wp-json\/wp\/v2\/posts\/642610\/revisions"}],"wp:featuredmedia":[{"embeddable":true,"href":"https:\/\/www.europesays.com\/pl\/wp-json\/wp\/v2\/media\/642611"}],"wp:attachment":[{"href":"https:\/\/www.europesays.com\/pl\/wp-json\/wp\/v2\/media?parent=642610"}],"wp:term":[{"taxonomy":"category","embeddable":true,"href":"https:\/\/www.europesays.com\/pl\/wp-json\/wp\/v2\/categories?post=642610"},{"taxonomy":"post_tag","embeddable":true,"href":"https:\/\/www.europesays.com\/pl\/wp-json\/wp\/v2\/tags?post=642610"}],"curies":[{"name":"wp","href":"https:\/\/api.w.org\/{rel}","templated":true}]}}