{"id":642784,"date":"2026-08-24T09:43:11","date_gmt":"2026-08-24T09:43:11","guid":{"rendered":"https:\/\/www.europesays.com\/pl\/642784\/"},"modified":"2026-08-24T09:43:11","modified_gmt":"2026-08-24T09:43:11","slug":"rozlam-miedzy-dawnymi-sojusznikami-jestesmy-w-stanie-wojny-partner-odwraca-sie-od-trumpa","status":"publish","type":"post","link":"https:\/\/www.europesays.com\/pl\/642784\/","title":{"rendered":"Roz\u0142am mi\u0119dzy dawnymi sojusznikami. &#8222;Jeste\u015bmy w stanie wojny&#8221;. Partner odwraca si\u0119 od Trumpa"},"content":{"rendered":"<p>Donald Trump oskar\u017cy\u0142 Kanad\u0119 o to, \u017ce chce czerpa\u0107 korzy\u015bci z bycia stanem USA, zachowuj\u0105c jednocze\u015bnie swoj\u0105 niezale\u017cno\u015b\u0107. Mark Carney, premier Kanady, og\u0142osi\u0142 w sobot\u0119, \u017ce odpowie na nowe c\u0142a USA &#8222;dolar za dolara&#8221;, o\u015bwiadczaj\u0105c, \u017ce Ottawa jest &#8222;w stanie wojny&#8221; ze swoim s\u0105siadem.<\/p>\n<p>Amerykanie zareagowali w\u015bciek\u0142o\u015bci\u0105 na tward\u0105 postaw\u0119 Kanady. USA staraj\u0105 si\u0119 przywo\u0142a\u0107 swojego &#8222;junior partnera&#8221; z powrotem do sto\u0142u negocjacji, czerwona linia zosta\u0142a ju\u017c jednak przekroczona.<\/p>\n<p>Trump napisa\u0142 na Truth Social: &#8222;Przez wiele lat nak\u0142adali r\u00f3wnie\u017c na naszych wspania\u0142ych rolnik\u00f3w ogromne kwoty ce\u0142. Koniec z tym!!! Prezydent DJT.&#8221;<\/p>\n<p>W niedziel\u0119 Sean Duffy, sekretarz transportu USA, stwierdzi\u0142, \u017ce Kanada wyjdzie gorzej z konfrontacji z Trumpem w wojnie handlowej.<\/p>\n<p>Dalszy ci\u0105g artyku\u0142u pod materia\u0142em wideo<\/p>\n<p>Na Stany Zjednoczone przypada ok. 70 proc. kanadyjskiego eksportu.<\/p>\n<p>&#8222;Jeste\u015bmy \u015bwietnymi partnerami handlowymi, prawda? Ale Kanada czerpie z handlu ze Stanami Zjednoczonymi znacznie wi\u0119ksze korzy\u015bci ni\u017c Stany Zjednoczone z handlu z Kanad\u0105&#8221; \u2014 powiedzia\u0142 Duffy w niedzielnym programie publicystycznym &#8222;Fox News Sunday&#8221;.<\/p>\n<p>&#8222;My\u015blenie, \u017ce zamierzaj\u0105 wypowiedzie\u0107 wojn\u0119 Donaldowi Trumpowi i faktycznie wygra\u0107 t\u0119 wojn\u0119 ze Stanami Zjednoczonymi, uwa\u017cam za g\u0142upot\u0119 z ich strony&#8221; \u2014 doda\u0142.<\/p>\n<p>Trump boi si\u0119 impeachmentu. &#8222;Stracicie wszystko&#8221;. Panika w obozie Republikan\u00f3w<img class=\"ods-a-photo ods-a-photo--background\" src=\"https:\/\/www.europesays.com\/pl\/wp-content\/uploads\/2026\/08\/csik9lBaHR0cHM6Ly9vY2RuLmV1L3B1bHNjbXMvTURBXy9mYjE1OTE0MjczMDE4YWQ4MzMwM2ZlNmUyYmExMGQwNC5qcGeRlQLNA.jpeg\" height=\"300\" width=\"450\" alt=\"Donald Trump\" loading=\"lazy\" fetchpriority=\"low\" decoding=\"async\"\/><\/p>\n<p>Duffy przewiduje, \u017ce Carney powr\u00f3ci do negocjacji &#8222;bardzo, bardzo szybko, poniewa\u017c b\u0119dzie to mia\u0142o katastrofalne skutki dla jego kraju&#8221;.<\/p>\n<p>Od czasu powrotu Trumpa do urz\u0119du przedstawiciele Bia\u0142ego Domu wielokrotnie twierdzili, \u017ce Kanada powinna sta\u0107 si\u0119 &#8222;51. stanem&#8221; Ameryki.<\/p>\n<p>Waszyngton na\u0142o\u017cy\u0142 50-procentowe c\u0142a na kanadyjskie towary o warto\u015bci 20 mld dol. (ok. 74 mld z\u0142) po <a href=\"https:\/\/www.onet.pl\/informacje\/onetwiadomosci\/feeria-kaprysow-miedzy-usa-a-kanada-zawrzalo-zaczyna-sie-wojna-celna\/6bwmpck,79cfc278\" id=\"73e88d32-bc09-4f2d-b495-e7040f52ce18\" rel=\"nofollow noopener\" target=\"_blank\">za\u0142amaniu si\u0119 rozm\u00f3w handlowych w pi\u0105tek<\/a>. Oba kraje by\u0142y optymistycznie nastawione co do osi\u0105gni\u0119cia porozumienia na pocz\u0105tku tego tygodnia, ale negocjacje zako\u0144czy\u0142y si\u0119 fiaskiem po tym, jak ka\u017cda ze stron oskar\u017cy\u0142a drug\u0105 o wprowadzanie zmian w ostatniej chwili.&#8221;Zostali\u015bmy zaatakowani&#8221;<\/p>\n<p>Nowe c\u0142a, na\u0142o\u017cone dodatkowo na ju\u017c obowi\u0105zuj\u0105ce c\u0142a na kanadyjsk\u0105 stal, aluminium, samochody i drewno, b\u0119d\u0105 mia\u0142y zastosowanie do takich produkt\u00f3w, jak kije hokejowe, cement, odzie\u017c, wino i nabia\u0142.<\/p>\n<p>Carney nazwa\u0142 nowe c\u0142a &#8222;b\u0142\u0119dn\u0105 kalkulacj\u0105&#8221; maj\u0105c\u0105 na celu &#8222;zaszkodzenie i podzielenie&#8221; Kanady, dodaj\u0105c, \u017ce od 8 wrze\u015bnia Ottawa wprowadzi c\u0142a odpowiadaj\u0105ce c\u0142om Trumpa na stal, nabia\u0142, sprz\u0119t AGD i elektronik\u0119.<\/p>\n<p>\u2014 \u017b\u0105dali zbyt wiele, a oferowali zbyt ma\u0142o. Nie byli\u015bmy gotowi naruszy\u0107 suwerenno\u015bci Kanady ani os\u0142abi\u0107 naszych kluczowych ga\u0142\u0119zi przemys\u0142u. Kiedy zostajesz zaatakowany, to znaczy, \u017ce jeste\u015b w stanie wojny. Zostali\u015bmy zaatakowani \u2014 powiedzia\u0142 Carney, odnosz\u0105c si\u0119 do za\u0142amania si\u0119 negocjacji.<\/p>\n<p>C\u0142a oznaczaj\u0105 eskalacj\u0119 napi\u0119\u0107 handlowych mi\u0119dzy p\u00f3\u0142nocnoameryka\u0144skimi s\u0105siadami. Wzbudzi\u0142y one nowe obawy co do przysz\u0142o\u015bci porozumienia handlowego USMCA mi\u0119dzy USA, Kanad\u0105 i Meksykiem.<\/p>\n<p>Codziennie przez granic\u0119 do USA trafiaj\u0105 kanadyjskie towary o warto\u015bci co najmniej 3,6 mld dol. kanadyjskich (9,81 mld z\u0142), co stanowi ponad 75 proc. ca\u0142kowitego eksportu Kanady.<\/p>\n<p>C\u0142a b\u0119d\u0105 mia\u0142y wp\u0142yw na oko\u0142o 20 mld dol. rocznego obrotu handlowego i 2 proc. wymiany handlowej mi\u0119dzy obydwoma krajami. Kanada jest drugim co do wielko\u015bci partnerem handlowym Stan\u00f3w Zjednoczonych.<\/p>\n<p>Podczas ostatnich rozm\u00f3w w Waszyngtonie Kanada stara\u0142a si\u0119 o zwolnienie z ameryka\u0144skich ce\u0142 na samochody, stal i aluminium, kt\u00f3re os\u0142abi\u0142y gospodark\u0119 kraju, spowodowa\u0142y utrat\u0119 miejsc pracy i nadwyr\u0119\u017cy\u0142y niegdy\u015b niezwykle trwa\u0142e stosunki handlowe.<\/p>\n<p>Bia\u0142y Dom zarzuca\u0142 Kanadzie &#8222;dyskryminacyjne traktowanie&#8221; ameryka\u0144skich alkoholi, samochod\u00f3w i produkt\u00f3w mlecznych poprzez wprowadzenie ce\u0142.<\/p>\n<p>Jamieson Greer, przedstawiciel handlowy USA, powiedzia\u0142 &#8222;New York Timesowi&#8221;, \u017ce Stany Zjednoczone zaproponowa\u0142y obni\u017cenie ce\u0142 na stal, aluminium i samochody, a tak\u017ce zniesienie niedawno na\u0142o\u017conego c\u0142a na kanadyjskie drewno budowlane.<\/p>\n<p>Greer stwierdzi\u0142, \u017ce \u015brodki te zapewni\u0142yby Kanadzie &#8222;najbardziej preferencyjne traktowanie spo\u015br\u00f3d wszystkich partner\u00f3w handlowych&#8221;. Doda\u0142 r\u00f3wnie\u017c, \u017ce nie planuje si\u0119 \u017cadnych nowych rozm\u00f3w z kanadyjskimi negocjatorami.<\/p>\n<p>Trump od dawna zajmuje agresywne stanowisko wobec swojego p\u00f3\u0142nocnego s\u0105siada, regularnie gro\u017c\u0105c temu krajowi sankcjami gospodarczymi i twierdz\u0105c, \u017ce Kanada powinna sta\u0107 si\u0119 &#8222;51. stanem&#8221; USA.<\/p>\n<p>Wielokrotnie prowokowa\u0142 Justina Trudeau, by\u0142ego premiera Kanady, twierdz\u0105c, \u017ce Kanadyjczycy p\u0142aciliby ni\u017csze podatki i otrzymywaliby lepsz\u0105 ochron\u0119 wojskow\u0105, gdyby kraj ten do\u0142\u0105czy\u0142 do Stan\u00f3w Zjednoczonych.<\/p>\n<p>W styczniu opublikowa\u0142 wygenerowany przez sztuczn\u0105 inteligencj\u0119 obraz przedstawiaj\u0105cy spotkanie w Gabinecie Owalnym z europejskimi przyw\u00f3dcami, na kt\u00f3rym Kanada by\u0142a przedstawiona w barwach flagi ameryka\u0144skiej.<\/p>\n<p>Carney, by\u0142y prezes Banku Anglii, zosta\u0142 wybrany na premiera Kanady w 2025 r. po przeprowadzeniu kampanii wyborczej opartej na obietnicy przeciwstawienia si\u0119 Trumpowi.<\/p>\n<p>Prezydent USA cz\u0119sto atakowa\u0142 Carneya publicznie od momentu obj\u0119cia przez niego urz\u0119du, nazywaj\u0105c go &#8222;pod\u0142ym&#8221;. W lipcu Trump zapowiedzia\u0142 r\u00f3wnie\u017c na\u0142o\u017cenie ce\u0142, poniewa\u017c dym z kanadyjskich po\u017car\u00f3w las\u00f3w przedostawa\u0142 si\u0119 przez granic\u0119 na \u015arodkowy Zach\u00f3d i p\u00f3\u0142nocny wsch\u00f3d Stan\u00f3w Zjednoczonych.<\/p>\n","protected":false},"excerpt":{"rendered":"Donald Trump oskar\u017cy\u0142 Kanad\u0119 o to, \u017ce chce czerpa\u0107 korzy\u015bci z bycia stanem USA, zachowuj\u0105c jednocze\u015bnie swoj\u0105 niezale\u017cno\u015b\u0107.&hellip;\n","protected":false},"author":2,"featured_media":642785,"comment_status":"","ping_status":"","sticky":false,"template":"","format":"standard","meta":{"footnotes":"","_share_on_mastodon":"0"},"categories":[14],"tags":[56,61195,32,33,44,27,193,34,35,28,31,48,25,46,55,40,41,47,80,29,30,71,26,82,83,84],"class_list":["post-642784","post","type-post","status-publish","format-standard","has-post-thumbnail","category-swiat","tag-article_premium","tag-bottomfeed_styl","tag-breaking-news","tag-breakingnews","tag-donald_trump","tag-headlines","tag-kanada","tag-latest-news","tag-latestnews","tag-naglowki","tag-najwazniejsze-artykuly","tag-nat_styl","tag-news","tag-omp","tag-phx","tag-polish","tag-polski","tag-screening_general","tag-swiat","tag-top-stories","tag-topstories","tag-usa","tag-wiadomosci","tag-world","tag-world-news","tag-worldnews"],"share_on_mastodon":{"url":"https:\/\/pubeurope.com\/@pl\/117149840813082406","error":""},"_links":{"self":[{"href":"https:\/\/www.europesays.com\/pl\/wp-json\/wp\/v2\/posts\/642784","targetHints":{"allow":["GET"]}}],"collection":[{"href":"https:\/\/www.europesays.com\/pl\/wp-json\/wp\/v2\/posts"}],"about":[{"href":"https:\/\/www.europesays.com\/pl\/wp-json\/wp\/v2\/types\/post"}],"author":[{"embeddable":true,"href":"https:\/\/www.europesays.com\/pl\/wp-json\/wp\/v2\/users\/2"}],"replies":[{"embeddable":true,"href":"https:\/\/www.europesays.com\/pl\/wp-json\/wp\/v2\/comments?post=642784"}],"version-history":[{"count":0,"href":"https:\/\/www.europesays.com\/pl\/wp-json\/wp\/v2\/posts\/642784\/revisions"}],"wp:featuredmedia":[{"embeddable":true,"href":"https:\/\/www.europesays.com\/pl\/wp-json\/wp\/v2\/media\/642785"}],"wp:attachment":[{"href":"https:\/\/www.europesays.com\/pl\/wp-json\/wp\/v2\/media?parent=642784"}],"wp:term":[{"taxonomy":"category","embeddable":true,"href":"https:\/\/www.europesays.com\/pl\/wp-json\/wp\/v2\/categories?post=642784"},{"taxonomy":"post_tag","embeddable":true,"href":"https:\/\/www.europesays.com\/pl\/wp-json\/wp\/v2\/tags?post=642784"}],"curies":[{"name":"wp","href":"https:\/\/api.w.org\/{rel}","templated":true}]}}