{"id":642820,"date":"2026-08-24T10:06:09","date_gmt":"2026-08-24T10:06:09","guid":{"rendered":"https:\/\/www.europesays.com\/pl\/642820\/"},"modified":"2026-08-24T10:06:09","modified_gmt":"2026-08-24T10:06:09","slug":"dzien-niepodleglosci-ukrainy-radoslaw-sikorski-rosyjski-imperializm-zagraza-europie","status":"publish","type":"post","link":"https:\/\/www.europesays.com\/pl\/642820\/","title":{"rendered":"Dzie\u0144 Niepodleg\u0142o\u015bci Ukrainy. Rados\u0142aw Sikorski: rosyjski imperializm zagra\u017ca Europie"},"content":{"rendered":"<p>&#8222;Polska jest dumna z tego, \u017ce jako pierwszy kraj na \u015bwiecie, w tym samym dniu co Kanada, uzna\u0142a niepodleg\u0142o\u015b\u0107 Ukrainy. Oddaj\u0119 cze\u015b\u0107 Bohaterom ukrai\u0144skiej armii, kt\u00f3rzy z powodzeniem sprzeciwiaj\u0105 si\u0119 agresji Putina. Rosyjski imperializm jest zagro\u017ceniem dla ca\u0142ej Europy&#8221; \u2014 napisa\u0142 w mediach spo\u0142eczno\u015bciowych Rados\u0142aw Sikorski.<\/p>\n<p>Ukraina obchodzi w poniedzia\u0142ek 35. Dzie\u0144 Niepodleg\u0142o\u015bci. Do Kijowa przybyli go\u015bcie z zagranicy,<a href=\"https:\/\/wiadomosci.onet.pl\/swiat\/dzien-niepodleglosci-ukrainy-w-kijowie-min-premier-w-brytanii-i-szef-re\/yf4nt21\" id=\"afe0e032-677e-45d3-ac16-46f10f5a998c\" rel=\"nofollow noopener\" target=\"_blank\"> m.in. premier Wielkiej Brytanii Andy Burnham. <\/a><\/p>\n<p>W ukrai\u0144skiej stolicy ma odby\u0107 si\u0119 w poniedzia\u0142ek spotkanie tzw. koalicji ch\u0119tnych. Cz\u0119\u015b\u0107 os\u00f3b we\u017amie w nim udzia\u0142 zdalnie. Wsp\u00f3\u0142przewodniczy\u0107 b\u0119d\u0105 prezydent Francji Emmanuel Marcon, premier Wielkiej Brytanii Burnham oraz kanclerz Niemiec Friedrich Merz.<\/p>\n","protected":false},"excerpt":{"rendered":"&#8222;Polska jest dumna z tego, \u017ce jako pierwszy kraj na \u015bwiecie, w tym samym dniu co Kanada, uzna\u0142a&hellip;\n","protected":false},"author":2,"featured_media":642821,"comment_status":"","ping_status":"","sticky":false,"template":"","format":"standard","meta":{"footnotes":"","_share_on_mastodon":"0"},"categories":[12],"tags":[61195,76,193,1162,48,46,42,38,40,39,41,1118,47,80,415],"class_list":["post-642820","post","type-post","status-publish","format-standard","has-post-thumbnail","category-polska","tag-bottomfeed_styl","tag-inwazja_rosji_na_ukraine","tag-kanada","tag-msz","tag-nat_styl","tag-omp","tag-pl","tag-poland","tag-polish","tag-polska","tag-polski","tag-radoslaw_sikorski","tag-screening_general","tag-swiat","tag-ukraina"],"share_on_mastodon":{"url":"https:\/\/pubeurope.com\/@pl\/117149931116453074","error":""},"_links":{"self":[{"href":"https:\/\/www.europesays.com\/pl\/wp-json\/wp\/v2\/posts\/642820","targetHints":{"allow":["GET"]}}],"collection":[{"href":"https:\/\/www.europesays.com\/pl\/wp-json\/wp\/v2\/posts"}],"about":[{"href":"https:\/\/www.europesays.com\/pl\/wp-json\/wp\/v2\/types\/post"}],"author":[{"embeddable":true,"href":"https:\/\/www.europesays.com\/pl\/wp-json\/wp\/v2\/users\/2"}],"replies":[{"embeddable":true,"href":"https:\/\/www.europesays.com\/pl\/wp-json\/wp\/v2\/comments?post=642820"}],"version-history":[{"count":0,"href":"https:\/\/www.europesays.com\/pl\/wp-json\/wp\/v2\/posts\/642820\/revisions"}],"wp:featuredmedia":[{"embeddable":true,"href":"https:\/\/www.europesays.com\/pl\/wp-json\/wp\/v2\/media\/642821"}],"wp:attachment":[{"href":"https:\/\/www.europesays.com\/pl\/wp-json\/wp\/v2\/media?parent=642820"}],"wp:term":[{"taxonomy":"category","embeddable":true,"href":"https:\/\/www.europesays.com\/pl\/wp-json\/wp\/v2\/categories?post=642820"},{"taxonomy":"post_tag","embeddable":true,"href":"https:\/\/www.europesays.com\/pl\/wp-json\/wp\/v2\/tags?post=642820"}],"curies":[{"name":"wp","href":"https:\/\/api.w.org\/{rel}","templated":true}]}}