{"id":643014,"date":"2026-08-24T11:54:13","date_gmt":"2026-08-24T11:54:13","guid":{"rendered":"https:\/\/www.europesays.com\/pl\/643014\/"},"modified":"2026-08-24T11:54:13","modified_gmt":"2026-08-24T11:54:13","slug":"widzew-lodz-porozumial-sie-z-borussia-dortmund-umowa-podpisana","status":"publish","type":"post","link":"https:\/\/www.europesays.com\/pl\/643014\/","title":{"rendered":"Widzew \u0141\u00f3d\u017a porozumia\u0142 si\u0119 z Borussi\u0105 Dortmund. Umowa podpisana"},"content":{"rendered":"<p>O porozumieniu poinformowa\u0142 w poniedzia\u0142ek klub oraz jego w\u0142a\u015bciciel i prezes Robert Dobrzycki. &#8222;Ciesz\u0119 si\u0119, \u017ce Widzew rozpoczyna oficjaln\u0105 wsp\u00f3\u0142prac\u0119 z Borussi\u0105 Dortmund. To partnerstwo z jednym z najwi\u0119kszych i najlepiej zarz\u0105dzanych klub\u00f3w w Europie, od kt\u00f3rego mo\u017cemy czerpa\u0107 wiedz\u0119, do\u015bwiadczenie i najlepsze praktyki&#8221; \u2014 przekaza\u0142 Dobrzycki.<\/p>\n<p>Dalszy ci\u0105g artyku\u0142u pod materia\u0142em wideo<\/p>\n<p>Jak doda\u0142, Widzew chce korzysta\u0107 z do\u015bwiadczenia Borussii w wielu obszarach: sportowym, szkoleniowym, biznesowym i marketingowym. \u2014 To kolejny krok w konsekwentnym budowaniu silniejszego Widzewa i otwieraniu klubu na mi\u0119dzynarodowe do\u015bwiadczenia \u2014 podkre\u015bli\u0142 prezes.<\/p>\n<p>Widzew \u2014 Borussia. Wsp\u00f3\u0142praca na trzech poziomach<\/p>\n<p>Partnerstwo opiera si\u0119 na trzech g\u0142\u00f3wnych filarach. Pierwszym s\u0105 relacje sportowe na poziomie pierwszych dru\u017cyn. Drugi obejmuje rozw\u00f3j m\u0142odzie\u017cy i Akademii Widzewa. W planach znalaz\u0142y si\u0119 mi\u0119dzy innymi wymiana wiedzy, szkolenia dla trener\u00f3w oraz tworzenie \u015bcie\u017cek rozwoju dla najbardziej utalentowanych zawodnik\u00f3w.<\/p>\n<p>W ramach wsp\u00f3\u0142pracy m\u0142odzi pi\u0142karze Widzewa b\u0119d\u0105 mogli wyje\u017cd\u017ca\u0107 do Dortmundu na treningi i diagnostyk\u0119. Wybrani zawodnicy skorzystaj\u0105 r\u00f3wnie\u017c z programu School of Excellence, w ramach kt\u00f3rego sp\u0119dz\u0105 tydzie\u0144 w Niemczech. Z kolei trenerzy Akademii b\u0119d\u0105 odbywa\u0107 sta\u017ce w Borussii i uczestniczy\u0107 w warsztatach Football Academy.<\/p>\n<p>Na tym nie koniec. Ekspert Borussii Dortmund sp\u0119dzi \u0142\u0105cznie 60 dni w \u0141odzi, gdzie b\u0119dzie wspiera\u0142 struktury szkoleniowe Widzewa i pracowa\u0142 nad rozwojem akademii.<\/p>\n<p>Trzeci filar porozumienia stanowi\u0105 dzia\u0142ania biznesowe i marketingowe. Widzew planuje wsp\u00f3lne inicjatywy z niemieckim klubem oraz organizacj\u0119 wizyt swoich sponsor\u00f3w podczas mecz\u00f3w Borussii Dortmund.<\/p>\n<p>Jednym z ambasador\u00f3w projektu zosta\u0142 \u0141ukasz Piszczek, by\u0142y reprezentant Polski i wieloletni zawodnik Borussii.<\/p>\n","protected":false},"excerpt":{"rendered":"O porozumieniu poinformowa\u0142 w poniedzia\u0142ek klub oraz jego w\u0142a\u015bciciel i prezes Robert Dobrzycki. &#8222;Ciesz\u0119 si\u0119, \u017ce Widzew rozpoczyna&hellip;\n","protected":false},"author":2,"featured_media":643015,"comment_status":"","ping_status":"","sticky":false,"template":"","format":"standard","meta":{"footnotes":"","_share_on_mastodon":"0"},"categories":[51608],"tags":[385,61195,274,3652,48,46,948,42,38,40,39,41,47,130,3469],"class_list":["post-643014","post","type-post","status-publish","format-standard","has-post-thumbnail","category-lodz","tag-borussia_dortmund","tag-bottomfeed_styl","tag-ekstraklasa","tag-lodz","tag-nat_styl","tag-omp","tag-pilka_nozna","tag-pl","tag-poland","tag-polish","tag-polska","tag-polski","tag-screening_general","tag-wiadomosci_sportowe","tag-widzew_lodz"],"share_on_mastodon":{"url":"https:\/\/pubeurope.com\/@pl\/117150355551837752","error":""},"_links":{"self":[{"href":"https:\/\/www.europesays.com\/pl\/wp-json\/wp\/v2\/posts\/643014","targetHints":{"allow":["GET"]}}],"collection":[{"href":"https:\/\/www.europesays.com\/pl\/wp-json\/wp\/v2\/posts"}],"about":[{"href":"https:\/\/www.europesays.com\/pl\/wp-json\/wp\/v2\/types\/post"}],"author":[{"embeddable":true,"href":"https:\/\/www.europesays.com\/pl\/wp-json\/wp\/v2\/users\/2"}],"replies":[{"embeddable":true,"href":"https:\/\/www.europesays.com\/pl\/wp-json\/wp\/v2\/comments?post=643014"}],"version-history":[{"count":0,"href":"https:\/\/www.europesays.com\/pl\/wp-json\/wp\/v2\/posts\/643014\/revisions"}],"wp:featuredmedia":[{"embeddable":true,"href":"https:\/\/www.europesays.com\/pl\/wp-json\/wp\/v2\/media\/643015"}],"wp:attachment":[{"href":"https:\/\/www.europesays.com\/pl\/wp-json\/wp\/v2\/media?parent=643014"}],"wp:term":[{"taxonomy":"category","embeddable":true,"href":"https:\/\/www.europesays.com\/pl\/wp-json\/wp\/v2\/categories?post=643014"},{"taxonomy":"post_tag","embeddable":true,"href":"https:\/\/www.europesays.com\/pl\/wp-json\/wp\/v2\/tags?post=643014"}],"curies":[{"name":"wp","href":"https:\/\/api.w.org\/{rel}","templated":true}]}}