{"id":643164,"date":"2026-08-24T13:21:12","date_gmt":"2026-08-24T13:21:12","guid":{"rendered":"https:\/\/www.europesays.com\/pl\/643164\/"},"modified":"2026-08-24T13:21:12","modified_gmt":"2026-08-24T13:21:12","slug":"wroclaw-zatanczy-jeszcze-za-dnia-dwa10-nadchodzi","status":"publish","type":"post","link":"https:\/\/www.europesays.com\/pl\/643164\/","title":{"rendered":"Wroc\u0142aw zata\u0144czy jeszcze za dnia. DWA10 nadchodzi"},"content":{"rendered":"<p>Nie trzeba czeka\u0107 do nocy, \u017ceby dobrze rozpocz\u0105\u0107 imprez\u0119. 30 sierpnia HotSpot BeachBar zamieni si\u0119 w przestrze\u0144 dla fan\u00f3w house\u2019owych brzmie\u0144, a muzyka b\u0119dzie gra\u0107 od popo\u0142udnia a\u017c do zachodu s\u0142o\u0144ca. Wszystko za spraw\u0105 DWA10 \u2013 Daytime House Music Experience.<\/p>\n<p>To osiem godzin muzycznej podr\u00f3\u017cy przez deep, melodic i progressive house. Organizatorzy zapowiadaj\u0105 format, w kt\u00f3rym muzyka ma by\u0107 r\u00f3wnie wa\u017cna jak atmosfera \u2013 bez klasycznego podzia\u0142u na scen\u0119 i parkiet, za to z DJ-em blisko publiczno\u015bci i przestrzeni\u0105, w kt\u00f3rej mo\u017cna zar\u00f3wno pota\u0144czy\u0107, jak i z\u0142apa\u0107 oddech w bardziej chillowej cz\u0119\u015bci beach baru.<\/p>\n<p>Za muzyk\u0119 odpowiada\u0107 b\u0119d\u0105 Duch, Marcepan, Krzysztos i Patryk Niedziela. Line-up zosta\u0142 pomy\u015blany tak, by wydarzenie p\u0142ynnie prowadzi\u0142o uczestnik\u00f3w od pierwszych popo\u0142udniowych d\u017awi\u0119k\u00f3w a\u017c do ostatnich numer\u00f3w o godz. 22:00.<\/p>\n<p>DWA10 to \u015bwietna propozycja dla os\u00f3b, kt\u00f3re lubi\u0105 letnie imprezy bez po\u015bpiechu oraz taniec w nieco bardziej swobodnej ods\u0142onie. Zamiast klasycznej nocnej imprezy \u2013 muzyczny dzie\u0144, kt\u00f3ry ko\u0144czy si\u0119 wraz ze \u015bwiat\u0142em.<\/p>\n<p>DWA10 \u2013 Daytime House Music Experience odb\u0119dzie si\u0119 30 sierpnia w godzinach 14.00\u201322.00 w HotSpot BeachBar we Wroc\u0142awiu, a bilety na wydarzenie kosztuj\u0105 25 z\u0142.<\/p>\n<p><img fetchpriority=\"high\" decoding=\"async\" class=\"wp-image-67175 size-full\" src=\"https:\/\/www.europesays.com\/pl\/wp-content\/uploads\/2026\/08\/1000019942.jpg\" alt=\"Wydarzenie na HotSpocie\" width=\"1254\" height=\"1254\"  \/>Fot. Materia\u0142y prasowe<\/p>\n","protected":false},"excerpt":{"rendered":"Nie trzeba czeka\u0107 do nocy, \u017ceby dobrze rozpocz\u0105\u0107 imprez\u0119. 30 sierpnia HotSpot BeachBar zamieni si\u0119 w przestrze\u0144 dla&hellip;\n","protected":false},"author":2,"featured_media":643165,"comment_status":"","ping_status":"","sticky":false,"template":"","format":"standard","meta":{"footnotes":"","_share_on_mastodon":"0"},"categories":[51607],"tags":[113758,126103,126104,80971,126105,126106,122523,86853,8773,126107,42,38,40,39,41,126108,108209,1853,113765],"class_list":["post-643164","post","type-post","status-publish","format-standard","has-post-thumbnail","category-wroclaw","tag-atrakcje-na-weekend","tag-beach-bary-wroclaw","tag-daytime-house-music-experience","tag-deep-house","tag-hotspot","tag-hotspot-beachbar","tag-lato-we-wroclawiu","tag-lato-w-miescie","tag-lifestyle","tag-melodic-house","tag-pl","tag-poland","tag-polish","tag-polska","tag-polski","tag-progressive-house","tag-weekend-we-wroclawiu","tag-wroclaw","tag-wroclaw-na-weekend"],"share_on_mastodon":{"url":"https:\/\/pubeurope.com\/@pl\/117150698952296885","error":""},"_links":{"self":[{"href":"https:\/\/www.europesays.com\/pl\/wp-json\/wp\/v2\/posts\/643164","targetHints":{"allow":["GET"]}}],"collection":[{"href":"https:\/\/www.europesays.com\/pl\/wp-json\/wp\/v2\/posts"}],"about":[{"href":"https:\/\/www.europesays.com\/pl\/wp-json\/wp\/v2\/types\/post"}],"author":[{"embeddable":true,"href":"https:\/\/www.europesays.com\/pl\/wp-json\/wp\/v2\/users\/2"}],"replies":[{"embeddable":true,"href":"https:\/\/www.europesays.com\/pl\/wp-json\/wp\/v2\/comments?post=643164"}],"version-history":[{"count":0,"href":"https:\/\/www.europesays.com\/pl\/wp-json\/wp\/v2\/posts\/643164\/revisions"}],"wp:featuredmedia":[{"embeddable":true,"href":"https:\/\/www.europesays.com\/pl\/wp-json\/wp\/v2\/media\/643165"}],"wp:attachment":[{"href":"https:\/\/www.europesays.com\/pl\/wp-json\/wp\/v2\/media?parent=643164"}],"wp:term":[{"taxonomy":"category","embeddable":true,"href":"https:\/\/www.europesays.com\/pl\/wp-json\/wp\/v2\/categories?post=643164"},{"taxonomy":"post_tag","embeddable":true,"href":"https:\/\/www.europesays.com\/pl\/wp-json\/wp\/v2\/tags?post=643164"}],"curies":[{"name":"wp","href":"https:\/\/api.w.org\/{rel}","templated":true}]}}