{"id":643246,"date":"2026-08-24T14:11:18","date_gmt":"2026-08-24T14:11:18","guid":{"rendered":"https:\/\/www.europesays.com\/pl\/643246\/"},"modified":"2026-08-24T14:11:18","modified_gmt":"2026-08-24T14:11:18","slug":"bialystok-spotka-sie-ze-sztuczna-inteligencja-bedzie-biznes-networking-i-kino","status":"publish","type":"post","link":"https:\/\/www.europesays.com\/pl\/643246\/","title":{"rendered":"Bia\u0142ystok spotka si\u0119 ze sztuczn\u0105 inteligencj\u0105. B\u0119dzie biznes, networking i kino"},"content":{"rendered":"\n<p>            <img decoding=\"async\" class=\"art-figimg\" src=\"https:\/\/www.europesays.com\/pl\/wp-content\/uploads\/2026\/08\/150498-e.jpg\" width=\"375\" height=\"250\" alt=\"Bia\u0142ystok spotka si\u0119 ze sztuczn\u0105 inteligencj\u0105. B\u0119dzie biznes, networking i kino\" loading=\"lazy\" fetchpriority=\"high\"\/><br \/>\n            Fot: pixabay.com<\/p>\n<p class=\"art-lid\">Sztuczna inteligencja, biznes, networking i kino pod gwiazdami, a wszystko w wyj\u0105tkowej scenerii Fosy przy Pa\u0142acu Branickich. Brave AI Summer Tour po raz pierwszy zawita do Bia\u0142egostoku. Wst\u0119p na wydarzenie jest bezp\u0142atny, ale obowi\u0105zuje rejestracja.<\/p>\n<p class=\"art-cont\">Czy o sztucznej inteligencji mo\u017cna rozmawia\u0107 bez skomplikowanych wzor\u00f3w, programowania i technicznego \u017cargonu? Organizatorzy Brave AI Summer Tour przekonuj\u0105, \u017ce zdecydowanie tak. Ju\u017c wkr\u00f3tce Bia\u0142ystok stanie si\u0119 jednym z przystank\u00f3w og\u00f3lnopolskiej trasy \u0142\u0105cz\u0105cej najnowsze technologie z praktycznym podej\u015bciem do przedsi\u0119biorczo\u015bci.<\/p>\n<p>Spotkanie odb\u0119dzie si\u0119 w piknikowej formule, na \u015bwie\u017cym powietrzu, w wyj\u0105tkowej scenerii Fosy przy Pa\u0142acu Branickich. To propozycja zar\u00f3wno dla os\u00f3b, kt\u00f3re ju\u017c wykorzystuj\u0105 AI w swojej pracy, jak i tych, kt\u00f3re dopiero chc\u0105 zrozumie\u0107, jak technologia zmienia biznes i codzienne \u017cycie.<\/p>\n<p>Od &#8222;The Sims 2&#8221; do sztucznej inteligencji<\/p>\n<p>Na scenie pojawi\u0105 si\u0119 go\u015bcie z imponuj\u0105cym do\u015bwiadczeniem. Panel dyskusyjny poprowadzi Adrian G\u00f3rzycki, tw\u00f3rca i prowadz\u0105cy kana\u0142 &#8222;Przygody Przedsi\u0119biorc\u00f3w&#8221;. Wraz z zaproszonymi przedsi\u0119biorcami b\u0119dzie rozmawia\u0142 o tym, jak budowa\u0107 i rozwija\u0107 firmy w czasach gwa\u0142townego rozwoju AI. Jednym z go\u015bci b\u0119dzie Tomasz Karwatka, wsp\u00f3\u0142tw\u00f3rca sukcesu Divante i Catch The Tornado. Opowie o przekuwaniu technologicznych innowacji w biznes i wykorzystywaniu szans, jakie przynosi rewolucja technologiczna.<\/p>\n<p>Nie zabraknie r\u00f3wnie\u017c mocnego akcentu technologicznego. Andrzej Rusewicz, matematyk z doktoratem zdobytym w USA i weteran pracy dla globalnych firm technologicznych, ma na koncie m.in. prac\u0119 w Electronic Arts, Microsoft i Google. Jako tech lead w EA wsp\u00f3\u0142tworzy\u0142 &#8222;The Sims 2&#8221; oraz sze\u015b\u0107 dodatk\u00f3w do gry. W Bia\u0142ymstoku zaprezentuje wyst\u0105pienie po\u015bwi\u0119cone praktycznemu wykorzystaniu nowych technologii. W programie znalaz\u0142a si\u0119 tak\u017ce rozmowa z lokalnymi przedsi\u0119biorcami z Podlasia. To okazja, by spojrze\u0107 na rozw\u00f3j AI nie tylko z perspektywy \u015bwiatowych gigant\u00f3w, ale r\u00f3wnie\u017c firm dzia\u0142aj\u0105cych tu, na miejscu.<\/p>\n<p>Kino plenerowe i networking<\/p>\n<p>Wiecz\u00f3r zako\u0144czy si\u0119 seansem filmu dokumentalnego \u201eStartup Glitch\u201d, opowiadaj\u0105cego o polskiej transformacji gospodarczej oraz historii rodzimych firm, takich jak InPost, Booksy czy Dr Irena Eris. Seans pod gwiazdami ma by\u0107 punktem wyj\u015bcia do dalszych rozm\u00f3w i integracji. Na uczestnik\u00f3w czekaj\u0105 tak\u017ce gry, wyzwania i nagrody. Organizatorzy zapowiadaj\u0105 lu\u017an\u0105 atmosfer\u0119, du\u017co okazji do poznania nowych os\u00f3b i przede wszystkim praktyczn\u0105 wiedz\u0119, kt\u00f3r\u0105 mo\u017cna wykorzysta\u0107 niezale\u017cnie od bran\u017cy.<\/p>\n<p>Wydarzenie jest w 100 proc. bezp\u0142atne i otwarte dla wszystkich. Konieczna jest jednak wcze\u015bniejsza rejestracja. Bia\u0142ostockie spotkanie jest cz\u0119\u015bci\u0105 Brave AI Summer Tour, kt\u00f3rego fina\u0142em b\u0119dzie charytatywny hackathon UnAited w Warszawie, po\u0142\u0105czony z imprez\u0105 w klimacie lat 90. Doch\u00f3d i zaanga\u017cowanie uczestnik\u00f3w maj\u0105 wspiera\u0107 zdrowie psychiczne najm\u0142odszych. Na spotkanie mo\u017cna zarejestrowa\u0107 si\u0119 przez unaited.pl, korzystaj\u0105c z kodu verybraveBIALYSTOK.<\/p>\n<p>Wi\u0119cej: <a href=\"https:\/\/www.bialystokonline.pl\/brave-ai-summer-tour-bialystok,impreza,150863,6,1.html\" target=\"_blank\" rel=\"nofollow noopener\">Brave AI Summer Tour Bia\u0142ystok<\/a><\/p>\n<p>Portal BialystokOnline patronuje wydarzeniu<\/p>\n<p class=\"art-autimg\">\n<p>                            <img decoding=\"async\" class=\"art-autimgi\" src=\"https:\/\/www.europesays.com\/pl\/wp-content\/uploads\/2026\/08\/1787580678_841_avatar_1x.jpg\" alt=\"JK\" width=\"64\" height=\"64\" loading=\"lazy\"\/><\/p>\n<p>Przeczytaj tak\u017ce<\/p>\n<p>&#13;<br \/>\n&#13;<br \/>\n&#13;<br \/>\n<img loading=\"lazy\" decoding=\"async\" src=\"https:\/\/www.europesays.com\/pl\/wp-content\/uploads\/2026\/08\/1787580678_415_adlog.gif\" width=\"0\" height=\"0\" alt=\"\" style=\"width: 0px; height: 0px;\"\/><\/p>\n<p>Popularne dzisiaj<\/p>\n","protected":false},"excerpt":{"rendered":"Fot: pixabay.com Sztuczna inteligencja, biznes, networking i kino pod gwiazdami, a wszystko w wyj\u0105tkowej scenerii Fosy przy Pa\u0142acu&hellip;\n","protected":false},"author":2,"featured_media":643247,"comment_status":"","ping_status":"","sticky":false,"template":"","format":"standard","meta":{"footnotes":"","_share_on_mastodon":"0"},"categories":[51614],"tags":[776,2151,126125,51731,113,126128,51730,3754,51738,51735,4041,1096,1089,399,17334,51736,2921,3840,51734,8736,1232,120,126126,7116,17265,19285,42,5083,38,40,39,41,6309,1756,8815,38950,123,126127,800,4278,1323,51737,2879,253],"class_list":["post-643246","post","type-post","status-publish","format-standard","has-post-thumbnail","category-bialystok","tag-ai","tag-bialystok","tag-bialystok-spotka-sie-ze-sztuczna-inteligencja-bedzie-biznes","tag-bialystokonline","tag-biznes","tag-brave-ai-summer-tourbiznes","tag-bstok","tag-dom","tag-drobne","tag-firm","tag-firmy","tag-hotele","tag-imprezy","tag-informacje","tag-katalog","tag-kina","tag-koncert","tag-lokale","tag-miejski","tag-mieszkanie","tag-motoryzacja","tag-nauka","tag-networking-i-kino","tag-ogloszenia","tag-on-line","tag-online","tag-pl","tag-podlasie","tag-poland","tag-polish","tag-polska","tag-polski","tag-portal","tag-praca","tag-repertuar","tag-rozklad","tag-rozrywka","tag-sztuczna-inteligencji","tag-teatr","tag-turystyka","tag-uroda","tag-urzedy","tag-zakupy","tag-zdrowie"],"share_on_mastodon":{"url":"","error":"Validation failed: Text character limit of 500 exceeded"},"_links":{"self":[{"href":"https:\/\/www.europesays.com\/pl\/wp-json\/wp\/v2\/posts\/643246","targetHints":{"allow":["GET"]}}],"collection":[{"href":"https:\/\/www.europesays.com\/pl\/wp-json\/wp\/v2\/posts"}],"about":[{"href":"https:\/\/www.europesays.com\/pl\/wp-json\/wp\/v2\/types\/post"}],"author":[{"embeddable":true,"href":"https:\/\/www.europesays.com\/pl\/wp-json\/wp\/v2\/users\/2"}],"replies":[{"embeddable":true,"href":"https:\/\/www.europesays.com\/pl\/wp-json\/wp\/v2\/comments?post=643246"}],"version-history":[{"count":0,"href":"https:\/\/www.europesays.com\/pl\/wp-json\/wp\/v2\/posts\/643246\/revisions"}],"wp:featuredmedia":[{"embeddable":true,"href":"https:\/\/www.europesays.com\/pl\/wp-json\/wp\/v2\/media\/643247"}],"wp:attachment":[{"href":"https:\/\/www.europesays.com\/pl\/wp-json\/wp\/v2\/media?parent=643246"}],"wp:term":[{"taxonomy":"category","embeddable":true,"href":"https:\/\/www.europesays.com\/pl\/wp-json\/wp\/v2\/categories?post=643246"},{"taxonomy":"post_tag","embeddable":true,"href":"https:\/\/www.europesays.com\/pl\/wp-json\/wp\/v2\/tags?post=643246"}],"curies":[{"name":"wp","href":"https:\/\/api.w.org\/{rel}","templated":true}]}}