{"id":643308,"date":"2026-08-24T14:45:21","date_gmt":"2026-08-24T14:45:21","guid":{"rendered":"https:\/\/www.europesays.com\/pl\/643308\/"},"modified":"2026-08-24T14:45:21","modified_gmt":"2026-08-24T14:45:21","slug":"pewne-zwyciestwo-gks-tychy-nad-rezerwami-slaska-wroclaw","status":"publish","type":"post","link":"https:\/\/www.europesays.com\/pl\/643308\/","title":{"rendered":"Pewne zwyci\u0119stwo GKS Tychy nad rezerwami \u015al\u0105ska Wroc\u0142aw"},"content":{"rendered":"<p>            <a href=\"https:\/\/noweinfo.pl\/wp-content\/uploads\/2026\/08\/GKS_Tychy_Slask_II_Wroclaw.jpg\" data-caption=\"Tyszanie pewnie pokonali rezerwy \u015al\u0105ska Wroc\u0142aw; fot. Mateusz Sobczak\" rel=\"nofollow noopener\" target=\"_blank\"><img loading=\"lazy\" decoding=\"async\" width=\"696\" height=\"464\" class=\"entry-thumb td-modal-image\" src=\"https:\/\/www.europesays.com\/pl\/wp-content\/uploads\/2026\/08\/GKS_Tychy_Slask_II_Wroclaw-696x464.jpg\"   alt=\"\" title=\"GKS_Tychy_Slask_II_Wroclaw\"\/><\/a>Tyszanie pewnie pokonali rezerwy \u015al\u0105ska Wroc\u0142aw; fot. Mateusz Sobczak<br \/>\n            W niedziel\u0119 23 sierpnia, w pi\u0105tej kolejce Betclic 2 Ligi pi\u0142karze GKS-u Tychy pewnie pokonali na w\u0142asnym stadionie drug\u0105 dru\u017cyn\u0119 \u015al\u0105ska Wroc\u0142aw.<\/p>\n<p>Tyszanie od pierwszego gwizdka s\u0119dziego starali si\u0119 stosowa\u0107 wysoki pressing. Doprowadzi\u0142o to do kilku gro\u017anych sytuacji. Blisko pokonania bramkarza byli mi\u0119dzy innymi Mateusz Lewandowski i dwukrotnie Damian K\u0105dzior. Jednak do przerwy kibice goli nie zobaczyli.<\/p>\n<p>Zmieni\u0142o si\u0119 to w drugiej po\u0142owie. W 52. minucie Pawe\u0142 Olkowski poda\u0142 do Micha\u0142a Tr\u0105bki, a ten zaskoczy\u0142 bramkarza przyjezdnych mocnym i pi\u0119knym strza\u0142em\u00a0 z 16. metra. GKS prowadzi\u0142 1:0.<\/p>\n<p>Po tym trafieniu podopieczni Ren\u00e9 Pomsa nadal kontrolowali spotkanie. W 80. zn\u00f3w do zdobycia gola przyczyni\u0142 si\u0119 Olkowski. Po jego do\u015brodkowaniu interweniuj\u0105cy \u015blizgiem obro\u0144ca Wroc\u0142awian dotkn\u0105\u0142 pi\u0142k\u0119 r\u0119k\u0105 w polu karnym. Jedenastk\u0119 pewnie wykorzysta\u0142 Dawid Kasprzyk. By\u0142o 2:0.<\/p>\n<p>W doliczonym czasie gry GKS ustali\u0142 wynik na 3:0. Fatalny b\u0142\u0105d pope\u0142ni\u0142 bramkarz rezerw \u015al\u0105ska. Golkiper min\u0105\u0142 si\u0119 z pi\u0142k\u0105. Strza\u0142 Jankowskiego odbi\u0142 obro\u0144ca \u015al\u0105ska. Pi\u0142ka wr\u00f3ci\u0142a jednak do Jankowskiego, kt\u00f3ry poda\u0142 na pi\u0105ty metr do Kasprzyka. 26-letni napastnik GKS-u, cho\u0107 uderzy\u0142 nieczysto, wtoczy\u0142 pi\u0142k\u0119 do bramki.<\/p>\n<p>Trzy punkty zainkasowane w niedzielnym spotkaniu sprawi\u0142y, \u017ce GKS Tychy zajmuje w tabeli drugie miejsce. Maj\u0105cy tyle samo punkt\u00f3w Hutnik Krak\u00f3w lideruje lepszym bilansem bramkowym. Warto doda\u0107, \u017ce po pi\u0119ciu kolejkach Betclic 2 Ligi Tyszanie jeszcze nie przegrali (trzy zwyci\u0119stwa i dwa remisy).<\/p>\n<p>GKS Tychy \u2013 \u015al\u0105sk II Wroc\u0142aw 3:0 (0:0)<\/p>\n<p>Bramki: Tr\u0105bka 52., Kasprzyk 80., 90.+3.<\/p>\n<p>GKS: M\u0105drzyk \u2013 Chorosi\u0144ski, Kowalski, \u0141asicki (67. Tumala), Olkowski (89. Jankowski) \u2013 Begala, Horvat, Tr\u0105bka \u2013 K\u0105dzior (89. G\u0119bala), Lewandowski (77. Kasprzyk), Rygu\u0142a (77. Niemann).<\/p>\n<p>\u015al\u0105sk II: \u015aliczniak \u2013 \u017bulewski, Szala, Muszy\u0144ski, Tudruj (56. Rygiel) \u2013 Nsangou (69. Moskaluk), Danielewicz, Krzewi\u0144ski (46. Soko\u0142owski), Ciu\u0107ka (75. Kobelczuk), Kami\u0144ski (57. Coulibaly) \u2013 Stangret.<\/p>\n<p>\u017b\u00f3\u0142te kartki: \u0141asicki \u2013 Kami\u0144ski.<\/p>\n<p>Widz\u00f3w: 2970.<\/p>\n<p>\u0179r\u00f3d\u0142o: gkstychy.info<\/p>\n","protected":false},"excerpt":{"rendered":"Tyszanie pewnie pokonali rezerwy \u015al\u0105ska Wroc\u0142aw; fot. Mateusz Sobczak W niedziel\u0119 23 sierpnia, w pi\u0105tej kolejce Betclic 2&hellip;\n","protected":false},"author":2,"featured_media":643309,"comment_status":"","ping_status":"","sticky":false,"template":"","format":"standard","meta":{"footnotes":"","_share_on_mastodon":"0"},"categories":[51607],"tags":[10041,3639,42,38,40,39,41,63271,14944,1853],"class_list":["post-643308","post","type-post","status-publish","format-standard","has-post-thumbnail","category-wroclaw","tag-betclic-2-liga","tag-gks-tychy","tag-pl","tag-poland","tag-polish","tag-polska","tag-polski","tag-slask-ii-wroclaw","tag-stadion-miejski-w-tychach","tag-wroclaw"],"share_on_mastodon":{"url":"https:\/\/pubeurope.com\/@pl\/117151029144212984","error":""},"_links":{"self":[{"href":"https:\/\/www.europesays.com\/pl\/wp-json\/wp\/v2\/posts\/643308","targetHints":{"allow":["GET"]}}],"collection":[{"href":"https:\/\/www.europesays.com\/pl\/wp-json\/wp\/v2\/posts"}],"about":[{"href":"https:\/\/www.europesays.com\/pl\/wp-json\/wp\/v2\/types\/post"}],"author":[{"embeddable":true,"href":"https:\/\/www.europesays.com\/pl\/wp-json\/wp\/v2\/users\/2"}],"replies":[{"embeddable":true,"href":"https:\/\/www.europesays.com\/pl\/wp-json\/wp\/v2\/comments?post=643308"}],"version-history":[{"count":0,"href":"https:\/\/www.europesays.com\/pl\/wp-json\/wp\/v2\/posts\/643308\/revisions"}],"wp:featuredmedia":[{"embeddable":true,"href":"https:\/\/www.europesays.com\/pl\/wp-json\/wp\/v2\/media\/643309"}],"wp:attachment":[{"href":"https:\/\/www.europesays.com\/pl\/wp-json\/wp\/v2\/media?parent=643308"}],"wp:term":[{"taxonomy":"category","embeddable":true,"href":"https:\/\/www.europesays.com\/pl\/wp-json\/wp\/v2\/categories?post=643308"},{"taxonomy":"post_tag","embeddable":true,"href":"https:\/\/www.europesays.com\/pl\/wp-json\/wp\/v2\/tags?post=643308"}],"curies":[{"name":"wp","href":"https:\/\/api.w.org\/{rel}","templated":true}]}}