{"id":643364,"date":"2026-08-24T15:16:13","date_gmt":"2026-08-24T15:16:13","guid":{"rendered":"https:\/\/www.europesays.com\/pl\/643364\/"},"modified":"2026-08-24T15:16:13","modified_gmt":"2026-08-24T15:16:13","slug":"seria-odejsc-z-newsmax-polska-teraz-znika-szef-operatorow","status":"publish","type":"post","link":"https:\/\/www.europesays.com\/pl\/643364\/","title":{"rendered":"Seria odej\u015b\u0107 z Newsmax Polska. Teraz znika szef operator\u00f3w"},"content":{"rendered":"\n<p>&#13;<br \/>\n21 sierpnia portal Wirtualnemedia.pl ustali\u0142, \u017ce\u00a0<a href=\"https:\/\/dorzeczy.pl\/kraj\/931627\/adamiak-sroczynska-odchodzi-z-newsmax-polska-miala-wazna-funkcje.html\" target=\"_blank\" rel=\"nofollow noopener\">z redakcj\u0105 Newsmax Polska rozsta\u0142a si\u0119 Katarzyna Adamiak-Sroczy\u0144ska<\/a>, kt\u00f3ra w\u00a0stacji zajmowa\u0142a stanowisko zast\u0119pcy producenta wykonawczego Wojciecha Surmacza, a\u00a0tak\u017ce prowadzi\u0142a program publicystyczny &#8222;S\u0142owo za\u00a0s\u0142owo&#8221;. Dzie\u0144 wcze\u015bniej informowano o\u00a0rozstaniu z\u00a0dwojgiem innych prezenter\u00f3w. &#13;\n<\/p>\n<p>&#13;<br \/>\nTeraz serwis Press.pl donosi, \u017ce\u00a0Adamiak-Sroczy\u0144ska rzeczywi\u015bcie jest w\u00a0trakcie rozwi\u0105zywania umowy ze\u00a0stacj\u0105, a\u00a0powodem zako\u0144czenia wsp\u00f3\u0142pracy ma\u00a0by\u0107 rozbie\u017cno\u015b\u0107 wizji dotycz\u0105cych dalszego rozwoju kana\u0142u. Wed\u0142ug ustale\u0144 portalu, z\u00a0kana\u0142em po\u017cegna\u0142 si\u0119 r\u00f3wnie\u017c Sebastian Korczak, dotychczasowy szef operator\u00f3w. Potwierdzi\u0142, \u017ce\u00a0z\u0142o\u017cy\u0142 wypowiedzenie, a\u00a0jego wsp\u00f3\u0142praca ze\u00a0stacj\u0105 zako\u0144czy\u0142a si\u0119 na\u00a0pocz\u0105tku sierpnia. &#13;\n<\/p>\n<p>Seria odej\u015b\u0107 z\u00a0Newsmax Polska<\/p>\n<p>&#13;<br \/>\nWed\u0142ug jednego z\u00a0rozm\u00f3wc\u00f3w serwisu Press.pl, kt\u00f3ry ma\u00a0by\u0107 dobrze zorientowany w\u00a0sytuacji w\u00a0stacji, Newsmax Polska ma\u00a0wkr\u00f3tce zatrudni\u0107 nowych pracownik\u00f3w. Biuro prasowe nie\u00a0potwierdza jednak konkretnych plan\u00f3w. &#13;\n<\/p>\n<p>&#13;<br \/>\n&#8222;Je\u015bli chodzi o\u00a0jakiekolwiek ruchy kadrowe do\u00a0redakcji, nowe osoby, to\u00a0Newsmax Polska jest w\u00a0drugim miesi\u0105cu dzia\u0142ania jako stacja telewizyjna, tote\u017c wszystko jest obecnie w\u00a0fazie ustale\u0144, rozm\u00f3w, plan\u00f3w rozwojowych&#8221; \u2013\u00a0zaznaczono w\u00a0komunikacie. &#13;\n<\/p>\n<p>&#13;<br \/>\nInne \u017ar\u00f3d\u0142a portalu zwi\u0105zane ze\u00a0stacj\u0105, pytane o\u00a0sytuacj\u0119 w\u00a0redakcji, zwracaj\u0105 uwag\u0119 na\u00a0specyficzny spos\u00f3b budowania polskiej wersji kana\u0142u. Ich zdaniem Newsmax Polska w\u00a0du\u017cej mierze powiela format serbskiego odpowiednika, a\u00a0strona serbska ma\u00a0nie uwzgl\u0119dnia\u0107 w\u00a0wystarczaj\u0105cym stopniu specyfiki polskiego rynku. &#13;\n<\/p>\n<p>Znikaj\u0105 znane nazwiska <\/p>\n<p>&#13;<br \/>\nOdej\u015bcie Katarzyny Adamiak-Sroczy\u0144skiej i\u00a0Sebastiana Korczaka to\u00a0kolejne zmiany personalne w\u00a0Newsmax Polska. &#13;\n<\/p>\n<p>&#13;<br \/>\nWsp\u00f3\u0142prac\u0119 ze\u00a0stacj\u0105 ju\u017c w\u00a0po\u0142owie lipca zako\u0144czy\u0142a Agnieszka Piechurska. Prezenterka wyja\u015bni\u0142a w\u00a0rozmowie z\u00a0Wirtualnemedia.pl, \u017ce\u00a0nie przed\u0142u\u017cono jej umowy. &#13;\n<\/p>\n<p>&#13;<br \/>\nZ now\u0105 telewizj\u0105 rozsta\u0142 si\u0119 r\u00f3wnie\u017c Jacek Cholewi\u0144ski, kt\u00f3ry, przed do\u0142\u0105czeniem do\u00a0Newsmax Polska, przez oko\u0142o 20 lat by\u0142 zwi\u0105zany z\u00a0Telewizj\u0105 Polsk\u0105. &#13;\n<\/p>\n<p>&#13;<br \/>\n   Czytaj te\u017c:<br \/><a href=\"https:\/\/dorzeczy.pl\/kraj\/933079\/rzecznik-praw-obywatelskich-wspiera-taco-hemingwaya-sporze-z-gif.html\" rel=\"follow nofollow noopener\" data-schema=\"DORZECZY\" data-image=\"https:\/\/img.dorzeczy.pl\/_thumb\/c8\/d5\/423ebe1051da8942bce34b6ea3a6.jpeg\" target=\"_blank\">RPO wspiera znanego rapera. Oskar\u017caj\u0105 GIF o\u00a0cenzur\u0119<\/a>   Czytaj te\u017c:<br \/><a href=\"https:\/\/rozrywka.dorzeczy.pl\/show-biznes\/933058\/problemy-kingi-rusin-na-lotnisku-w-chinach-musiala-oddac-noz.html\" rel=\"follow nofollow noopener\" data-schema=\"DORZECZY\" data-image=\"https:\/\/img.dorzeczy.pl\/_thumb\/94\/18\/e0bf43b283f19e77b04ec99d153f.jpeg\" target=\"_blank\">K\u0142opoty dziennikarki na\u00a0lotnisku. Mog\u0142a trafi\u0107 do\u00a0aresztu w\u00a0Chinach<\/a>&#13;<\/p>\n","protected":false},"excerpt":{"rendered":"&#13; 21 sierpnia portal Wirtualnemedia.pl ustali\u0142, \u017ce\u00a0z redakcj\u0105 Newsmax Polska rozsta\u0142a si\u0119 Katarzyna Adamiak-Sroczy\u0144ska, kt\u00f3ra w\u00a0stacji zajmowa\u0142a stanowisko&hellip;\n","protected":false},"author":2,"featured_media":643365,"comment_status":"","ping_status":"","sticky":false,"template":"","format":"standard","meta":{"footnotes":"","_share_on_mastodon":"0"},"categories":[12],"tags":[98,104604,49,287,1158,60089,103,92150,42,38,40,39,41,123,126149,224],"class_list":["post-643364","post","type-post","status-publish","format-standard","has-post-thumbnail","category-polska","tag-dorzeczy","tag-katarzyna-adamiak-sroczynska","tag-kraj","tag-malgorzata-puzyr","tag-media","tag-newsmax-polska","tag-obserwator-mediow","tag-odejscia","tag-pl","tag-poland","tag-polish","tag-polska","tag-polski","tag-rozrywka","tag-sebastian-korczak","tag-telewizja"],"share_on_mastodon":{"url":"https:\/\/pubeurope.com\/@pl\/117151149817048621","error":""},"_links":{"self":[{"href":"https:\/\/www.europesays.com\/pl\/wp-json\/wp\/v2\/posts\/643364","targetHints":{"allow":["GET"]}}],"collection":[{"href":"https:\/\/www.europesays.com\/pl\/wp-json\/wp\/v2\/posts"}],"about":[{"href":"https:\/\/www.europesays.com\/pl\/wp-json\/wp\/v2\/types\/post"}],"author":[{"embeddable":true,"href":"https:\/\/www.europesays.com\/pl\/wp-json\/wp\/v2\/users\/2"}],"replies":[{"embeddable":true,"href":"https:\/\/www.europesays.com\/pl\/wp-json\/wp\/v2\/comments?post=643364"}],"version-history":[{"count":0,"href":"https:\/\/www.europesays.com\/pl\/wp-json\/wp\/v2\/posts\/643364\/revisions"}],"wp:featuredmedia":[{"embeddable":true,"href":"https:\/\/www.europesays.com\/pl\/wp-json\/wp\/v2\/media\/643365"}],"wp:attachment":[{"href":"https:\/\/www.europesays.com\/pl\/wp-json\/wp\/v2\/media?parent=643364"}],"wp:term":[{"taxonomy":"category","embeddable":true,"href":"https:\/\/www.europesays.com\/pl\/wp-json\/wp\/v2\/categories?post=643364"},{"taxonomy":"post_tag","embeddable":true,"href":"https:\/\/www.europesays.com\/pl\/wp-json\/wp\/v2\/tags?post=643364"}],"curies":[{"name":"wp","href":"https:\/\/api.w.org\/{rel}","templated":true}]}}