{"id":643418,"date":"2026-08-24T15:47:10","date_gmt":"2026-08-24T15:47:10","guid":{"rendered":"https:\/\/www.europesays.com\/pl\/643418\/"},"modified":"2026-08-24T15:47:10","modified_gmt":"2026-08-24T15:47:10","slug":"stracili-zaufanie-do-infantino-wspolny-komunikat-szesciu-federacji","status":"publish","type":"post","link":"https:\/\/www.europesays.com\/pl\/643418\/","title":{"rendered":"Stracili zaufanie do Infantino. Wsp\u00f3lny komunikat sze\u015bciu federacji"},"content":{"rendered":"\n<p class=\"contentpart contentpart--default contentpart--text\" data-position=\"0\">&#8222;Sze\u015b\u0107 nordyckich zwi\u0105zk\u00f3w pi\u0142karskich straci\u0142o zaufanie do prezesa FIFA i bardzo martwi\u0105 si\u0119 o zarz\u0105dzanie organizacj\u0105 oraz podejmowanie decyzji na najwy\u017cszym szczeblu [&#8230;] Nordyckie zwi\u0105zki pi\u0142karskie \u0142\u0105cz\u0105 si\u0119 z UEFA i wspieraj\u0105 \u015brodki wsp\u00f3lnie proponowane przez organizacj\u0119 oraz jej krajowe stowarzyszenia cz\u0142onkowskie&#8221; &#8211; czytamy w komunikacie, opublikowanym na oficjalnej stronie Szwedzkiej Federacji Pi\u0142ki No\u017cnej.<\/p>\n<p class=\"contentpart contentpart--default contentpart--text\" data-position=\"1\">&#8222;Wzywamy tak\u017ce FIFA do rozpocz\u0119cia kompleksowego i niezale\u017cnego przegl\u0105du swojego systemu zarz\u0105dzania. Przegl\u0105d wyja\u015bni, czy ramy regulacyjne zapewniaj\u0105 niezale\u017cno\u015b\u0107, mechanizmy kontroli i r\u00f3wnowagi, przejrzysto\u015b\u0107 oraz odpowiedzialno\u015b\u0107, kt\u00f3re by\u0142y zamierzone podczas przyj\u0119cia programu reform FIFA w 2016 roku&#8221; &#8211; dodano. O\u015bwiadczenie to z\u0142o\u017cy\u0142y wsp\u00f3lnie federacje Szwecji, Norwegii, Danii, Finlandii, Islandii i Wysp Owczych.<\/p>\n<p>  <img decoding=\"async\" src=\"https:\/\/v.wpimg.pl\/X3dwLnN2d1IFFTpdYUl6R0ZNbgcnEHQREVV2TGEGbUtRT2MdOlZ2RBQUKABgQjQcDRotCStBd1IAAWMeIlM7VgwYIAorQAdEFFk_GCkQJQ\" alt=\"\" width=\"45\" height=\"58\" loading=\"lazy\"\/>  <\/p>\n<p class=\"contentpart contentpart--default contentpart--text\" data-position=\"2\">ZOBACZ WIDEO: Niedosyt w Zabrzu po szalonym meczu. Fani podzi\u0119kowali pi\u0142karzom<\/p>\n<p class=\"contentpart contentpart--default contentpart--text\" data-position=\"4\">O\u015bwiadczenie to pokazuje, \u017ce atmosfera wok\u00f3\u0142 <a href=\"https:\/\/sportowefakty.wp.pl\/pilka-nozna\/fifa\" rel=\"nofollow noopener\" target=\"_blank\">FIFA<\/a>\u00a0oraz <a href=\"https:\/\/sportowefakty.wp.pl\/pilka-nozna\/gianni-infantino\" rel=\"nofollow noopener\" target=\"_blank\">Gianniego Infantino<\/a>\u00a0jest coraz bardziej napi\u0119ta. W \u015brodowisku coraz g\u0142o\u015bniej m\u00f3wi si\u0119 o \u017c\u0105daniu odej\u015bcia prezydenta z piastowanego stanowiska. Jednym z powod\u00f3w jest ch\u0119\u0107 sprzeda\u017cy udzia\u0142u w mistrzostwach \u015bwiata.<\/p>\n<p class=\"contentpart contentpart--default contentpart--text\" data-position=\"5\">To wi\u0105\u017ce si\u0119 z kolei z zarzutem o post\u0119puj\u0105c\u0105 komercjalizacj\u0119 futbolu oraz drastyczne prze\u0142adowanie kalendarza rozgrywek. Krytycy zwracaj\u0105 te\u017c uwag\u0119 na rozszerzenie mistrzostw \u015bwiata do 48 dru\u017cyn, co jest podyktowane przede wszystkim ch\u0119ci\u0105 maksymalizacji przychod\u00f3w z praw transmisyjnych i sponsoringu.<\/p>\n<p class=\"contentpart contentpart--default contentpart--text\" data-position=\"6\">Zwraca si\u0119 r\u00f3wnie\u017c uwag\u0119 na sam styl zarz\u0105dzania organizacj\u0105 oraz podwa\u017canie reform, kt\u00f3re mia\u0142y uzdrowi\u0107 FIFA po wielkiej aferze korupcyjnej z 2015 roku. Zarzuca si\u0119 Infantino autokratyczny styl sprawowania w\u0142adzy, centralizacj\u0119 decyzji wok\u00f3\u0142 w\u0142asnej osoby oraz os\u0142abianie niezale\u017cno\u015bci wewn\u0119trznych organ\u00f3w etycznych i kontrolnych.<\/p>\n<p>  <img decoding=\"async\" src=\"https:\/\/v.wpimg.pl\/X3dwLnN2d1IFFTpdYUl6R0ZNbgcnEHQREVV2TGEGbUtRT2MdOlZ2RBQUKABgQjQcDRotCStBd1IAAWMeIlM7VgwYIAorQAdEFFk_GCkQJQ\" alt=\"\" width=\"45\" height=\"58\" loading=\"lazy\"\/>  <\/p>\n<p class=\"contentpart contentpart--default contentpart--text\" data-position=\"7\">Dodatkowo krytycy wskazuj\u0105 na jego bliskie relacje z przyw\u00f3dcami politycznymi, wprowadzanie zmian w statutach pozwalaj\u0105cych na wyd\u0142u\u017cenie czasu sp\u0119dzonego na stanowisku prezydenta, a tak\u017ce brak realizacji obietnic dotycz\u0105cych pe\u0142nej przejrzysto\u015bci finansowej i organizacyjnej \u015bwiatowej federacji.<\/p>\n","protected":false},"excerpt":{"rendered":"&#8222;Sze\u015b\u0107 nordyckich zwi\u0105zk\u00f3w pi\u0142karskich straci\u0142o zaufanie do prezesa FIFA i bardzo martwi\u0105 si\u0119 o zarz\u0105dzanie organizacj\u0105 oraz podejmowanie&hellip;\n","protected":false},"author":2,"featured_media":643419,"comment_status":"","ping_status":"","sticky":false,"template":"","format":"standard","meta":{"footnotes":"","_share_on_mastodon":"0"},"categories":[24],"tags":[1285,5116,269,42,38,40,39,41,127,126],"class_list":["post-643418","post","type-post","status-publish","format-standard","has-post-thumbnail","category-sport","tag-fifa","tag-gianni-infantino","tag-pilka-nozna","tag-pl","tag-poland","tag-polish","tag-polska","tag-polski","tag-sport","tag-sports"],"share_on_mastodon":{"url":"","error":""},"_links":{"self":[{"href":"https:\/\/www.europesays.com\/pl\/wp-json\/wp\/v2\/posts\/643418","targetHints":{"allow":["GET"]}}],"collection":[{"href":"https:\/\/www.europesays.com\/pl\/wp-json\/wp\/v2\/posts"}],"about":[{"href":"https:\/\/www.europesays.com\/pl\/wp-json\/wp\/v2\/types\/post"}],"author":[{"embeddable":true,"href":"https:\/\/www.europesays.com\/pl\/wp-json\/wp\/v2\/users\/2"}],"replies":[{"embeddable":true,"href":"https:\/\/www.europesays.com\/pl\/wp-json\/wp\/v2\/comments?post=643418"}],"version-history":[{"count":0,"href":"https:\/\/www.europesays.com\/pl\/wp-json\/wp\/v2\/posts\/643418\/revisions"}],"wp:featuredmedia":[{"embeddable":true,"href":"https:\/\/www.europesays.com\/pl\/wp-json\/wp\/v2\/media\/643419"}],"wp:attachment":[{"href":"https:\/\/www.europesays.com\/pl\/wp-json\/wp\/v2\/media?parent=643418"}],"wp:term":[{"taxonomy":"category","embeddable":true,"href":"https:\/\/www.europesays.com\/pl\/wp-json\/wp\/v2\/categories?post=643418"},{"taxonomy":"post_tag","embeddable":true,"href":"https:\/\/www.europesays.com\/pl\/wp-json\/wp\/v2\/tags?post=643418"}],"curies":[{"name":"wp","href":"https:\/\/api.w.org\/{rel}","templated":true}]}}