{"id":643574,"date":"2026-08-24T17:14:09","date_gmt":"2026-08-24T17:14:09","guid":{"rendered":"https:\/\/www.europesays.com\/pl\/643574\/"},"modified":"2026-08-24T17:14:09","modified_gmt":"2026-08-24T17:14:09","slug":"pierwszy-taki-przypadek-podczas-wojny-dron-kierowany-przez-ai-zabil-cywilow-w-ukrainie","status":"publish","type":"post","link":"https:\/\/www.europesays.com\/pl\/643574\/","title":{"rendered":"Pierwszy taki przypadek podczas wojny. Dron kierowany przez AI zabi\u0142 cywil\u00f3w w Ukrainie"},"content":{"rendered":"<p>Jak przekaza\u0142a gazeta, zmodyfikowana wersja lekkiego bezza\u0142ogowca Mo\u0142nia uderzy\u0142a w stacj\u0119 benzynow\u0105, zabijaj\u0105c trzy osoby. Wed\u0142ug ekspert\u00f3w, kt\u00f3rzy analizowali komponenty maszyny, dron nie by\u0142 jednak kierowany przez cz\u0142owieka, lecz mia\u0142 wybra\u0107 sw\u00f3j cel sam za pomoc\u0105 sztucznej inteligencji, m.in. dzi\u0119ki zamontowanemu mikrokomputerowi Nvidii \u2014 Jetson Orin. To dost\u0119pny na szerok\u0105 skal\u0119 komercyjny komponent, kt\u00f3ry jest jednak obj\u0119ty zakazem eksportu do Rosji.<\/p>\n<p>Dalszy ci\u0105g artyku\u0142u pod materia\u0142em wideoRosja szkoli drony zasilane przez AI<\/p>\n<p>Zdaniem Kateryny Bodnar, ekspertki z waszyngto\u0144skiego think tanku Centrum Studi\u00f3w Strategicznych i Mi\u0119dzynarodowych (CSIS), jest to pierwszy udokumentowany przypadek zabicia cywil\u00f3w przez rosyjskiego drona kierowanego przez AI. Dziennik pisze, powo\u0142uj\u0105c si\u0119 na ukrai\u0144skich urz\u0119dnik\u00f3w, \u017ce Rosja od pewnego czasu eksperymentuje z u\u017cyciem broni autonomicznej, szkol\u0105c drony zasilane przez AI do samodzielnego wybierania cel\u00f3w. W\u015br\u00f3d tych cel\u00f3w maj\u0105 by\u0107 m.in. zbiorniki z propanem, dystrybutory na stacjach benzynowych czy o\u015brodki rekrutacji wojskowej.<\/p>\n<p>Ukraina ostrzega przed rosyjsk\u0105 nawa\u0142nic\u0105. Putin ma powo\u0142a\u0107 300 tys. \u017co\u0142nierzy. Kreml ma jeden cel<\/p>\n<p class=\"ods-o-frame-in-text__paragraph\"><a href=\"https:\/\/wiadomosci.onet.pl\/swiat\/ukraina-ostrzega-przed-rosyjska-nawalnica-putin-ma-powolac-300-tys-zolnierzy-kreml-ma\/mhz4fvc?tpcc=202608_bloczek_newsroom\" id=\"7239615a-1c6b-49cd-9804-4b9714062717\" rel=\"nofollow noopener\" target=\"_blank\">Przeczytaj ca\u0142o\u015b\u0107 artyku\u0142u!<\/a><\/p>\n<p><img class=\"ods-a-photo ods-a-photo--background\" src=\"https:\/\/www.europesays.com\/pl\/wp-content\/uploads\/2026\/08\/AuFk9lBaHR0cHM6Ly9vY2RuLmV1L3B1bHNjbXMvTURBXy8wZWU3OWNmOWU2M2FhNDE2NDExNzI1NGMwYzQ4MmRiMy5qcGeRlQLNA.jpeg\" height=\"300\" width=\"450\" alt=\"Ukrai\u0144scy \u017co\u0142nierze w obwodzie dniepropetrowskim w Ukrainie, 23 czerwca 2026 r.\" loading=\"lazy\" fetchpriority=\"low\" decoding=\"async\"\/><\/p>\n<p>Ukrai\u0144cy powiadomili, \u017ce modu\u0142 Jetson, wykorzystany podczas ataku w Zaporo\u017cu, nie by\u0142 zaszyfrowany, dzi\u0119ki czemu mogli oni zobaczy\u0107 obrazy terenu przes\u0142ane do tego modu\u0142u.<\/p>\n<p>Wed\u0142ug urz\u0119dnik\u00f3w, na kt\u00f3rych powo\u0142a\u0142a si\u0119 gazeta, niekt\u00f3re z testowanych przez Rosj\u0119 dron\u00f3w, sterowanych sztuczn\u0105 inteligencj\u0105, eksplodowa\u0142y po uderzeniu, ale inne nie wybuch\u0142y i pozosta\u0142y nienaruszone.<\/p>\n<p>Ju\u017c wcze\u015bniej ukrai\u0144ski wywiad wojskowy (HUR) podawa\u0142, \u017ce modu\u0142y Jetson odnaleziono r\u00f3wnie\u017c w rakiecie manewruj\u0105cej S-71 Monochrom. Nvidia potwierdzi\u0142a, \u017ce zdj\u0119cia przedstawiaj\u0105 ten system, lecz podkre\u015bli\u0142a, \u017ce jest on u\u017cywany na szerok\u0105 skal\u0119 i \u0142atwo dost\u0119pny na rynku wt\u00f3rnym.<\/p>\n<p>Obie strony u\u017cywaj\u0105 broni autonomicznej<\/p>\n<p>Wojska ukrai\u0144skie r\u00f3wnie\u017c stosuj\u0105 autonomiczne drony. O wykorzystaniu maszyn samodzielnie obieraj\u0105cych cele na Krymie m\u00f3wi\u0142 by\u0142y minister obrony Ukrainy Mychaj\u0142o Fedorow. Wed\u0142ug niego na skutek tych uderze\u0144 nie zgin\u0119li cywile.<\/p>\n<p>U\u017cywanie broni autonomicznej od dawna budzi kontrowersje, a wiele organizacji od lat d\u0105\u017cy do przyj\u0119cia mi\u0119dzynarodowych regulacji na szczeblu ONZ, zakazuj\u0105cych u\u017cywania &#8222;robot\u00f3w-zab\u00f3jc\u00f3w&#8221;. Dotychczas starania te nie przynios\u0142y jednak skutk\u00f3w.<\/p>\n","protected":false},"excerpt":{"rendered":"Jak przekaza\u0142a gazeta, zmodyfikowana wersja lekkiego bezza\u0142ogowca Mo\u0142nia uderzy\u0142a w stacj\u0119 benzynow\u0105, zabijaj\u0105c trzy osoby. Wed\u0142ug ekspert\u00f3w, kt\u00f3rzy&hellip;\n","protected":false},"author":2,"featured_media":643575,"comment_status":"","ping_status":"","sticky":false,"template":"","format":"standard","meta":{"footnotes":"","_share_on_mastodon":"0"},"categories":[14],"tags":[61195,32,33,144,27,76,34,35,28,31,48,25,46,40,41,87,47,80,10441,29,30,415,26,82,83,84],"class_list":["post-643574","post","type-post","status-publish","format-standard","has-post-thumbnail","category-swiat","tag-bottomfeed_styl","tag-breaking-news","tag-breakingnews","tag-drony","tag-headlines","tag-inwazja_rosji_na_ukraine","tag-latest-news","tag-latestnews","tag-naglowki","tag-najwazniejsze-artykuly","tag-nat_styl","tag-news","tag-omp","tag-polish","tag-polski","tag-rosja","tag-screening_general","tag-swiat","tag-sztuczna_inteligencja","tag-top-stories","tag-topstories","tag-ukraina","tag-wiadomosci","tag-world","tag-world-news","tag-worldnews"],"share_on_mastodon":{"url":"https:\/\/pubeurope.com\/@pl\/117151614892673879","error":""},"_links":{"self":[{"href":"https:\/\/www.europesays.com\/pl\/wp-json\/wp\/v2\/posts\/643574","targetHints":{"allow":["GET"]}}],"collection":[{"href":"https:\/\/www.europesays.com\/pl\/wp-json\/wp\/v2\/posts"}],"about":[{"href":"https:\/\/www.europesays.com\/pl\/wp-json\/wp\/v2\/types\/post"}],"author":[{"embeddable":true,"href":"https:\/\/www.europesays.com\/pl\/wp-json\/wp\/v2\/users\/2"}],"replies":[{"embeddable":true,"href":"https:\/\/www.europesays.com\/pl\/wp-json\/wp\/v2\/comments?post=643574"}],"version-history":[{"count":0,"href":"https:\/\/www.europesays.com\/pl\/wp-json\/wp\/v2\/posts\/643574\/revisions"}],"wp:featuredmedia":[{"embeddable":true,"href":"https:\/\/www.europesays.com\/pl\/wp-json\/wp\/v2\/media\/643575"}],"wp:attachment":[{"href":"https:\/\/www.europesays.com\/pl\/wp-json\/wp\/v2\/media?parent=643574"}],"wp:term":[{"taxonomy":"category","embeddable":true,"href":"https:\/\/www.europesays.com\/pl\/wp-json\/wp\/v2\/categories?post=643574"},{"taxonomy":"post_tag","embeddable":true,"href":"https:\/\/www.europesays.com\/pl\/wp-json\/wp\/v2\/tags?post=643574"}],"curies":[{"name":"wp","href":"https:\/\/api.w.org\/{rel}","templated":true}]}}