{"id":643602,"date":"2026-08-24T17:32:17","date_gmt":"2026-08-24T17:32:17","guid":{"rendered":"https:\/\/www.europesays.com\/pl\/643602\/"},"modified":"2026-08-24T17:32:17","modified_gmt":"2026-08-24T17:32:17","slug":"we-wroclawiu-trwa-goraca-dyskusja-o-planie-ogolnym-a-co-z-reszta-dolnego-slaska","status":"publish","type":"post","link":"https:\/\/www.europesays.com\/pl\/643602\/","title":{"rendered":"We Wroc\u0142awiu trwa gor\u0105ca dyskusja o planie og\u00f3lnym, a co z reszt\u0105 Dolnego \u015al\u0105ska?"},"content":{"rendered":"<p>Do ko\u0144ca sierpnia gminy maj\u0105 czas na uchwalenie planu og\u00f3lnego, to nowy dokument planistyczny, kt\u00f3ry zast\u0105pi dotychczasowe studium uwarunkowa\u0144 i kierunk\u00f3w zagospodarowania przestrzennego. We Wroc\u0142awiu wybuch\u0142a spora dyskusja na ten planu og\u00f3lnego, a jak jest w innych gminach Dolnego \u015al\u0105ska?<\/p>\n<p style=\"text-align: justify;\"><a href=\"https:\/\/www.radiowroclaw.pl\/articles\/view\/163343\/Debata-nad-Planem-Ogolnym-Wroclawia-Przedsiebiorcy-protestuja-przeciwko-potencjalnym-zmianom-Trwa-goraca-dyskusja\" rel=\"nofollow noopener\" target=\"_blank\">Wroc\u0142awscy przedsi\u0119biorcy z ulicy Stargardzkiej protestowali podczas sesji Rady Miejskiej Wroc\u0142awia przeciwko zapisom Planu Og\u00f3lnego.<\/a>\u00a0Plan og\u00f3lny to kluczowy dokument planistyczny, kt\u00f3ry okre\u015bla, jak zagospodarowane b\u0119d\u0105 wszystkie grunty w danej gminie.<\/p>\n<p style=\"text-align: justify;\">Wok\u00f3\u0142 wroc\u0142awskiego planu og\u00f3lnego wybuch\u0142a ca\u0142kiem spora dyskusja, dlatego sprawdzili\u015bmy, jak jest na Dolnym \u015al\u0105sku. Czy w innych miejscach r\u00f3wnie\u017c wzbudzaj\u0105 one emocje, czy mo\u017ce ju\u017c dawno temu zosta\u0142y uchwalone? Sprawd\u017acie!<\/p>\n<p>Wa\u0142brzych, Dzier\u017coni\u00f3w, \u015awidnica<\/p>\n<p style=\"text-align: justify;\">Na pewno plan ma ju\u017c Wa\u0142brzych:<\/p>\n<p style=\"text-align: justify;\">&#8211; My ju\u017c uchwalili\u015bmy ten plan 14 maja 2026 roku. Zosta\u0142 przeg\u0142osowany podczas Rady Miejskiej Wa\u0142brzycha\u00a0\u2014\u00a0m\u00f3wi rzecznik Urz\u0119du Miasta, Karolina Usarek.<\/p>\n<p>&#13;<br \/>\n\t\t\t\t\t\t\t\t\t\tAby ods\u0142ucha\u0107 za\u0142\u0105czonego d\u017awi\u0119ku zaktualizuj przegl\u0105dark\u0119 lub\/i wtyczk\u0119 Adobe Flash Player.&#13;\n\t\t\t\t\t\t\t\t\t<\/p>\n<p style=\"text-align: justify;\">Plan og\u00f3lny przeg\u0142osowa\u0142a te\u017c rada miasta Dzier\u017coniowa:<\/p>\n<p style=\"text-align: justify;\">&#8211; Zosta\u0142 on przyj\u0119ty na sesji 29 czerwca, og\u0142oszony w dzienniku urz\u0119dowym i obowi\u0105zuje od 23 lipca\u00a0\u2014\u00a0m\u00f3wi Magdalena Zalewska z biura komunikacji spo\u0142ecznej Urz\u0119du Miasta w Dzier\u017coniowie.<\/p>\n<p>&#13;<br \/>\n\t\t\t\t\t\t\t\t\t\tAby ods\u0142ucha\u0107 za\u0142\u0105czonego d\u017awi\u0119ku zaktualizuj przegl\u0105dark\u0119 lub\/i wtyczk\u0119 Adobe Flash Player.&#13;\n\t\t\t\t\t\t\t\t\t<\/p>\n<p style=\"text-align: justify;\">Planu nie uchwalono w \u015awidnicy, prawdopodobnie uchwalony zostanie dopiero podczas wrze\u015bniowej sesji Rady Miasta.<\/p>\n<p style=\"text-align: justify;\">&#8211; Jeste\u015bmy na etapie konsultacji spo\u0142ecznych, kt\u00f3re ko\u0144cz\u0105 si\u0119 dzisiaj. Mamy nadziej\u0119, \u017ce uda nam si\u0119 przygotowa\u0107 uchwa\u0142\u0119 na wrzesie\u0144. Natomiast to wszystko zale\u017cy od tego, jak b\u0119d\u0105 rozpatrywane uwagi \u2014 m\u00f3wi\u00a0Joanna Du\u015bko, dyrektor Wydzia\u0142u Gospodarki Przestrzennej Urz\u0119du Miasta \u015awidnicy.<\/p>\n<p>&#13;<br \/>\n\t\t\t\t\t\t\t\t\t\tAby ods\u0142ucha\u0107 za\u0142\u0105czonego d\u017awi\u0119ku zaktualizuj przegl\u0105dark\u0119 lub\/i wtyczk\u0119 Adobe Flash Player.&#13;\n\t\t\t\t\t\t\t\t\t<\/p>\n<p style=\"text-align: justify;\">Dlaczego miasto nie zd\u0105\u017cy\u0142o z ustaleniem planu?<\/p>\n<p style=\"text-align: justify;\">&#8211; Trzykrotnie uzgadniali\u015bmy plan og\u00f3lny z wodami polskimi. Tutaj problem nasz g\u0142\u00f3wny polega\u0142 na tym, \u017ce jednak mamy stref\u0119 zagro\u017cenia powodziowego. Wpadamy w uzgodnienia z wodami polskimi. Dwukrotnie wody polskie odm\u00f3wi\u0142y nam tego uzgodnienia. W zwi\u0105zku, z czym no ten termin si\u0119 przesun\u0105\u0142\u00a0\u2014 m\u00f3wi Joanna Du\u015bko, dyrektor Wydzia\u0142u Gospodarki Przestrzennej Urz\u0119du Miasta \u015awidnicy.<\/p>\n<p>&#13;<br \/>\n\t\t\t\t\t\t\t\t\t\tAby ods\u0142ucha\u0107 za\u0142\u0105czonego d\u017awi\u0119ku zaktualizuj przegl\u0105dark\u0119 lub\/i wtyczk\u0119 Adobe Flash Player.&#13;\n\t\t\t\t\t\t\t\t\t<\/p>\n<p style=\"text-align: justify;\">SPRAWD\u0179:\u00a0<a href=\"https:\/\/www.radiowroclaw.pl\/articles\/view\/163350\/Wstrzasy-w-kopalniach-Zaglebia-Miedziowego-Nawet-3-3-stopnia-w-skali-Richtera\" rel=\"nofollow noopener\" target=\"_blank\">Wstrz\u0105sy w kopalniach Zag\u0142\u0119bia Miedziowego. Nawet 3,3 stopnia w skali Richtera<\/a><\/p>\n<p style=\"text-align: justify;\">\u00a0<\/p>\n<p>Gmina Wi\u0144sko i Trzebnica<\/p>\n<p style=\"text-align: justify;\">Gmina Wi\u0144sko plan og\u00f3lny przyj\u0119\u0142a ju\u017c w kwietniu, cho\u0107 jego przygotowanie by\u0142o problematyczne. Wielu mieszka\u0144c\u00f3w chcia\u0142o zabezpieczy\u0107 swoje grunty, wnioskuj\u0105c o tzw. wuzetki, czyli warunki zabudowy:<\/p>\n<p style=\"text-align: justify;\">&#8211; Ludzie i samorz\u0105d na swoich gruntach zacz\u0119li robi\u0107 te warunki zabudowy przed uchwaleniem planu og\u00f3lnego, \u017ceby swoje dzia\u0142ki teoretycznie zagospodarowa\u0107 mieszkaniowo. Na nas zrzuci\u0142o to potwornie du\u017co pracy i potwornie du\u017ce koszty. W\u0142a\u015bciciel dzia\u0142ki nie p\u0142aci ani z\u0142ot\u00f3wki za sporz\u0105dzenie wuzetki a my musimy ludziom i firmom zewn\u0119trznym p\u0142aci\u0107 za ich sporz\u0105dzanie \u2014 m\u00f3wi w\u00f3jt Wi\u0144ska Jolanta Krysowata-Zielnica.<\/p>\n<p>&#13;<br \/>\n\t\t\t\t\t\t\t\t\t\tAby ods\u0142ucha\u0107 za\u0142\u0105czonego d\u017awi\u0119ku zaktualizuj przegl\u0105dark\u0119 lub\/i wtyczk\u0119 Adobe Flash Player.&#13;\n\t\t\t\t\t\t\t\t\t<\/p>\n<p style=\"text-align: justify;\">Samorz\u0105d na sporz\u0105dzenie planu og\u00f3lnego wyda\u0142 co najmniej 150 tys. z\u0142otych, cz\u0119\u015b\u0107 \u015brodk\u00f3w b\u0119dzie m\u00f3g\u0142 odzyska\u0107 dzi\u0119ki \u015brodkom z KPO. Jednak jak przekonuj\u0105 w\u0142adze gminy Wi\u0144sko, o wiele wi\u0119cej wydano na przygotowywanie decyzji o warunkach zabudowy dla swoich mieszka\u0144c\u00f3w.<\/p>\n<p style=\"text-align: justify;\">Plan og\u00f3lny dla Trzebnicy najwcze\u015bniej za dwa miesi\u0105ce. Samorz\u0105d ca\u0142y czas uzgadnia zapisy tego strategicznego dokumentu z Regionaln\u0105 Dyrekcj\u0105 Ochrony \u015arodowiska i Wojew\u00f3dzkim Konserwatorem Zabytk\u00f3w. Sporne okaza\u0142y si\u0119 m.in. tereny istotne przyrodniczo.<\/p>\n<p style=\"text-align: justify;\">&#8211; W Ku\u017aniczysku gmina Trzebnica ma stawy rybne. RDO\u015a stwierdzi\u0142, \u017ce s\u0105 tam obszary ochrony przede wszystkim motyli i zasugerowa\u0142by zostawi\u0107 ten obszar jako rolny. My planowali\u015bmy teren obs\u0142ugi rybo\u0142\u00f3wstwa, bo nie w porz\u0105dku by\u0142oby po tylu latach, \u017ceby gmina zablokowa\u0142a rozw\u00f3j tego przedsi\u0119biorstwa \u2014 wyja\u015bnia\u00a0Joanna B\u0119benek, naczelnik wydzia\u0142u architektury i urbanistyki w Urz\u0119dzie Miejskim w Trzebnicy.<\/p>\n<p>&#13;<br \/>\n\t\t\t\t\t\t\t\t\t\tAby ods\u0142ucha\u0107 za\u0142\u0105czonego d\u017awi\u0119ku zaktualizuj przegl\u0105dark\u0119 lub\/i wtyczk\u0119 Adobe Flash Player.&#13;\n\t\t\t\t\t\t\t\t\t<\/p>\n<p style=\"text-align: justify;\">Teraz samorz\u0105d czeka a\u017c wszystkie uzgodnienia, sp\u0142yn\u0105 do gminy, by m\u00f3c podda\u0107 plan og\u00f3lny pod konsultacje z mieszka\u0144cami. Ich rozpocz\u0119cie planowane jest na prze\u0142om wrze\u015bnia i pa\u017adziernika, tak by plan og\u00f3lny uchwali\u0107 do ko\u0144ca roku. Samorz\u0105d na jego przygotowanie wyda\u0142 ok. 400 tys. z\u0142otych.<\/p>\n<p style=\"text-align: justify;\">SPRAWD\u0179:\u00a0<a href=\"https:\/\/www.radiowroclaw.pl\/articles\/view\/163341\/Wylewasz-scieki-do-rowu-Urzednicy-chca-to-sprawdzic-W-Miedzyborzu-rusza-kontrola-szamb-i-oczyszczalni\" rel=\"nofollow noopener\" target=\"_blank\">Wylewasz \u015bcieki do rowu? Urz\u0119dnicy chc\u0105 to sprawdzi\u0107. W Mi\u0119dzyborzu rusza kontrola szamb i oczyszczalni<\/a><\/p>\n<p style=\"text-align: justify;\">\u00a0<\/p>\n<p>Jelenia G\u00f3ra<\/p>\n<p style=\"text-align: justify;\">Jelenia G\u00f3ra r\u00f3wnie\u017c nie zd\u0105\u017cy uchwali\u0107 planu og\u00f3lnego do 31 sierpnia. Urz\u0105d Miasta zapewnia jednak, \u017ce przekroczenie tego terminu nie b\u0119dzie problemem dla mieszka\u0144c\u00f3w ani inwestor\u00f3w. Du\u017ca cz\u0119\u015b\u0107 obszaru miasta jest ju\u017c obj\u0119ta miejscowymi planami zagospodarowania przestrzennego, kt\u00f3re nadal b\u0119d\u0105 obowi\u0105zywa\u0107.<\/p>\n<p style=\"text-align: justify;\">&#8211; Nie ma takiego ryzyka, \u017ce inwestor, kt\u00f3ry b\u0119dzie chcia\u0142 rozpocz\u0105\u0107 inwestycj\u0119, w momencie, kiedy gmina Jelenia G\u00f3ra nie ma uchwalonego planu og\u00f3lnego, b\u0119dzie wstrzymywany. Je\u017celi tam jest miejscowy plan zagospodarowania przestrzennego, czyli przepisy planistyczne, kt\u00f3re obecnie obowi\u0105zuj\u0105, one b\u0119d\u0105 obowi\u0105zywa\u0142y jeszcze do momentu uchwalenia planu, wi\u0119c nie b\u0119dzie tej luki legislacyjnej, je\u017celi chodzi o planowanie przestrzenne na poziomie gminy \u2014 m\u00f3wi\u00a0rzecznik Urz\u0119du Miasta Jeleniej G\u00f3ry Marcin Ry\u0142ko.<\/p>\n<p>&#13;<br \/>\n\t\t\t\t\t\t\t\t\t\tAby ods\u0142ucha\u0107 za\u0142\u0105czonego d\u017awi\u0119ku zaktualizuj przegl\u0105dark\u0119 lub\/i wtyczk\u0119 Adobe Flash Player.&#13;\n\t\t\t\t\t\t\t\t\t<\/p>\n<p style=\"text-align: justify;\">Po zako\u0144czeniu etapu opiniowania i uzgodnie\u0144 rozpoczn\u0105 si\u0119 konsultacje spo\u0142eczne. Mieszka\u0144cy b\u0119d\u0105 mogli zapozna\u0107 si\u0119 z projektem planu i zg\u0142asza\u0107 do niego swoje uwagi. O terminach i formach konsultacji urz\u0105d poinformuje na swojej stronie internetowej oraz w mediach spo\u0142eczno\u015bciowych.<\/p>\n<p style=\"text-align: justify;\">SPRAWD\u0179:\u00a0<a href=\"https:\/\/www.radiowroclaw.pl\/articles\/view\/163345\/Ponad-tona-martwych-ryb-w-Jeziorze-Koskowickim-To-juz-szosty-raz-kiedy-dochodzi-tutaj-do-katastrofy\" rel=\"nofollow noopener\" target=\"_blank\">Ponad tona martwych ryb w Jeziorze Koskowickim. To ju\u017c sz\u00f3sty raz, kiedy dochodzi tutaj do katastrofy<\/a><\/p>\n<p style=\"text-align: justify;\">\u00a0<\/p>\n<p>Legnica i gminy w regionie<\/p>\n<p style=\"text-align: justify;\">Z kolei w ca\u0142ym regionie legnickim tylko 4 gminy zd\u0105\u017cy\u0142y uchwali\u0107 plan og\u00f3lny i jedn\u0105 z nich jest miasto Legnica.<\/p>\n<p style=\"text-align: justify;\">&#8211; Nadali\u015bmy tej sprawie najwy\u017cszy priorytet wiele miesi\u0119cy temu i plan og\u00f3lny zosta\u0142 przyj\u0119ty ju\u017c w maju \u2014 m\u00f3wi Grzegorz Koczubaj z legnickiego magistratu.<\/p>\n<p style=\"text-align: justify;\">W planie og\u00f3lnym ograniczono m.in. mo\u017cliwo\u015b\u0107 zagospodarowania cz\u0119\u015bci p\u00f3\u0142nocnej miasta. Chodzi tutaj o obszar ochronny z\u0142\u00f3\u017c w\u0119gla brunatnego, a tak\u017ce wy\u0142\u0105czono cz\u0119\u015b\u0107 teren\u00f3w zagro\u017conych powodziowo i tereny w pobli\u017cu planowanej obwodnicy miasta.<\/p>\n<p style=\"text-align: justify;\">\u00a0&#8211; \u017beby nie powt\u00f3rzy\u0142y si\u0119 takie sytuacje jak przy ulicy Karli\u0144skiego, \u017ce decyzje planistyczne sprzed wielu lat umo\u017cliwi\u0142y budow\u0119 przy drodze i teraz mieszka\u0144cy narzekaj\u0105 na ha\u0142as. Priorytetem prezydenta by\u0142o to, \u017ceby ten plan szybko i sprawnie uchwali\u0107 i to si\u0119 uda\u0142o i by\u0142y prowadzone konsultacje spo\u0142eczne, wszystko w rozs\u0105dnych terminach\u00a0\u2014 m\u00f3wi Grzegorz Koczubaj z legnickiego magistratu.<\/p>\n<p>&#13;<br \/>\n\t\t\t\t\t\t\t\t\t\tAby ods\u0142ucha\u0107 za\u0142\u0105czonego d\u017awi\u0119ku zaktualizuj przegl\u0105dark\u0119 lub\/i wtyczk\u0119 Adobe Flash Player.&#13;\n\t\t\t\t\t\t\t\t\t<\/p>\n<p style=\"text-align: justify;\">Nowego dokumentu nie przyj\u0119\u0142y wci\u0105\u017c gminy m.in Legnickie Pole, Mi\u0142kowice, Prochowice, Pielgrzymka i gmina wiejska Z\u0142otoryja. Z kolei na zaawansowanym etapie lub bardzo blisko finalizacji ca\u0142ego procesu s\u0105 gminy powiatu lubi\u0144skiego i g\u0142ogowskiego. Miasto Lubin z kolei 28 sierpnia rozpoczyna konsultacje spo\u0142eczne, kt\u00f3re potrwaj\u0105 miesi\u0105c.<\/p>\n","protected":false},"excerpt":{"rendered":"Do ko\u0144ca sierpnia gminy maj\u0105 czas na uchwalenie planu og\u00f3lnego, to nowy dokument planistyczny, kt\u00f3ry zast\u0105pi dotychczasowe studium&hellip;\n","protected":false},"author":2,"featured_media":643603,"comment_status":"","ping_status":"","sticky":false,"template":"","format":"standard","meta":{"footnotes":"","_share_on_mastodon":"0"},"categories":[51607],"tags":[58104,66629,81139,46408,126194,53536,64927,42,64926,38,40,39,41,67989,51722,57925,55110,1853,55111,44413],"class_list":["post-643602","post","type-post","status-publish","format-standard","has-post-thumbnail","category-wroclaw","tag-a","tag-co","tag-dolnego","tag-dyskusja","tag-goraca","tag-o","tag-ogolnym","tag-pl","tag-planie","tag-poland","tag-polish","tag-polska","tag-polski","tag-reszta","tag-slaska","tag-trwa","tag-we","tag-wroclaw","tag-wroclawiu","tag-z"],"share_on_mastodon":{"url":"https:\/\/pubeurope.com\/@pl\/117151684838479372","error":""},"_links":{"self":[{"href":"https:\/\/www.europesays.com\/pl\/wp-json\/wp\/v2\/posts\/643602","targetHints":{"allow":["GET"]}}],"collection":[{"href":"https:\/\/www.europesays.com\/pl\/wp-json\/wp\/v2\/posts"}],"about":[{"href":"https:\/\/www.europesays.com\/pl\/wp-json\/wp\/v2\/types\/post"}],"author":[{"embeddable":true,"href":"https:\/\/www.europesays.com\/pl\/wp-json\/wp\/v2\/users\/2"}],"replies":[{"embeddable":true,"href":"https:\/\/www.europesays.com\/pl\/wp-json\/wp\/v2\/comments?post=643602"}],"version-history":[{"count":0,"href":"https:\/\/www.europesays.com\/pl\/wp-json\/wp\/v2\/posts\/643602\/revisions"}],"wp:featuredmedia":[{"embeddable":true,"href":"https:\/\/www.europesays.com\/pl\/wp-json\/wp\/v2\/media\/643603"}],"wp:attachment":[{"href":"https:\/\/www.europesays.com\/pl\/wp-json\/wp\/v2\/media?parent=643602"}],"wp:term":[{"taxonomy":"category","embeddable":true,"href":"https:\/\/www.europesays.com\/pl\/wp-json\/wp\/v2\/categories?post=643602"},{"taxonomy":"post_tag","embeddable":true,"href":"https:\/\/www.europesays.com\/pl\/wp-json\/wp\/v2\/tags?post=643602"}],"curies":[{"name":"wp","href":"https:\/\/api.w.org\/{rel}","templated":true}]}}