{"id":643612,"date":"2026-08-24T17:37:23","date_gmt":"2026-08-24T17:37:23","guid":{"rendered":"https:\/\/www.europesays.com\/pl\/643612\/"},"modified":"2026-08-24T17:37:23","modified_gmt":"2026-08-24T17:37:23","slug":"incydent-w-warszawie-gruzin-zatrzymal-rzadowe-auto-nowe-informacje","status":"publish","type":"post","link":"https:\/\/www.europesays.com\/pl\/643612\/","title":{"rendered":"Incydent w Warszawie. Gruzin zatrzyma\u0142 rz\u0105dowe auto. Nowe informacje"},"content":{"rendered":"<p>Do zdarzenia dosz\u0142o w ostatni czwartek (20 sierpnia) wieczorem ok. godz. 22.30 na ul. Nowy \u015awiat w okolicy ronda gen. Charlesa de Gaulle&#8217;a. <a href=\"https:\/\/wiadomosci.onet.pl\/warszawa\/grozny-incydent-w-centrum-warszawy-mezczyzna-zmusil-do-zatrzymania-rzadowe-auto\/ls5w9qf\" id=\"ae6a4331-1d10-4cc0-ab08-461071538ea9\" rel=\"nofollow noopener\" target=\"_blank\">41-letni obywatel Gruzji szed\u0142 \u015brodkiem jezdni, zmuszaj\u0105c do zatrzymania ruszaj\u0105cy ze \u015bwiate\u0142 samoch\u00f3d Ministerstwa Finans\u00f3w<\/a>. Autem podr\u00f3\u017cowa\u0142a podsekretarz stanu w resorcie finans\u00f3w Hanna Majszczyk. Po tym 41-latek wszed\u0142 jeszcze na samoch\u00f3d i po nim przeszed\u0142.<\/p>\n<p>M\u0119\u017cczyzna zosta\u0142 zatrzymany przez pracuj\u0105cych w pobli\u017cu policjant\u00f3w. By\u0142 trze\u017awy. Dodatkowo policja pobra\u0142a od niego krew do bada\u0144 pod k\u0105tem \u015brodk\u00f3w odurzaj\u0105cych. Z relacji s\u0142u\u017cb wynika, \u017ce samoch\u00f3d zosta\u0142 przez niego uszkodzony. 41-latek przebywa\u0142 w Polsce legalnie. W przesz\u0142o\u015bci by\u0142 ju\u017c karany za wykroczenia w ruchu drogowym.<\/p>\n<p>Dalszy ci\u0105g artyku\u0142u pod materia\u0142em wideoGruzin uszkodzi\u0142 w Warszawie rz\u0105dowe auto. Zosta\u0142 aresztowany na trzy miesi\u0105ce<\/p>\n<p>Dzi\u0119ki zgromadzonemu materia\u0142owi dowodowemu m\u0119\u017cczy\u017anie mo\u017cna by\u0142o ju\u017c postawi\u0107 zarzut uszkodzenia cudzej rzeczy. Komenda Sto\u0142eczna Policji zaznacza, \u017ce &#8222;publicznie okaza\u0142 ra\u017c\u0105ce lekcewa\u017cenie porz\u0105dku prawnego&#8221;, a jego post\u0119powanie ma &#8222;charakter chuliga\u0144ski&#8221;.<\/p>\n<p>Afera w Szpitalu Po\u0142udniowym. Nowa wiceprezydent Warszawy: nie chc\u0119 by\u0107 \u017ale zrozumiana<img class=\"ods-a-photo ods-a-photo--background\" src=\"https:\/\/www.europesays.com\/pl\/wp-content\/uploads\/2026\/08\/1787593043_532_1fKk9lBaHR0cHM6Ly9vY2RuLmV1L3B1bHNjbXMvTURBXy9kMTVhNGVmN2NjZTg2MjQ3YmVhZWIxYzJmYzhiZjA1ZS5wbmeRlQLNA.jpeg\" height=\"253\" width=\"450\" alt=\"Sklejka 20260817 1235\" loading=\"lazy\" fetchpriority=\"low\" decoding=\"async\"\/><\/p>\n<p>S\u0105d przychyli\u0142 si\u0119 do wniosku Prokuratury Rejonowej Warszawa \u015ar\u00f3dmie\u015bcie-P\u00f3\u0142noc i zastosowa\u0142 wobec podejrzanego \u015brodek zapobiegawczy w postaci tymczasowego aresztowania na okres trzech miesi\u0119cy. Za uszkodzenie cudzej rzeczy grozi kara od 3 miesi\u0119cy do 5 lat pozbawienia wolno\u015bci. W przypadku wyst\u0119pku o charakterze chuliga\u0144skim s\u0105d wymierza kar\u0119 w wysoko\u015bci nie ni\u017cszej ni\u017c dolna granica ustawowego zagro\u017cenia zwi\u0119kszona o po\u0142ow\u0119.<\/p>\n","protected":false},"excerpt":{"rendered":"Do zdarzenia dosz\u0142o w ostatni czwartek (20 sierpnia) wieczorem ok. godz. 22.30 na ul. Nowy \u015awiat w okolicy&hellip;\n","protected":false},"author":2,"featured_media":643613,"comment_status":"","ping_status":"","sticky":false,"template":"","format":"standard","meta":{"footnotes":"","_share_on_mastodon":"0"},"categories":[51605],"tags":[2451,61195,9667,48,46,42,38,414,40,39,41,1358,47,435,1299],"class_list":["post-643612","post","type-post","status-publish","format-standard","has-post-thumbnail","category-warszawa","tag-areszt","tag-bottomfeed_styl","tag-gruzja","tag-nat_styl","tag-omp","tag-pl","tag-poland","tag-policja","tag-polish","tag-polska","tag-polski","tag-samochody_ruch_drogowy_motoryzacja","tag-screening_general","tag-warszawa","tag-zatrzymanie"],"share_on_mastodon":{"url":"https:\/\/pubeurope.com\/@pl\/117151705464749510","error":""},"_links":{"self":[{"href":"https:\/\/www.europesays.com\/pl\/wp-json\/wp\/v2\/posts\/643612","targetHints":{"allow":["GET"]}}],"collection":[{"href":"https:\/\/www.europesays.com\/pl\/wp-json\/wp\/v2\/posts"}],"about":[{"href":"https:\/\/www.europesays.com\/pl\/wp-json\/wp\/v2\/types\/post"}],"author":[{"embeddable":true,"href":"https:\/\/www.europesays.com\/pl\/wp-json\/wp\/v2\/users\/2"}],"replies":[{"embeddable":true,"href":"https:\/\/www.europesays.com\/pl\/wp-json\/wp\/v2\/comments?post=643612"}],"version-history":[{"count":0,"href":"https:\/\/www.europesays.com\/pl\/wp-json\/wp\/v2\/posts\/643612\/revisions"}],"wp:featuredmedia":[{"embeddable":true,"href":"https:\/\/www.europesays.com\/pl\/wp-json\/wp\/v2\/media\/643613"}],"wp:attachment":[{"href":"https:\/\/www.europesays.com\/pl\/wp-json\/wp\/v2\/media?parent=643612"}],"wp:term":[{"taxonomy":"category","embeddable":true,"href":"https:\/\/www.europesays.com\/pl\/wp-json\/wp\/v2\/categories?post=643612"},{"taxonomy":"post_tag","embeddable":true,"href":"https:\/\/www.europesays.com\/pl\/wp-json\/wp\/v2\/tags?post=643612"}],"curies":[{"name":"wp","href":"https:\/\/api.w.org\/{rel}","templated":true}]}}