{"id":643688,"date":"2026-08-24T18:22:18","date_gmt":"2026-08-24T18:22:18","guid":{"rendered":"https:\/\/www.europesays.com\/pl\/643688\/"},"modified":"2026-08-24T18:22:18","modified_gmt":"2026-08-24T18:22:18","slug":"w-lublinie-uczczono-35-rocznice-niepodleglosci-ukrainy-ukraina-i-polska-stoja-ramie-w-ramie","status":"publish","type":"post","link":"https:\/\/www.europesays.com\/pl\/643688\/","title":{"rendered":"W Lublinie uczczono 35. rocznic\u0119 niepodleg\u0142o\u015bci Ukrainy. \u201eUkraina i Polska stoj\u0105 rami\u0119 w rami\u0119\u201d"},"content":{"rendered":"<p>Dzi\u015b przed budynkiem Konsulatu Generalnego Ukrainy w Lublinie odby\u0142a si\u0119 uroczysto\u015b\u0107 z okazji 35. rocznicy niepodleg\u0142o\u015bci Ukrainy. Wydarzenie zgromadzi\u0142o przedstawicieli w\u0142adz, instytucji, organizacji spo\u0142ecznych, \u015brodowisk ukrai\u0144skich oraz polskich przyjaci\u00f3\u0142 i partner\u00f3w Ukrainy.<\/p>\n<p>Uroczysto\u015b\u0107 rozpocz\u0119\u0142a si\u0119 od podniesienia flag Ukrainy i Rzeczypospolitej Polskiej oraz wsp\u00f3lnego od\u015bpiewania hymn\u00f3w narodowych. Szczeg\u00f3ln\u0105 opraw\u0119 muzyczn\u0105 zapewni\u0142y dzieci z ukrai\u0144skiego zespo\u0142u dzieci\u0119cego \u201eVeselyky\u201d. Jednym z najbardziej symbolicznych moment\u00f3w by\u0142o rozwini\u0119cie 20-metrowej flagi ukrai\u0144sko-polskiej. Po\u0142\u0105czone barwy obu pa\u0144stw sta\u0142y si\u0119 wyrazistym symbolem przyja\u017ani, solidarno\u015bci i jedno\u015bci narod\u00f3w, kt\u00f3re od lat \u0142\u0105cz\u0105 bliskie relacje oraz wsp\u00f3lne warto\u015bci.<\/p>\n<p>\u201eUkraina i Polska stoj\u0105 rami\u0119 w rami\u0119\u201d<\/p>\n<p>Podczas uroczysto\u015bci Konsul Generalny Ukrainy w Lublinie Roman Shepeliak podkre\u015bli\u0142 znaczenie polsko-ukrai\u0144skiej wsp\u00f3\u0142pracy i wzajemnego wsparcia.<\/p>\n<p>\u2013 Ukraina i Polska stoj\u0105 rami\u0119 w rami\u0119 \u2014 jako partnerzy, jako przyjaciele, jako s\u0105siedzi, zjednoczeni wsp\u00f3lnymi warto\u015bciami. Nasza wsp\u00f3\u0142praca jest przyk\u0142adem wzajemnego wsparcia i zaufania, kt\u00f3re pomagaj\u0105 pokonywa\u0107 wyzwania i umacnia\u0107 wolno\u015b\u0107 \u2013 m\u00f3wi\u0142 Roman Shepeliak.<\/p>\n<p>Konsul zaznaczy\u0142 r\u00f3wnie\u017c, \u017ce oba narody wsp\u00f3lnie zmierzaj\u0105 ku przysz\u0142o\u015bci opartej na bezpiecze\u0144stwie, rozwoju i wzajemnym szacunku. Jak podkre\u015bli\u0142, jedno\u015b\u0107 i solidarno\u015b\u0107 pozostaj\u0105 szczeg\u00f3lnie wa\u017cne w obliczu trwaj\u0105cych wyzwa\u0144.<\/p>\n<p>\u2013 Rocznica niepodleg\u0142o\u015bci Ukrainy jest dla Ukrai\u0144c\u00f3w na ca\u0142ym \u015bwiecie dniem o szczeg\u00f3lnym znaczeniu. To okazja do przypomnienia drogi, jak\u0105 Ukraina przesz\u0142a od odzyskania niepodleg\u0142o\u015bci, a tak\u017ce do podkre\u015blenia niez\u0142omno\u015bci, si\u0142y i przywi\u0105zania do Ojczyzny \u2013 doda\u0142 konsul.<\/p>\n<p>Lublin po raz kolejny wyrazi\u0142 solidarno\u015b\u0107 z Ukrain\u0105<\/p>\n<p>W uroczysto\u015bci uczestniczyli m.in. Konsul Generalny Ukrainy w Lublinie Roman Shepeliak, Grzegorz Sosi\u0144ski \u2014 pe\u0142nomocnik wojewody lubelskiego ds. weteran\u00f3w i os\u00f3b represjonowanych, Maria Mazur \u2014 pe\u0142nomocniczka wojewody lubelskiego ds. proces\u00f3w migracyjnych i integracji, Izabela Szcz\u0119sna-Kowalczyk \u2014 zast\u0119pczyni dyrektora Kancelarii Marsza\u0142ka Wojew\u00f3dztwa Lubelskiego oraz Mariusz Banach \u2014 zast\u0119pca Prezydenta Miasta Lublin ds. edukacji i wychowania.<\/p>\n<p>Obecni byli r\u00f3wnie\u017c pu\u0142kownik Marcin Maj, dow\u00f3dca Litewsko-Polsko-Ukrai\u0144skiej Brygady im. Wielkiego Hetmana Konstantyna Ostrogskiego, wraz z przedstawicielami brygady, a tak\u017ce Stanis\u0142aw Adamiak \u2014 Konsul Honorowy Ukrainy w Che\u0142mie i Bogdan \u0141ukaszik \u2014 Konsul Honorowy Republiki Czeskiej w Lublinie.<\/p>\n<p>Symbol wsp\u00f3lnej przysz\u0142o\u015bci<\/p>\n<p>Dzisiejsza uroczysto\u015b\u0107 mia\u0142a nie tylko charakter oficjalny. By\u0142a r\u00f3wnie\u017c wyrazem solidarno\u015bci z Ukrain\u0105 i przypomnieniem o szczeg\u00f3lnej wi\u0119zi, jaka po\u0142\u0105czy\u0142a Polak\u00f3w i Ukrai\u0144c\u00f3w.<\/p>\n<p>Rozwini\u0119ta przed konsulatem 20-metrowa flaga ukrai\u0144sko-polska sta\u0142a si\u0119 symbolicznym przes\u0142aniem wydarzenia: mimo trudnych do\u015bwiadcze\u0144 i wyzwa\u0144 oba narody pozostaj\u0105 blisko siebie.<\/p>\n<p>\u201eNasza si\u0142a tkwi w jedno\u015bci. Nasza wolno\u015b\u0107 \u2014 we wsp\u00f3lnej walce. Nasza przysz\u0142o\u015b\u0107 \u2014 w przyja\u017ani i wzajemnym wsparciu Ukrainy i Polski\u201d \u2014 takie przes\u0142anie towarzyszy\u0142o obchodom w Lublinie.<\/p>\n<p>Dla zgromadzonych by\u0142a to okazja nie tylko do uczczenia kolejnej rocznicy niepodleg\u0142o\u015bci Ukrainy, lecz tak\u017ce do wyra\u017cenia wdzi\u0119czno\u015bci wszystkim, kt\u00f3rzy wspieraj\u0105 Ukrain\u0119 i jej mieszka\u0144c\u00f3w. Lublin po raz kolejny sta\u0142 si\u0119 miejscem, w kt\u00f3rym polska i ukrai\u0144ska wsp\u00f3lnota mog\u0142y wsp\u00f3lnie zamanifestowa\u0107 przyja\u017a\u0144, solidarno\u015b\u0107 i nadziej\u0119 na bezpieczn\u0105 przysz\u0142o\u015b\u0107.<\/p>\n<p>    Galeria zdj\u0119\u0107<\/p>\n<p>                                    <img decoding=\"async\" class=\"gallery-item\" src=\"https:\/\/www.europesays.com\/pl\/wp-content\/uploads\/2026\/08\/medium-IN8A5906.jpg\" loading=\"lazy\" width=\"1800\" height=\"1200\"\/><\/p>\n<p>            Zdj\u0119cie 1 z 62<\/p>\n<p>                                    <img decoding=\"async\" class=\"gallery-item\" src=\"https:\/\/www.europesays.com\/pl\/wp-content\/uploads\/2026\/08\/medium-IN8A5952.jpg\" loading=\"lazy\" width=\"1800\" height=\"1200\"\/><\/p>\n<p>            Zdj\u0119cie 2 z 62<\/p>\n<p>                                    <img decoding=\"async\" class=\"gallery-item\" src=\"https:\/\/www.europesays.com\/pl\/wp-content\/uploads\/2026\/08\/medium-IN8A5908.jpg\" loading=\"lazy\" width=\"1800\" height=\"1200\"\/><\/p>\n<p>            Zdj\u0119cie 3 z 62<\/p>\n<p>                                    <img decoding=\"async\" class=\"gallery-item\" src=\"https:\/\/www.europesays.com\/pl\/wp-content\/uploads\/2026\/08\/medium-IN8A5901.jpg\" loading=\"lazy\" width=\"1800\" height=\"1200\"\/><\/p>\n<p>            Zdj\u0119cie 4 z 62<\/p>\n<p>                                    <img decoding=\"async\" class=\"gallery-item\" src=\"https:\/\/www.europesays.com\/pl\/wp-content\/uploads\/2026\/08\/medium-IN8A5928.jpg\" loading=\"lazy\" width=\"1800\" height=\"1200\"\/><\/p>\n<p>            Zdj\u0119cie 5 z 62<\/p>\n<p>\n                                    <a href=\"https:\/\/www.google.com\/preferences\/source?q=lublin112.pl\" target=\"_blank\" rel=\"noopener noreferrer nofollow\" onclick=\"if (!window.__cfRLUnblockHandlers) return false; gtag(&#039;event&#039;, &#039;google_preferred_source_click&#039;, {&#010;                                           &#039;link_url&#039;: this.href,&#010;                                           &#039;link_text&#039;: &#039;Ustaw lublin112.pl jako preferowane \u017ar\u00f3d\u0142o&#039;&#010;                                       });\" style=\"text-align:center;display:block;\" data-cf-modified-372369aa7975dcc291cde8d6-=\"\"><br \/>\n                                        <img decoding=\"async\" src=\"https:\/\/www.europesays.com\/pl\/wp-content\/uploads\/2026\/08\/1787595738_361_lublin112-google-source.webp\" alt=\"Ustaw lublin112.pl jako preferowane \u017ar\u00f3d\u0142o w Google\" style=\"max-width: 70%;\"\/><br \/>\n                                    <\/a><br \/>\n                                    <\/p>\n","protected":false},"excerpt":{"rendered":"Dzi\u015b przed budynkiem Konsulatu Generalnego Ukrainy w Lublinie odby\u0142a si\u0119 uroczysto\u015b\u0107 z okazji 35. rocznicy niepodleg\u0142o\u015bci Ukrainy. Wydarzenie&hellip;\n","protected":false},"author":2,"featured_media":643689,"comment_status":"","ping_status":"","sticky":false,"template":"","format":"standard","meta":{"footnotes":"","_share_on_mastodon":"0"},"categories":[51612],"tags":[126204,17799,1081,126205,42,38,40,39,41,7870,415,95022,126206],"class_list":["post-643688","post","type-post","status-publish","format-standard","has-post-thumbnail","category-lublin","tag-35-rocznica","tag-flaga-ukrainy","tag-lublin","tag-niepodleglosc-ukrainy","tag-pl","tag-poland","tag-polish","tag-polska","tag-polski","tag-solidarnosc","tag-ukraina","tag-ukraina-polska","tag-wspolna-przyszlosc"],"share_on_mastodon":{"url":"https:\/\/pubeurope.com\/@pl\/117151882630456251","error":""},"_links":{"self":[{"href":"https:\/\/www.europesays.com\/pl\/wp-json\/wp\/v2\/posts\/643688","targetHints":{"allow":["GET"]}}],"collection":[{"href":"https:\/\/www.europesays.com\/pl\/wp-json\/wp\/v2\/posts"}],"about":[{"href":"https:\/\/www.europesays.com\/pl\/wp-json\/wp\/v2\/types\/post"}],"author":[{"embeddable":true,"href":"https:\/\/www.europesays.com\/pl\/wp-json\/wp\/v2\/users\/2"}],"replies":[{"embeddable":true,"href":"https:\/\/www.europesays.com\/pl\/wp-json\/wp\/v2\/comments?post=643688"}],"version-history":[{"count":0,"href":"https:\/\/www.europesays.com\/pl\/wp-json\/wp\/v2\/posts\/643688\/revisions"}],"wp:featuredmedia":[{"embeddable":true,"href":"https:\/\/www.europesays.com\/pl\/wp-json\/wp\/v2\/media\/643689"}],"wp:attachment":[{"href":"https:\/\/www.europesays.com\/pl\/wp-json\/wp\/v2\/media?parent=643688"}],"wp:term":[{"taxonomy":"category","embeddable":true,"href":"https:\/\/www.europesays.com\/pl\/wp-json\/wp\/v2\/categories?post=643688"},{"taxonomy":"post_tag","embeddable":true,"href":"https:\/\/www.europesays.com\/pl\/wp-json\/wp\/v2\/tags?post=643688"}],"curies":[{"name":"wp","href":"https:\/\/api.w.org\/{rel}","templated":true}]}}