{"id":643818,"date":"2026-08-24T19:35:07","date_gmt":"2026-08-24T19:35:07","guid":{"rendered":"https:\/\/www.europesays.com\/pl\/643818\/"},"modified":"2026-08-24T19:35:07","modified_gmt":"2026-08-24T19:35:07","slug":"tusk-zwrocil-sie-do-ukraincow-w-dzien-niepodleglosci-ukrainy","status":"publish","type":"post","link":"https:\/\/www.europesays.com\/pl\/643818\/","title":{"rendered":"Tusk zwr\u00f3ci\u0142 si\u0119 do Ukrai\u0144c\u00f3w w Dzie\u0144 Niepodleg\u0142o\u015bci Ukrainy"},"content":{"rendered":"\n<p>&#13;<br \/>\nPremier Donald Tusk zwr\u00f3ci\u0142 si\u0119 do\u00a0Ukrai\u0144c\u00f3w w\u00a0Dniu Niepodleg\u0142o\u015bci Ukrainy. &#13;\n<\/p>\n<p>Tusk zwr\u00f3ci\u0142 si\u0119 do\u00a0Ukrai\u0144c\u00f3w<\/p>\n<p>&#13;<br \/>\n&#8222;My, Polacy, wiemy, co\u00a0znaczy p\u0142aci\u0107 najwy\u017csz\u0105 cen\u0119 za\u00a0niepodleg\u0142o\u015b\u0107. Wiemy, co\u00a0znacz\u0105 s\u0142owa \u00bbZa wolno\u015b\u0107 wasz\u0105 i\u00a0nasz\u0105\u00ab. I\u00a0dlatego Nar\u00f3d Polski jest dzi\u015b, w\u00a0Dniu Niepodleg\u0142o\u015bci Ukrainy, ca\u0142ym sercem z\u00a0walcz\u0105cym Narodem Ukrai\u0144skim&#8221; \u2013\u00a0napisa\u0142 na\u00a0platformie X. &#13;\n<\/p>\n<p>&#13;<br \/>\nSzef rz\u0105du opublikowa\u0142 wpis w\u00a0j\u0119zyku polskim, ukrai\u0144skim i\u00a0angielskim. &#13;\n<\/p>\n<p>Dzie\u0144 Niepodleg\u0142o\u015bci Ukrainy. Ze\u0142enski wyg\u0142osi\u0142 or\u0119dzie<\/p>\n<p>&#13;<br \/>\n24 sierpnia <a href=\"https:\/\/dorzeczy.pl\/opinie\/932935\/35-rocznica-niepodleglosci-ukrainy-zelenski-chcieliscie-odebrac-nam-cala-ukraine.html\" rel=\"nofollow noopener\" target=\"_blank\">Ukraina obchodzi Dzie\u0144 Niepodleg\u0142o\u015bci.<\/a> Mija 35. rocznica og\u0142oszenia niepodleg\u0142o\u015bci kraju. Ukraina, by\u0142a republika ZSRR, sta\u0142a si\u0119 niezawis\u0142ym pa\u0144stwem 24 sierpnia 1991 roku, kiedy to\u00a0Rada Najwy\u017csza Ukrainy uchwali\u0142a Akt Niepodleg\u0142o\u015bci. &#13;\n<\/p>\n<p>&#13;<br \/>\nWo\u0142odymyr Ze\u0142enski w\u00a0wyg\u0142oszonym or\u0119dziu, powiedzia\u0142, \u017ce\u00a0&#8222;dzi\u015b naprawd\u0119 jest nam wszystkim bardzo, bardzo trudno, ale\u00a0mocno trzyma nas za\u00a0r\u0119k\u0119 pewna si\u0142a \u2013\u00a0wcale nie\u00a0niewidzialna&#8221;. &#13;\n<\/p>\n<p>&#13;<br \/>\n\u2013 Jest to\u00a0si\u0142a wsp\u00f3lnego kr\u0119gu: wzajemnego wsparcia, braku w\u0105tpliwo\u015bci co\u00a0do\u00a0tego, kto stoi obok oraz\u00a0wiary we\u00a0wszystkich Ukrai\u0144c\u00f3w. I\u00a0dop\u00f3ki wr\u00f3g nie\u00a0przerwie tego naszego kr\u0119gu, dop\u00f3ty Ukraina nie\u00a0upadnie. Wywalczy sw\u00f3j pok\u00f3j. I\u00a0da rad\u0119 \u2013\u00a0doda\u0142. &#13;\n<\/p>\n<p>&#13;<br \/>\nPrezydent Ukrainy oceni\u0142, \u017ce\u00a0przyw\u00f3dca Rosji W\u0142adimir Putin liczy, i\u017c\u00a0Ukrai\u0144cy s\u0105 wyczerpani wojn\u0105. &#13;\n<\/p>\n<p>&#13;<br \/>\n\u2013 Putin liczy, \u017ce\u00a0jeste\u015bmy zm\u0119czeni. My\u00a0wiemy, \u017ce\u00a0on jest \u015bmiertelny. Nigdy nas nie\u00a0rozumia\u0142. Teraz ju\u017c nie\u00a0zd\u0105\u017cy. Chcieli\u015bcie odebra\u0107 nam ca\u0142\u0105 Ukrain\u0119, ca\u0142\u0105 nasz\u0105 ziemi\u0119, a\u00a0zamiast tego stracili\u015bcie swoje rafinerie, flot\u0119, dochody i\u00a0ca\u0142e pokolenie, kt\u00f3re pos\u0142ali\u015bcie do\u00a0maszynki do\u00a0mi\u0119sa. Chcieli\u015bcie, \u017ceby nie\u00a0by\u0142o nas na\u00a0mapie, a\u00a0teraz to\u00a0was nie\u00a0ma\u00a0w\u00a0mi\u0119dzynarodowym programie przysz\u0142ej cywilizacji. Od\u00a0dwudziestu siedmiu lat przyw\u00f3dca Rosji m\u00f3wi o\u00a0wielko\u015bci, a\u00a0Rosja stoi w\u00a0kolejkach po\u00a0benzyn\u0119 \u2013\u00a0m\u00f3wi\u0142. &#13;\n<\/p>\n<p>&#13;<br \/>\nZaapelowa\u0142 do\u00a0\u015bwiata o\u00a0jedno\u015b\u0107 wobec rosyjskiego zagro\u017cenia i\u00a0wyrazi\u0142 przekonanie, \u017ce\u00a0Rosj\u0119 nale\u017cy &#8222;docisn\u0105\u0107 do\u00a0ko\u0144ca&#8221;. &#13;\n<\/p>\n<p>&#13;<br \/>\n   Czytaj te\u017c:<br \/><a href=\"https:\/\/dorzeczy.pl\/opinie\/932998\/komisja-europejska-zatwierdzila-61-mld-euro-dla-ukrainy.html\" rel=\"follow nofollow noopener\" data-schema=\"DORZECZY\" data-image=\"https:\/\/img.dorzeczy.pl\/_thumb\/8f\/fc\/bf81a940489f9c2d8a1e6a16a562.jpeg\" target=\"_blank\">Ukraina \u015bwi\u0119tuje Dzie\u0144 Niepodleg\u0142o\u015bci. Ogromna kwota pieni\u0119dzy dotar\u0142a do\u00a0Kijowa z\u00a0UE<\/a>   Czytaj te\u017c:<br \/><a href=\"https:\/\/dorzeczy.pl\/opinie\/932935\/35-rocznica-niepodleglosci-ukrainy-zelenski-chcieliscie-odebrac-nam-cala-ukraine.html\" rel=\"follow nofollow noopener\" data-schema=\"DORZECZY\" data-image=\"https:\/\/img.dorzeczy.pl\/_thumb\/84\/41\/bbcd76d0af1a31797cedd72d2e51.jpeg\" target=\"_blank\">35. rocznica niepodleg\u0142o\u015bci Ukrainy. &#8222;Chcieli\u015bcie odebra\u0107 nam ca\u0142\u0105 Ukrain\u0119&#8221;<\/a> &#13;<\/p>\n","protected":false},"excerpt":{"rendered":"&#13; Premier Donald Tusk zwr\u00f3ci\u0142 si\u0119 do\u00a0Ukrai\u0144c\u00f3w w\u00a0Dniu Niepodleg\u0142o\u015bci Ukrainy. &#13; Tusk zwr\u00f3ci\u0142 si\u0119 do\u00a0Ukrai\u0144c\u00f3w &#13; &#8222;My, Polacy,&hellip;\n","protected":false},"author":2,"featured_media":643819,"comment_status":"","ping_status":"","sticky":false,"template":"","format":"standard","meta":{"footnotes":"","_share_on_mastodon":"0"},"categories":[62713],"tags":[1345,98,125017,49,102,101,415,6677],"class_list":["post-643818","post","type-post","status-publish","format-standard","has-post-thumbnail","category-donald-tusk","tag-donald-tusk","tag-dorzeczy","tag-dzien-niepodleglosci-ukrainy","tag-kraj","tag-opinie","tag-premier","tag-ukraina","tag-wolodymyr-zelenski"],"share_on_mastodon":{"url":"","error":""},"_links":{"self":[{"href":"https:\/\/www.europesays.com\/pl\/wp-json\/wp\/v2\/posts\/643818","targetHints":{"allow":["GET"]}}],"collection":[{"href":"https:\/\/www.europesays.com\/pl\/wp-json\/wp\/v2\/posts"}],"about":[{"href":"https:\/\/www.europesays.com\/pl\/wp-json\/wp\/v2\/types\/post"}],"author":[{"embeddable":true,"href":"https:\/\/www.europesays.com\/pl\/wp-json\/wp\/v2\/users\/2"}],"replies":[{"embeddable":true,"href":"https:\/\/www.europesays.com\/pl\/wp-json\/wp\/v2\/comments?post=643818"}],"version-history":[{"count":0,"href":"https:\/\/www.europesays.com\/pl\/wp-json\/wp\/v2\/posts\/643818\/revisions"}],"wp:featuredmedia":[{"embeddable":true,"href":"https:\/\/www.europesays.com\/pl\/wp-json\/wp\/v2\/media\/643819"}],"wp:attachment":[{"href":"https:\/\/www.europesays.com\/pl\/wp-json\/wp\/v2\/media?parent=643818"}],"wp:term":[{"taxonomy":"category","embeddable":true,"href":"https:\/\/www.europesays.com\/pl\/wp-json\/wp\/v2\/categories?post=643818"},{"taxonomy":"post_tag","embeddable":true,"href":"https:\/\/www.europesays.com\/pl\/wp-json\/wp\/v2\/tags?post=643818"}],"curies":[{"name":"wp","href":"https:\/\/api.w.org\/{rel}","templated":true}]}}