{"id":643858,"date":"2026-08-24T20:00:08","date_gmt":"2026-08-24T20:00:08","guid":{"rendered":"https:\/\/www.europesays.com\/pl\/643858\/"},"modified":"2026-08-24T20:00:08","modified_gmt":"2026-08-24T20:00:08","slug":"historyczne-zakupy-rosji-pierwszy-raz-kupila-paliwo-od-kraju-ktoremu-je-sprzedawala-wiadomosci-onet","status":"publish","type":"post","link":"https:\/\/www.europesays.com\/pl\/643858\/","title":{"rendered":"&quot;Historyczne&quot; zakupy Rosji. Pierwszy raz kupi\u0142a paliwo od kraju, kt\u00f3remu je sprzedawa\u0142a &#8211; Wiadomo\u015bci Onet"},"content":{"rendered":"<ol>\n<li><a href=\"https:\/\/news.google.com\/rss\/articles\/CBMipwFBVV95cUxPdHVGZy1IMzduT0pZTFYwa2EyZ2FOOG5kUHBkZTJzM1BBaUx4UGstXzhxRXhVdTBQMXBxUng3d3RLX2lfeXdhRDFJankzR3huZENONXR0MzVhUklQTEp1dGhQMHVZZjV6VmhXX2ctaTlMb05vblNfWklsMVFnVFd4XzJqalJ2OEZhVDJVWmo0bDNqVFJ1RW4tbFhmWTRmS0J4NEViUU1Baw?oc=5\" target=\"_blank\" rel=\"nofollow noopener\">&#8222;Historyczne&#8221; zakupy Rosji. Pierwszy raz kupi\u0142a paliwo od kraju, kt\u00f3remu je sprzedawa\u0142a<\/a>&nbsp;&nbsp;Wiadomo\u015bci Onet<\/li>\n<li><a href=\"https:\/\/news.google.com\/rss\/articles\/CBMivgFBVV95cUxPNnNzTWUzMXA0d2s1ZGNLTkpHQkp2MGstbnBBZ3RaX1ZPdGttQmhKZlljVkZDeHZNa2NydFNteEtiTkxmck94RGtMNVJ6VE1tZUlXR1NsZ0xVd3BJUzZvRlpVSV95am9nSGQ0Wk5FVGdCMDZJN01SQnhRRmQ0T0pjcmluR0tWbkFMOU84QnVKWWpQdHpYZFo3ZDd4QmJIRlhTOFNqeG5nNkYyd2ZLSV9MYW1pOFhMdEVhaFFhX1N3?oc=5\" target=\"_blank\" rel=\"nofollow noopener\">Rosja boi si\u0119 jesiennego kryzysu paliwowego. Ceny ju\u017c przebi\u0142y poziomy z UE<\/a>&nbsp;&nbsp;Rzeczpospolita<\/li>\n<li><a href=\"https:\/\/news.google.com\/rss\/articles\/CBMinAFBVV95cUxPYllEU2NPWEpzYXVkNmVzeTZRSnF3TEM0T05JaGtJQTVrM3NUa0FPNHJtRi1iYnFJOGRVWDVBQ0RFUGxfendLVk5PcElUMms4WHdFVFBhY2JXR3R6ZkRCNE9WUlFwUmZBN1B4RFd2WEV0UkdEbURINTlBbk4tbEh0MjcyYXNpX0wyOXluakpVLWZfenFhRWhxajdRZmg?oc=5\" target=\"_blank\" rel=\"nofollow noopener\">Panika w Moskwie. Druga fala kryzysu paliwowego<\/a>&nbsp;&nbsp;Business Insider Polska<\/li>\n<li><a href=\"https:\/\/news.google.com\/rss\/articles\/CBMingFBVV95cUxQOXBBelB0ejV6OW9EcHFYcTR3M0QyOEFtdWJlYVo2aC1vNUdpYWgwSXdPaFdLLU1vaExUUDdnUkRmUGktVk9YQzlpTzRLdEoyZTVrM2x4MzF1aDRQZnl6Qk5aYzRoM00wNVhRZ3Q0TkFPZXpxbXdsdU44X1VWMm9SUkxqWGVQeUJqMmdWOG00VFZjYWhIOEtGdWJjRzFMdw?oc=5\" target=\"_blank\" rel=\"nofollow noopener\">Rosja szuka rozwi\u0105zania problemu niedoboru paliw<\/a>&nbsp;&nbsp;e-petrol.pl<\/li>\n<li><a href=\"https:\/\/news.google.com\/rss\/articles\/CBMingFBVV95cUxNNzlHeWtpa0JSWVl6YUNXV1dtdk9vOXBKclpfY3BuVlR1MWZUQnJlekt6MUpwWkpCMF91OHpCSV9qR1ZlNG5QZDJnTHkzaFhfUld0WWFGdlFrUmY0d3YtYWlkbXhuNzRJVi1UOVRzT05DX1pXZjRPMnRES0RZdW1CeFlqbEhiaGcyVU14eXJIN1ZQY1ZjUVd2REhPdnltQQ?oc=5\" target=\"_blank\" rel=\"nofollow noopener\">Rosjanie szykuj\u0105 si\u0119 na najgorsze? Ten trend m\u00f3wi wiele<\/a>&nbsp;&nbsp;WP Wiadomo\u015bci<\/li>\n<\/ol>\n","protected":false},"excerpt":{"rendered":"&#8222;Historyczne&#8221; zakupy Rosji. Pierwszy raz kupi\u0142a paliwo od kraju, kt\u00f3remu je sprzedawa\u0142a&nbsp;&nbsp;Wiadomo\u015bci Onet Rosja boi si\u0119 jesiennego kryzysu&hellip;\n","protected":false},"author":2,"featured_media":643859,"comment_status":"","ping_status":"","sticky":false,"template":"","format":"standard","meta":{"footnotes":"","_share_on_mastodon":"0"},"categories":[14],"tags":[497,61195,32,33,27,34,35,28,31,48,25,46,5021,40,41,1745,87,47,80,29,30,192,26,82,83,84],"class_list":["post-643858","post","type-post","status-publish","format-standard","has-post-thumbnail","category-swiat","tag-benzyna","tag-bottomfeed_styl","tag-breaking-news","tag-breakingnews","tag-headlines","tag-latest-news","tag-latestnews","tag-naglowki","tag-najwazniejsze-artykuly","tag-nat_styl","tag-news","tag-omp","tag-paliwo","tag-polish","tag-polski","tag-ropa_naftowa","tag-rosja","tag-screening_general","tag-swiat","tag-top-stories","tag-topstories","tag-turcja","tag-wiadomosci","tag-world","tag-world-news","tag-worldnews"],"share_on_mastodon":{"url":"","error":""},"_links":{"self":[{"href":"https:\/\/www.europesays.com\/pl\/wp-json\/wp\/v2\/posts\/643858","targetHints":{"allow":["GET"]}}],"collection":[{"href":"https:\/\/www.europesays.com\/pl\/wp-json\/wp\/v2\/posts"}],"about":[{"href":"https:\/\/www.europesays.com\/pl\/wp-json\/wp\/v2\/types\/post"}],"author":[{"embeddable":true,"href":"https:\/\/www.europesays.com\/pl\/wp-json\/wp\/v2\/users\/2"}],"replies":[{"embeddable":true,"href":"https:\/\/www.europesays.com\/pl\/wp-json\/wp\/v2\/comments?post=643858"}],"version-history":[{"count":0,"href":"https:\/\/www.europesays.com\/pl\/wp-json\/wp\/v2\/posts\/643858\/revisions"}],"wp:featuredmedia":[{"embeddable":true,"href":"https:\/\/www.europesays.com\/pl\/wp-json\/wp\/v2\/media\/643859"}],"wp:attachment":[{"href":"https:\/\/www.europesays.com\/pl\/wp-json\/wp\/v2\/media?parent=643858"}],"wp:term":[{"taxonomy":"category","embeddable":true,"href":"https:\/\/www.europesays.com\/pl\/wp-json\/wp\/v2\/categories?post=643858"},{"taxonomy":"post_tag","embeddable":true,"href":"https:\/\/www.europesays.com\/pl\/wp-json\/wp\/v2\/tags?post=643858"}],"curies":[{"name":"wp","href":"https:\/\/api.w.org\/{rel}","templated":true}]}}