{"id":643978,"date":"2026-08-24T21:19:24","date_gmt":"2026-08-24T21:19:24","guid":{"rendered":"https:\/\/www.europesays.com\/pl\/643978\/"},"modified":"2026-08-24T21:19:24","modified_gmt":"2026-08-24T21:19:24","slug":"sikorski-polska-przygotowuje-sie-do-dostarczenia-ukraine-dodatkowych-ilosci-gazu","status":"publish","type":"post","link":"https:\/\/www.europesays.com\/pl\/643978\/","title":{"rendered":"Sikorski: Polska przygotowuje si\u0119 do dostarczenia Ukraine dodatkowych ilo\u015bci gazu"},"content":{"rendered":"<p>&#13;<br \/>\n&#13;<br \/>\n    &#13;<br \/>\n    Sikorski: Polska przygotowuje si\u0119 do dostarczenia Ukraine dodatkowych ilo\u015bci gazu &#8211; wiadomosci.com&#13;<br \/>\n    &#13;<br \/>\n    &#13;<\/p>\n<p>    &#13;<\/p>\n<p>    &#13;<br \/>\n&#13;<br \/>\n    &#13;<\/p>\n<p>&#13;<br \/>\n&#13;<br \/>\n&#13;<br \/>\n&#13;<br \/>\n&#13;<\/p>\n<p>\t&#13;<br \/>\n&#13;<br \/>\n&#13;<br \/>\n&#13;<br \/>\n    &#13;<br \/>\n    &#13;<br \/>\n&#13;<br \/>\n&#13;<\/p>\n<p>                &#13;<\/p>\n<p>&#13;<br \/>\n                                    <img decoding=\"async\" fetchpriority=\"high\" width=\"650\" height=\"434\" class=\"entry-thumb\" src=\"https:\/\/www.europesays.com\/pl\/wp-content\/uploads\/2026\/08\/net-26703429.jpg\"   alt=\"\" title=\"Rados\u00b3aw Sikorski, W\u00b3adys\u00b3aw Kosiniak-Kamysz\"\/>&#13;<br \/>\n                                    Warszawa, 03.07.2026. Wicepremier, szef MSZ Rados\u00b3aw Sikorski (L) i wicepremier, szef MON W\u00b3adys\u00b3aw Kosiniak-Kamysz (P) podczas konferencji prasowej w Kancelarii Prezesa Rady Ministr\u00f3w w Warszawie, 3 bm. Spotkanie po\u009cwi\u00eacone by\u00b3o zaplanowanemu na przysz\u00b3y tydzie\u00f1 szczytowi NATO w Ankarze. Obaj wicepremierzy udadz\u00b9 si\u00ea na niego wraz z prezydentem Karolem Nawrockim. (mr) PAP\/Pawe\u00b3 Supernak<\/p>\n<p><a href=\"https:\/\/wiadomosci.com\/author\/pj\/\" class=\"tdb-author-photo\" title=\"PJ\" rel=\"nofollow noopener\" target=\"_blank\"><img alt=\"PJ\" src=\"https:\/\/www.europesays.com\/pl\/wp-content\/uploads\/2026\/08\/e20804007b292fb944e047cb5928f92054f4134c75188487f63b3e1758d7b085.jpeg\"  class=\"avatar avatar-120 photo\" height=\"120\" width=\"120\" loading=\"lazy\" decoding=\"async\"\/><\/a><\/p>\n<p>W poniedzia\u0142ek Ukraina obchodzi Dzie\u0144 Niepodleg\u0142o\u015bci, zwi\u0105zany z 35. rocznic\u0105 og\u0142oszenia niepodleg\u0142o\u015bci kraju. Sikorski by\u0142 pytany tego dnia w rozmowie z TVN24 o perspektywy zako\u0144czenia wojny w Ukrainie. \u2013 To nie le\u017cy w mocy ofiary, \u017ceby zako\u0144czy\u0107 t\u0119 wojn\u0119. J\u0105 mo\u017ce zako\u0144czy\u0107 tylko agresor, po prostu przesta\u0107 walczy\u0107, przesta\u0107 prowadzi\u0107 ataki, szturmy \u2013 powiedzia\u0142 szef MSZ.<\/p>\n<p>Jego zdaniem prezydent Rosji W\u0142adimir Putin \u201ema dwie karty\u201d dzia\u0142aj\u0105ce na jego korzy\u015b\u0107. \u2013 Jedna, kt\u00f3ra jest dla niego bardzo ryzykowna, mianowicie (\u2026) przeprowadzenie jakiej\u015b mobilizacji. (\u2026) I druga karta, na kt\u00f3r\u0105 Putin liczy, bo liczyli na ni\u0105 przyw\u00f3dcy Rosji od wiek\u00f3w, to jest ci\u0119\u017cka zima, w kt\u00f3rej on my\u015bli, \u017ce je\u015bli zniszczy system energetyczny, ciep\u0142owniczy Ukrainy, to to w ko\u0144cu Ukrain\u0119 z\u0142amie \u2013 oceni\u0142 Sikorski.<\/p>\n<p>\u2013 Dlatego tak wa\u017cne jest ju\u017c teraz dostarczanie Ukrainie generator\u00f3w, ciep\u0142ej odzie\u017cy. Polska przygotowuje si\u0119 do dostarczenia dodatkowych ilo\u015bci gazu. Kiedy\u015b to Ukraina eksportowa\u0142a do nas gaz, teraz my musimy j\u0105 wesprze\u0107. Je\u015bli (W\u0142adimir Putin) nie z\u0142amie Ukrai\u0144c\u00f3w w t\u0105 zim\u0119, to my\u015bl\u0119, \u017ce powstan\u0105 warunki do zawieszenia broni \u2013 podkre\u015bli\u0142 szef polskiego MSZ.<\/p>\n<p>W 2025 r. przez Polsk\u0119 dostarczono Ukrainie 2,1 mld m sze\u015bc. gazu, co stanowi\u0142o ponad 30 proc. ca\u0142ego importu tego surowca. W\u015br\u00f3d dostaw znalaz\u0142o si\u0119 ok. 600 mln m sze\u015bc. ameryka\u0144skiego LNG. Polska i Ukraina uzgodni\u0142y, \u017ce od pocz\u0105tku lutego 2026 r. zwi\u0119kszana b\u0119dzie przepustowo\u015b\u0107 przesy\u0142u tego surowca; do ko\u0144ca kwietnia mia\u0142a ona wzrosn\u0105\u0107 z 15,3 mln do 18,4 mln m sze\u015bc. na dob\u0119.<\/p>\n<p>24 sierpnia Ukraina obchodzi Dzie\u0144 Niepodleg\u0142o\u015bci, zwi\u0105zany z 35. rocznic\u0105 og\u0142oszenia niepodleg\u0142o\u015bci kraju. Ta by\u0142a republika ZSRR sta\u0142a si\u0119 niezawis\u0142ym pa\u0144stwem 24 sierpnia 1991 roku, kiedy to Rada Najwy\u017csza (parlament) w Kijowie uchwali\u0142a Akt Niepodleg\u0142o\u015bci. Wojna rosyjsko-ukrai\u0144ska rozpocz\u0119\u0142a si\u0119 w 2014 roku od aneksji Krymu i walk w Donbasie. 24 lutego 2022 r. Rosja zaatakowa\u0142a na pe\u0142n\u0105 skal\u0119 z trzech kierunk\u00f3w: wschodniego, po\u0142udniowego oraz p\u00f3\u0142nocnego \u2013 z terytorium Bia\u0142orusi. (PAP)<\/p>\n<p>\u00a0<\/p>\n<p>sza\/ ugw\/<\/p>\n<p><a data-no-instant=\"1\" href=\"https:\/\/aquaverdewater.com\/\" rel=\"noopener nofollow\" class=\"a2t-link\" target=\"_blank\" aria-label=\"aqua-verde-1\"><img loading=\"lazy\" decoding=\"async\" src=\"https:\/\/www.europesays.com\/pl\/wp-content\/uploads\/2026\/08\/aqua-verde-1.jpg\" alt=\"\"   width=\"1402\" height=\"1122\"\/><\/a><\/p>\n<p><a data-no-instant=\"1\" href=\"https:\/\/kongrespoloniimedycznej.org\/\" rel=\"noopener nofollow\" class=\"a2t-link\" target=\"_blank\" aria-label=\"KPM_Banner__300x250\"><img loading=\"lazy\" decoding=\"async\" src=\"https:\/\/www.europesays.com\/pl\/wp-content\/uploads\/2026\/08\/KPM_Banner__300x250.jpg\" alt=\"\" width=\"300\" height=\"250\" style=\"display: inline-block;\"\/><\/a><\/p>\n<p>&#13;<br \/>\n&#13;<\/p>\n<p>&#13;<br \/>\n&#13;<br \/>\n    &#13;<br \/>\n&#13;<\/p>\n<p>&#13;<br \/>\n&#13;<\/p>\n","protected":false},"excerpt":{"rendered":"&#13; &#13; &#13; Sikorski: Polska przygotowuje si\u0119 do dostarczenia Ukraine dodatkowych ilo\u015bci gazu &#8211; wiadomosci.com&#13; &#13; &#13; &#13;&hellip;\n","protected":false},"author":2,"featured_media":643979,"comment_status":"","ping_status":"","sticky":false,"template":"","format":"standard","meta":{"footnotes":"","_share_on_mastodon":"0"},"categories":[12],"tags":[4779,42,38,40,39,41,4046,415],"class_list":["post-643978","post","type-post","status-publish","format-standard","has-post-thumbnail","category-polska","tag-gaz","tag-pl","tag-poland","tag-polish","tag-polska","tag-polski","tag-radoslaw-sikorski","tag-ukraina"],"share_on_mastodon":{"url":"https:\/\/pubeurope.com\/@pl\/117152578410789785","error":""},"_links":{"self":[{"href":"https:\/\/www.europesays.com\/pl\/wp-json\/wp\/v2\/posts\/643978","targetHints":{"allow":["GET"]}}],"collection":[{"href":"https:\/\/www.europesays.com\/pl\/wp-json\/wp\/v2\/posts"}],"about":[{"href":"https:\/\/www.europesays.com\/pl\/wp-json\/wp\/v2\/types\/post"}],"author":[{"embeddable":true,"href":"https:\/\/www.europesays.com\/pl\/wp-json\/wp\/v2\/users\/2"}],"replies":[{"embeddable":true,"href":"https:\/\/www.europesays.com\/pl\/wp-json\/wp\/v2\/comments?post=643978"}],"version-history":[{"count":0,"href":"https:\/\/www.europesays.com\/pl\/wp-json\/wp\/v2\/posts\/643978\/revisions"}],"wp:featuredmedia":[{"embeddable":true,"href":"https:\/\/www.europesays.com\/pl\/wp-json\/wp\/v2\/media\/643979"}],"wp:attachment":[{"href":"https:\/\/www.europesays.com\/pl\/wp-json\/wp\/v2\/media?parent=643978"}],"wp:term":[{"taxonomy":"category","embeddable":true,"href":"https:\/\/www.europesays.com\/pl\/wp-json\/wp\/v2\/categories?post=643978"},{"taxonomy":"post_tag","embeddable":true,"href":"https:\/\/www.europesays.com\/pl\/wp-json\/wp\/v2\/tags?post=643978"}],"curies":[{"name":"wp","href":"https:\/\/api.w.org\/{rel}","templated":true}]}}