{"id":644032,"date":"2026-08-24T21:56:17","date_gmt":"2026-08-24T21:56:17","guid":{"rendered":"https:\/\/www.europesays.com\/pl\/644032\/"},"modified":"2026-08-24T21:56:17","modified_gmt":"2026-08-24T21:56:17","slug":"nokia-300-charge-to-maly-powerbank-dalej-nie-ma-lte-za-to-ma-latarke","status":"publish","type":"post","link":"https:\/\/www.europesays.com\/pl\/644032\/","title":{"rendered":"Nokia 300 Charge to ma\u0142y powerbank. Dalej nie ma LTE, za to ma latark\u0119"},"content":{"rendered":"<p class=\"post-excerpt\" data-v-64cd7efc=\"\">Firma HMD oficjalnie zaprezentowa\u0142a Noki\u0119 300 Charge i wbrew wcze\u015bniejszym doniesieniom nie ma \u0142\u0105czno\u015bci LTE. Informacje na temat tego modelu pojawia\u0142y si\u0119 ju\u017c w lipcu i faktycznie trafi\u0142 wtedy do sprzeda\u017cy na niekt\u00f3rych rynkach, jednak dopiero teraz zosta\u0142 oficjalnie zaprezentowany przez producenta. <\/p>\n<p><img decoding=\"async\" data-nuxt-img=\"\"   onerror=\"this.setAttribute('data-error', 1)\" alt=\"nokia-300-charge-2\" fetchpriority=\"high\" src=\"https:\/\/www.europesays.com\/pl\/wp-content\/uploads\/2026\/08\/nokia-300-charge-2-ratio-3x2-1.jpg\" data-v-f60c0091=\"\"\/>Nokia 300 Charge (fot. HMD)<\/p>\n<ul>\n<li>Nokia 300 Charge to telefon znany te\u017c pod nazw\u0105 Nokia 300 Power Bank. Cho\u0107 mo\u017cna go ju\u017c kupi\u0107 na wybranych modelach Azji, dopiero teraz zosta\u0142 oficjalnie zaprezentowany przez producenta.\u00a0<\/li>\n<li>Jak nazwa wskazuje, g\u0142\u00f3wn\u0105 cech\u0105 Nokii 300 Charge jest du\u017ca bateria. Ogniwo o pojemno\u015bci 3700 mAh jest praktycznie dwa razy wi\u0119ksze, ni\u017c w innych prostych telefonach.<\/li>\n<li>Nokia 300 Charge jest prostym urz\u0105dzeniem, w kt\u00f3rym nie pierwszy raz zabrak\u0142o \u0142\u0105czno\u015bci LTE.\u00a0<\/li>\n<\/ul>\n<p>HMD uparcie tworzy telefony, przy kt\u00f3rych n\u00f3\u017c si\u0119 w kieszeni otwiera. Problemem modeli takich jak Nokia 300 Charge nie jest s\u0142aba specyfikacja, ale ewidentne braki w wyposa\u017ceniu, kt\u00f3re powinien mie\u0107 telefon w 2026 r.\u00a0<\/p>\n<p>Nokia 300 Charge jak ma\u0142y powerbank<img width=\"1200\" height=\"1000\" data-nuxt-img=\"\"   onerror=\"this.setAttribute('data-error', 1)\" class=\"article-image size-full wp-image-160637\" loading=\"lazy\" decoding=\"async\" alt=\"\" src=\"https:\/\/www.europesays.com\/pl\/wp-content\/uploads\/2026\/08\/nokia-300-charge-1.jpg\" data-v-e4ee449a=\"\"\/><\/p>\n<p class=\"wp-caption-text\">Nokia 300 Charge (fot. HMD)<\/p>\n<p>Jedn\u0105 z najwa\u017cniejszych cech Nokii 300 Charge jest bateria o pojemno\u015bci 3700 mAh. To praktycznie dwa razy wi\u0119cej, ni\u017c na og\u00f3\u0142 pojawia si\u0119 w prostych telefonach i producent zapewnia, \u017ce ma to wystarczy\u0107 na 40 dni czuwania i 37 godzin ci\u0105g\u0142ych rozm\u00f3w. Bateria \u0142aduje si\u0119 z moc\u0105 10 W i z tak\u0105 sam\u0105 moc\u0105 jest w stanie przewodowo \u0142adowa\u0107 inne urz\u0105dzenia. Mowa tu raczej o akcesoriach, bo Noki\u0105 300 Charge na\u0142adujemy wsp\u00f3\u0142czesny smartfon co najwy\u017cej do po\u0142owy.\u00a0<\/p>\n<p>Poza tym wyposa\u017cenie jest skromne. Do dyspozycji mamy ekran TFT o przek\u0105tnej 2,4 cala, prosty procesor Unisoc SC6531E, 4 MB pami\u0119ci RAM, 4 MB pami\u0119ci wbudowanej, interfejs S30+, gniazdo kart pami\u0119ci microSD (do 32 GB), radio FM, latark\u0119 i gniazdo Jack 3,5 mm. Jest te\u017c aparat, kt\u00f3ry robi zdj\u0119cia i&#8230; na tym poprzesta\u0144my.<\/p>\n<p>Wszystko jest zamkni\u0119te w obudowie o grubo\u015bci 14,94 mm i masie 138 g. Pomimo solidnie wygl\u0105daj\u0105cej konstrukcji. Nokia 300 Charge nie jest z gatunku telefon\u00f3w \u201eodpornych\u201d. Nie spe\u0142nia \u017cadnych norm wodoodporno\u015bci.<\/p>\n<p>Nokia 300 Charge, a Nokia 300 Power Bank 4G \u2013 o co tu chodzi?<\/p>\n<p>W po\u0142owie lipca 2026 r. pojawi\u0142y si\u0119 informacje o niemal takim samym telefonie, kt\u00f3rego sprzeda\u017c ruszy\u0142a w wybranych krajach. Okazuje si\u0119, \u017ce by\u0142o tam sporo niedom\u00f3wie\u0144. Chodzi tu o dok\u0142adnie ten sam model, a informacje o obecno\u015bci \u0142\u0105czno\u015bci LTE okaza\u0142y si\u0119 niepotwierdzon\u0105 plotk\u0105.<\/p>\n<p>Faktem jest natomiast, \u017ce ten telefon trafi\u0142 do sprzeda\u017cy pod nazw\u0105 Nokia 300 Power Bank m.in. na Filipinach i w Malezji. Dopiero teraz zosta\u0142 oficjalnie zaprezentowany przez HMD i pojawi\u0142 si\u0119 na stronach internetowych producenta.<\/p>\n<p>Nie wiemy jeszcze, czy Nokia 300 Charge b\u0119dzie dost\u0119pna w Polsce i jaka b\u0119dzie jej cena. W krajach, w kt\u00f3rych mo\u017cna by\u0142o j\u0105 kupi\u0107 cena wynosi\u0142a ok. 30 euro.<\/p>\n<p><a href=\"https:\/\/zero.pl\/news\/huawei-faktycznie-to-zrobil-pura-x-view-jest-jak-skladany-smartfon-ale-sie-nie-sklada\" class=\"\" rel=\"nofollow noopener\" target=\"_blank\">Czy to pocz\u0105tek nowego trendu? Ten telefon jest jak sk\u0142adany smartfon, ale si\u0119 nie sk\u0142ada<\/a><\/p>\n<p>Z Noki\u0105 300 Charge, jak i innymi telefonami producenta, jest jeden istotny problem<img width=\"1380\" height=\"1593\" data-nuxt-img=\"\"   onerror=\"this.setAttribute('data-error', 1)\" class=\"article-image size-full wp-image-160642\" loading=\"lazy\" decoding=\"async\" alt=\"\" src=\"https:\/\/www.europesays.com\/pl\/wp-content\/uploads\/2026\/08\/nokia-300-charge-3.jpg\" data-v-e4ee449a=\"\"\/><\/p>\n<p class=\"wp-caption-text\">Nokia 300 Charge (fot. HMD)<\/p>\n<p>Chodzi o \u0142\u0105czno\u015b\u0107. Przez brak LTE ten telefon w niekt\u00f3rych krajach nawet nie b\u0119dzie dzia\u0142a\u0107, bo s\u0105 miejsca, w kt\u00f3rych \u0142\u0105czno\u015b\u0107 GSM\/2G jest ju\u017c wy\u0142\u0105czana.\u00a0<\/p>\n<p>Rozumiem argumenty m\u00f3wi\u0105ce, \u017ce telefony takie jak Nokia 300 Charge s\u0105 dobrym wyborem dla senior\u00f3w czy os\u00f3b potrzebuj\u0105cych prostego narz\u0119dzia komunikacji. Pe\u0142na zgoda, ale w\u0142a\u015bnie szczeg\u00f3lnie w przypadku os\u00f3b starszych po\u017c\u0105dana powinna by\u0107 mo\u017cliwie najlepsza jako\u015b\u0107 rozm\u00f3w. Tu a\u017c prosi si\u0119 o dodanie modu\u0142u LTE z obs\u0142ug\u0105 po\u0142\u0105cze\u0144 VoLTE.\u00a0<\/p>\n<p>W przypadku tak prostego telefonu to nie jest tylko dodanie innego modemu, ale potrzebna jest wymiana ca\u0142ego procesora. Co oczywi\u015bcie wp\u0142yn\u0119\u0142oby na koszty produkcji i cen\u0119. O ile? Dla przyk\u0142adu Nokia 105 z \u0142\u0105czno\u015bci\u0105 GSM kosztuje w Polsce 105 z\u0142, a Nokia 105 4G 189 z\u0142.\u00a0<\/p>\n<p>Tak, HMD sprzedaje m.in. w Polsce telefony z LTE, ale te\u017c nadal wprowadza do Europy modele wy\u0142\u0105cznie z \u0142\u0105czno\u015bci\u0105 GSM.\u00a0<\/p>\n<p>Mo\u017ce zainteresuje Ci\u0119:<\/p>\n","protected":false},"excerpt":{"rendered":"Firma HMD oficjalnie zaprezentowa\u0142a Noki\u0119 300 Charge i wbrew wcze\u015bniejszym doniesieniom nie ma \u0142\u0105czno\u015bci LTE. Informacje na temat&hellip;\n","protected":false},"author":2,"featured_media":644033,"comment_status":"","ping_status":"","sticky":false,"template":"","format":"standard","meta":{"footnotes":"","_share_on_mastodon":"0"},"categories":[20],"tags":[120,118,119,42,38,40,39,41,116,114,115,121,1348,117],"class_list":["post-644032","post","type-post","status-publish","format-standard","has-post-thumbnail","category-nauka-i-technika","tag-nauka","tag-nauka-i-technika","tag-naukatechnika","tag-pl","tag-poland","tag-polish","tag-polska","tag-polski","tag-science","tag-science-and-technology","tag-sciencetechnology","tag-technika","tag-technologia","tag-technology"],"share_on_mastodon":{"url":"https:\/\/pubeurope.com\/@pl\/117152723929020500","error":""},"_links":{"self":[{"href":"https:\/\/www.europesays.com\/pl\/wp-json\/wp\/v2\/posts\/644032","targetHints":{"allow":["GET"]}}],"collection":[{"href":"https:\/\/www.europesays.com\/pl\/wp-json\/wp\/v2\/posts"}],"about":[{"href":"https:\/\/www.europesays.com\/pl\/wp-json\/wp\/v2\/types\/post"}],"author":[{"embeddable":true,"href":"https:\/\/www.europesays.com\/pl\/wp-json\/wp\/v2\/users\/2"}],"replies":[{"embeddable":true,"href":"https:\/\/www.europesays.com\/pl\/wp-json\/wp\/v2\/comments?post=644032"}],"version-history":[{"count":0,"href":"https:\/\/www.europesays.com\/pl\/wp-json\/wp\/v2\/posts\/644032\/revisions"}],"wp:featuredmedia":[{"embeddable":true,"href":"https:\/\/www.europesays.com\/pl\/wp-json\/wp\/v2\/media\/644033"}],"wp:attachment":[{"href":"https:\/\/www.europesays.com\/pl\/wp-json\/wp\/v2\/media?parent=644032"}],"wp:term":[{"taxonomy":"category","embeddable":true,"href":"https:\/\/www.europesays.com\/pl\/wp-json\/wp\/v2\/categories?post=644032"},{"taxonomy":"post_tag","embeddable":true,"href":"https:\/\/www.europesays.com\/pl\/wp-json\/wp\/v2\/tags?post=644032"}],"curies":[{"name":"wp","href":"https:\/\/api.w.org\/{rel}","templated":true}]}}