{"id":644048,"date":"2026-08-24T22:08:14","date_gmt":"2026-08-24T22:08:14","guid":{"rendered":"https:\/\/www.europesays.com\/pl\/644048\/"},"modified":"2026-08-24T22:08:14","modified_gmt":"2026-08-24T22:08:14","slug":"splonelo-bmw-byly-duze-utrudnienia-na-slonecznym-stoku","status":"publish","type":"post","link":"https:\/\/www.europesays.com\/pl\/644048\/","title":{"rendered":"Sp\u0142on\u0119\u0142o BMW. By\u0142y du\u017ce utrudnienia na S\u0142onecznym Stoku"},"content":{"rendered":"<p class=\"news__lead\">To by\u0142o bardzo gor\u0105ce popo\u0142udnie na jednej z wi\u0119kszych bia\u0142ostockich arterii na osiedlu S\u0142oneczny Stok. W poniedzia\u0142ek, 24 sierpnia 2026 roku, tu\u017c po godzinie 12:00 dosz\u0142o do gro\u017anie wygl\u0105daj\u0105cego zdarzenia drogowego na ulicy Sikorskiego w Bia\u0142ymstoku. W trakcie jazdy w p\u0142omieniach stan\u0105\u0142 samoch\u00f3d osobowy marki BMW.<\/p>\n<p>                                                                                                                                                                                                                                                                                    B\u0142yskawiczna akcja stra\u017cak\u00f3w i brak poszkodowanych<\/p>\n<p>Na miejsce niezw\u0142ocznie zadysponowano zast\u0119p stra\u017cy po\u017carnej oraz patrol policji. Jak przekaza\u0142 m\u0142odszy aspirant Konrad Marcin Karwacki z zespo\u0142u prasowego podlaskiej policji, ogie\u0144 rozprzestrzenia\u0142 si\u0119 b\u0142yskawicznie, jednak dzi\u0119ki sprawnej akcji ratownik\u00f3w po\u017car uda\u0142o si\u0119 ca\u0142kowicie opanowa\u0107 i dogasi\u0107 w zaledwie dziesi\u0119\u0107 minut. Najwa\u017cniejsz\u0105 informacj\u0105 jest fakt, \u017ce w wyniku tego dramatycznego zdarzenia nikomu nic si\u0119 nie sta\u0142o \u2013 kierowca oraz ewentualni pasa\u017cerowie opu\u015bcili pojazd na czas.<\/p>\n<p>Tymczasowe utrudnienia w ruchu drogowym<\/p>\n<p>Incydent wywo\u0142a\u0142 jednak spore utrudnienia dla bia\u0142ostockich kierowc\u00f3w. Ulica Sikorskiego zosta\u0142a ca\u0142kowicie zablokowana na pasie w kierunku ulicy Upalnej na czas prowadzenia dzia\u0142a\u0144 ga\u015bniczych oraz usuwania wraku z jezdni. Ruch w tym rejonie miasta przez pewien czas odbywa\u0142 si\u0119 ze sporymi utrudnieniami.<\/p>\n<p>Mieli\u015bcie okazj\u0119 przeje\u017cd\u017ca\u0107 w pobli\u017cu ulicy Sikorskiego w trakcie akcji stra\u017cak\u00f3w? Jak oceniacie przejezdno\u015b\u0107 w tej cz\u0119\u015bci Bia\u0142egostoku po poniedzia\u0142kowym zdarzeniu? Czekamy na Wasze relacje w komentarzach!<\/p>\n<p>AR<\/p>\n<p>                                                                                                                                                                                                        ]]><\/p>\n","protected":false},"excerpt":{"rendered":"To by\u0142o bardzo gor\u0105ce popo\u0142udnie na jednej z wi\u0119kszych bia\u0142ostockich arterii na osiedlu S\u0142oneczny Stok. W poniedzia\u0142ek, 24&hellip;\n","protected":false},"author":2,"featured_media":644049,"comment_status":"","ping_status":"","sticky":false,"template":"","format":"standard","meta":{"footnotes":"","_share_on_mastodon":"0"},"categories":[51614],"tags":[77978,2151,85779,126283,126282,55707,126285,126284,114431,42,59739,38,126280,40,39,41,2148,100925,28411,126278,7891,126281,126279,19273],"class_list":["post-644048","post","type-post","status-publish","format-standard","has-post-thumbnail","category-bialystok","tag-akcja-strazy-pozarnej","tag-bialystok","tag-blokada-drogi","tag-brak-poszkodowanych","tag-dogaszanie-pozaru","tag-komitet-obrony-demokracji","tag-korek-w-bialymstoku","tag-korek-w-bialymstokubialystok","tag-onr","tag-pl","tag-podlaska-policja","tag-poland","tag-policja-podlaskie","tag-polish","tag-polska","tag-polski","tag-pozar","tag-pozar-samochodu","tag-ratownicy","tag-sloneczny-stok","tag-straz-pozarna","tag-szybka-interwencja-strazakow","tag-ulica-sikorskiego-bialystok","tag-utrudnienia-w-ruchu"],"share_on_mastodon":{"url":"https:\/\/pubeurope.com\/@pl\/117152769815868210","error":""},"_links":{"self":[{"href":"https:\/\/www.europesays.com\/pl\/wp-json\/wp\/v2\/posts\/644048","targetHints":{"allow":["GET"]}}],"collection":[{"href":"https:\/\/www.europesays.com\/pl\/wp-json\/wp\/v2\/posts"}],"about":[{"href":"https:\/\/www.europesays.com\/pl\/wp-json\/wp\/v2\/types\/post"}],"author":[{"embeddable":true,"href":"https:\/\/www.europesays.com\/pl\/wp-json\/wp\/v2\/users\/2"}],"replies":[{"embeddable":true,"href":"https:\/\/www.europesays.com\/pl\/wp-json\/wp\/v2\/comments?post=644048"}],"version-history":[{"count":0,"href":"https:\/\/www.europesays.com\/pl\/wp-json\/wp\/v2\/posts\/644048\/revisions"}],"wp:featuredmedia":[{"embeddable":true,"href":"https:\/\/www.europesays.com\/pl\/wp-json\/wp\/v2\/media\/644049"}],"wp:attachment":[{"href":"https:\/\/www.europesays.com\/pl\/wp-json\/wp\/v2\/media?parent=644048"}],"wp:term":[{"taxonomy":"category","embeddable":true,"href":"https:\/\/www.europesays.com\/pl\/wp-json\/wp\/v2\/categories?post=644048"},{"taxonomy":"post_tag","embeddable":true,"href":"https:\/\/www.europesays.com\/pl\/wp-json\/wp\/v2\/tags?post=644048"}],"curies":[{"name":"wp","href":"https:\/\/api.w.org\/{rel}","templated":true}]}}