{"id":644060,"date":"2026-08-24T22:16:17","date_gmt":"2026-08-24T22:16:17","guid":{"rendered":"https:\/\/www.europesays.com\/pl\/644060\/"},"modified":"2026-08-24T22:16:17","modified_gmt":"2026-08-24T22:16:17","slug":"slask-po-pieciu-kolejkach-samiec-talar-dzwiga-obrona-ciagnie-w-dol","status":"publish","type":"post","link":"https:\/\/www.europesays.com\/pl\/644060\/","title":{"rendered":"\u015al\u0105sk po pi\u0119ciu kolejkach. Samiec-Talar d\u017awiga, obrona ci\u0105gnie w d\u00f3\u0142"},"content":{"rendered":"<p>Pi\u0119\u0107 mecz\u00f3w, pi\u0119\u0107 punkt\u00f3w, siedem strzelonych i osiem straconych bramek. Na pierwszy rzut oka bilans \u015al\u0105ska Wroc\u0142aw po powrocie do Ekstraklasy nie wygl\u0105da ani szczeg\u00f3lnie \u017ale, ani szczeg\u00f3lnie dobrze. Problem w tym, \u017ce same liczby nie pokazuj\u0105 wszystkich czerwonych flag. Wroc\u0142awianie maj\u0105 w tej dru\u017cynie kilka naprawd\u0119 ciekawych element\u00f3w, potrafi\u0105 fragmentami gra\u0107 dobr\u0105 pi\u0142k\u0119 i ju\u017c udowodnili, \u017ce nie p\u0119kaj\u0105 w trudnych momentach. Jednocze\u015bnie po pi\u0119ciu kolejkach trudno pozby\u0107 si\u0119 wra\u017cenia, \u017ce obecna kadra jest po prostu zbyt kr\u00f3tka jako\u015bciowo, a najwi\u0119kszy problem znajduje si\u0119 tam, gdzie przed sezonem mia\u0142 by\u0107 fundament\u2026 w defensywie.<br \/>\n&#13;<\/p>\n<p>W tym artykule przeczytasz:<\/p>\n<p>                Co po pi\u0119ciu kolejkach jest najwi\u0119ksz\u0105 si\u0142\u0105 \u015al\u0105ska Wroc\u0142aw.Dlaczego defensywa pozostaje najwi\u0119kszym problemem zespo\u0142u.Jakich wzmocnie\u0144 potrzebuje \u015al\u0105sk, by spokojnie rywalizowa\u0107 w Ekstraklasie.<br \/>\n            &#13;<\/p>\n<p>\u015al\u0105sk rozpocz\u0105\u0142 sezon od pora\u017cki 1:2 w Zabrzu, cho\u0107 prowadzi\u0142 od si\u00f3dmej minuty po bramce Przemys\u0142awa Banaszaka i wcale nie wygl\u0105da\u0142 na zesp\u00f3\u0142 gorszy. Co wi\u0119cej, wed\u0142ug danych FotMob wroc\u0142awianie wygenerowali w tym spotkaniu 1,29 xG przy zaledwie 0,70 G\u00f3rnika. Problem pojawi\u0142 si\u0119 po przerwie. Najpierw samob\u00f3jcze trafienie Jehora Macenki, p\u00f3\u017aniej gol Yvana Ikia Dimiego i dobrze rozpocz\u0119ty mecz zako\u0144czy\u0142 si\u0119 bez punkt\u00f3w.<\/p>\n<p>Tydzie\u0144 p\u00f3\u017aniej wydarzy\u0142o si\u0119 co\u015b dok\u0142adnie odwrotnego. Rak\u00f3w prowadzi\u0142 we Wroc\u0142awiu do 86. minuty, a mimo to przegra\u0142 1:2 po trafieniach Luki Marjanaca i Piotra Samca-Talara. By\u0142o w tym du\u017co charakteru i troch\u0119 boiskowego szale\u0144stwa. Dane pokazuj\u0105 zreszt\u0105, \u017ce to cz\u0119stochowianie stworzyli sytuacje o znacznie wi\u0119kszej \u0142\u0105cznej warto\u015bci. 3,25 xG przy 1,63 \u015al\u0105ska. Wroc\u0142awianie zatem oddali G\u00f3rnikowi mecz, w kt\u00f3rym statystycznie zas\u0142ugiwali na wi\u0119cej, a kilka dni p\u00f3\u017aniej zabrali Rakowowi spotkanie, w kt\u00f3rym wynik by\u0142 lepszy od jako\u015bci stworzonych okazji.<\/p>\n<p>Po niez\u0142ym starcie zacz\u0119\u0142o robi\u0107 si\u0119 pod g\u00f3rk\u0119<\/p>\n<p>Remis 0:0 z Cracovi\u0105 pozostawi\u0142 ju\u017c przede wszystkim niedosyt. Krakowianie byli do ogrania, a \u015al\u0105sk zamiast wykorzysta\u0107 mecz u siebie, by\u0142 bardzo niechlujny w rozegraniu i momentami niepewny bez pi\u0142ki. Cracovia stworzy\u0142a wi\u0119cej zagro\u017cenia, a Karol Niemczycki kilka razy musia\u0142 ratowa\u0107 gospodarzy, mi\u0119dzy innymi w sytuacji sam na sam z Martinem Minchevem.<\/p>\n<p>Jeszcze bardziej bolesny by\u0142 wyjazd do Lubina. Zag\u0142\u0119bie przez znaczn\u0105 cz\u0119\u015b\u0107 pierwszej po\u0142owy mocno naciska\u0142o, ale \u015al\u0105sk przetrwa\u0142 i po bardzo dobrej wsp\u00f3\u0142pracy Demb\u00e9l\u00e9 z Samcem-Talarem wyszed\u0142 na prowadzenie. Po przerwie wroc\u0142awianie stracili jednak dwa gole i ponownie przegrali 1:2. Tym razem o wyniku zdecydowa\u0142y detale, a raczej b\u0142\u0119dy, kt\u00f3rych na tym poziomie pope\u0142nia\u0107 po prostu nie wolno. Przy zwyci\u0119skiej bramce Levente Szab\u00f3 z dziecinn\u0105 wr\u0119cz \u0142atwo\u015bci\u0105 uwolni\u0142 si\u0119 spod opieki Macenki.<\/p>\n<p>Pi\u0105ty mecz by\u0142 natomiast najbardziej niepokoj\u0105cy ze wszystkich. Widzew od si\u00f3dmej minuty gra\u0142 w dziesi\u0119ciu, a mimo to do przerwy prowadzi\u0142 na Tarczy\u0144ski Arena 2:0. Co wi\u0119cej, nie by\u0142o w tym przypadku. \u0141odzianie byli lepiej zorganizowani, szybciej operowali pi\u0142k\u0105 i bez wi\u0119kszego problemu przedostawali si\u0119 pod bramk\u0119 \u015al\u0105ska. Dopiero po przerwie Wroc\u0142awianie zacz\u0119li wykorzystywa\u0107 przewag\u0119 jednego zawodnika i ostatecznie uratowali remis 3:3.<\/p>\n<p>My\u015bl\u0119, \u017ce ten w\u0142a\u015bnie mecz najlepiej podsumowuje obecny \u015al\u0105sk. Jest charakter, s\u0105 przeb\u0142yski jako\u015bci, jest pi\u0142karz zdolny w\u0142asnymi umiej\u0119tno\u015bciami odwr\u00f3ci\u0107 spotkanie. Z drugiej strony jest zdecydowanie za du\u017co chaosu i zbyt wielu zawodnik\u00f3w, kt\u00f3rzy na razie nie gwarantuj\u0105 poziomu potrzebnego do spokojnego funkcjonowania w Ekstraklasie.<\/p>\n<p>Piotr Samiec-Talar, czyli najlepszy argument \u015al\u0105ska<\/p>\n<p>Gdyby po tych pi\u0119ciu kolejkach trzeba by\u0142o wskaza\u0107 jeden najwi\u0119kszy pozytyw, nie ma tutaj w\u0142a\u015bciwie \u017cadnej dyskusji. Piotr Samiec-Talar rozpocz\u0105\u0142 sezon znakomicie. Dwa gole i trzy asysty oznaczaj\u0105, \u017ce mia\u0142 bezpo\u015bredni udzia\u0142 przy pi\u0119ciu z siedmiu ligowych bramek \u015al\u0105ska. W Zabrzu stworzy\u0142 gola Banaszakowi, przeciwko Rakowowi sam zapewni\u0142 trzy punkty, w Lubinie zdoby\u0142 bramk\u0119 po kontrze, a z Widzewem zaliczy\u0142 dwie asysty. Same liczby nie pokazuj\u0105 jednak wszystkiego.<\/p>\n<p>Samiec-Talar jest praktycznie ca\u0142y czas pod gr\u0105. Potrafi zej\u015b\u0107 ni\u017cej po pi\u0142k\u0119, odwr\u00f3ci\u0107 si\u0119 z przeciwnikiem na plecach, wej\u015b\u0107 w drybling, przyspieszy\u0107 akcj\u0119 i pojawi\u0107 si\u0119 w polu karnym. Potrafi te\u017c wymy\u015bli\u0107 podanie, na kt\u00f3re nikt inny w danej chwili by nie wpad\u0142. W dru\u017cynie, w kt\u00f3rej momentami dramatycznie brakuje kreatywno\u015bci, to w\u0142a\u015bnie on najcz\u0119\u015bciej bierze odpowiedzialno\u015b\u0107 za wymy\u015blenie czego\u015b z niczego.\u00a0Nie jest przypadkiem, \u017ce prowadzi r\u00f3wnie\u017c w \u015al\u0105sku pod wzgl\u0119dem stworzonych okazji. Ju\u017c po wcze\u015bniejszych kolejkach mia\u0142 ich osiem, wyra\u017anie wi\u0119cej od wi\u0119kszo\u015bci koleg\u00f3w.<\/p>\n<p>Mecz z Widzewem tylko podkre\u015bli\u0142 skal\u0119 jego znaczenia. Nawet gdy przez d\u0142ugie fragmenty niemal ca\u0142a ofensywa gospodarzy wygl\u0105da\u0142a bezradnie, Samiec-Talar pr\u00f3bowa\u0142. Po przerwie zacz\u0105\u0142 dostarcza\u0107 kolegom podania, po kt\u00f3rych wystarczy\u0142o ju\u017c w\u0142a\u015bciwie doko\u0144czy\u0107 akcj\u0119. M\u00f3g\u0142 sko\u0144czy\u0107 nawet z trzema asystami, gdyby gol Marjanaca nie zosta\u0142 anulowany z powodu mocno w\u0105tpliwego spalonego.<\/p>\n<p>To oczywi\u015bcie \u015bwietna wiadomo\u015b\u0107 dla \u015al\u0105ska. Jednocze\u015bnie r\u00f3wnie\u017c ostrze\u017cenie.\u00a0Trudno oprze\u0107 si\u0119 wra\u017ceniu, \u017ce dzisiaj Wroc\u0142awianie s\u0105 od Samca-Talara uzale\u017cnieni zdecydowanie za mocno.<\/p>\n<p>Warto r\u00f3wnie\u017c podkre\u015bli\u0107, \u017ce od kilku miesi\u0119cy trwaj\u0105 rozmowy na temat przed\u0142u\u017cenia wygasaj\u0105cej w czerwcu 2027 roku umowy zawodnika ze \u015al\u0105skiem Wroc\u0142aw.<\/p>\n<p><img loading=\"lazy\" decoding=\"async\" class=\"lg-object lg-image\" src=\"https:\/\/www.europesays.com\/pl\/wp-content\/uploads\/2026\/08\/8768cb6e-04dd-9f8a-720b-1a4535a1d1b5.jpeg\" alt=\"Piotr Samiec - Talar \u015al\u0105sk Wroc\u0142aw\" width=\"1024\" height=\"681\" data-index=\"146\"\/>Fot. \u015al\u0105sk Wroc\u0142aw<br \/>\nDefensywa mia\u0142a dawa\u0107 spok\u00f3j. Na razie daje przede wszystkim nerwy<\/p>\n<p>Najwi\u0119kszy problem \u015al\u0105ska znajduje si\u0119 jednak po drugiej stronie boiska.\u00a0Osiem straconych goli w pi\u0119ciu spotkaniach. To nie wygl\u0105da jeszcze jak jaka\u015b ogromna katastrofa. Gorzej broni\u0105 ekipy Wis\u0142y Krak\u00f3w, Piasta Gliwice, Wieczystej czy Radomiaka. Problem pojawia si\u0119, kiedy zobaczymy, w jaki spos\u00f3b te bramki padaj\u0105.<\/p>\n<p>A\u017c sze\u015b\u0107 z o\u015bmiu goli \u015al\u0105sk straci\u0142 po przerwie. W Zabrzu prowadzenie zamieni\u0142o si\u0119 w pora\u017ck\u0119. W Lubinie by\u0142o dok\u0142adnie tak samo. Z Rakowem nieporozumienie w defensywie pozwoli\u0142o Emrelemu otworzy\u0107 wynik. W meczu z Widzewem dru\u017cyna graj\u0105ca przez ponad 80 minut w os\u0142abieniu by\u0142a w stanie strzeli\u0107 Wroc\u0142awianom trzy gole. Mo\u017cna dyskutowa\u0107 o ustawieniu z tr\u00f3jk\u0105 \u015brodkowych obro\u0144c\u00f3w, przechodz\u0105cym bez pi\u0142ki w pi\u0105tk\u0119. To nie system jest jednak problemem, ale spos\u00f3b jego wykonywania. Za cz\u0119sto pojawiaj\u0105 si\u0119 sp\u00f3\u017anienia, zagubieni zawodnicy i brak w\u0142a\u015bciwej reakcji po zmianie strony gry. Zbyt \u0142atwo rywale wbiegaj\u0105 pomi\u0119dzy wahad\u0142owego i skrajnego stopera. Za cz\u0119sto kto\u015b gubi krycie przy do\u015brodkowaniu albo nie kontroluje zawodnika wbiegaj\u0105cego za plecy.<\/p>\n<p>W Lubinie wystarczy\u0142 prosty ruch Szab\u00f3, aby Macenko straci\u0142 go kompletnie z pola widzenia. Z Widzewem Mariusz Malec wygl\u0105da\u0142 momentami tak, jakby ka\u017cda cho\u0107 troch\u0119 dynamiczna akcja rywala odbywa\u0142a si\u0119 o p\u00f3\u0142 sekundy za szybko. Marc Llinares sp\u00f3\u017ania\u0142 si\u0119 zar\u00f3wno z przodu, jak i przy powrotach. Tutaj liczba obro\u0144c\u00f3w na boisku zaczyna by\u0107 troch\u0119 z\u0142udna. \u015al\u0105sk mo\u017ce ustawi\u0107 pi\u0119ciu zawodnik\u00f3w w ostatniej linii, ale pi\u0119ciu przeci\u0119tnie zsynchronizowanych defensor\u00f3w nie daje automatycznie dobrej defensywy.<\/p>\n<p>Problem lewego wahad\u0142a jest ju\u017c bardzo wyra\u017any<\/p>\n<p>W systemie Ante Simundzy wahad\u0142a s\u0105 jednym z jego najwa\u017cniejszych element\u00f3w. To one maj\u0105 dawa\u0107 szeroko\u015b\u0107, zmusza\u0107 przeciwnika do rozsuwania defensywy, zapewnia\u0107 opcj\u0119 przy wyprowadzaniu pi\u0142ki i jednocze\u015bnie szybko wraca\u0107 do pi\u0105tki po jej stracie. Llinares ma momenty, w kt\u00f3rych dobrze prowadzi pi\u0142k\u0119 i potrafi wej\u015b\u0107 wy\u017cej \u2013 statystycznie znajduje si\u0119 nawet w czo\u0142\u00f3wce \u015al\u0105ska pod wzgl\u0119dem udanych drybling\u00f3w \u2013 ale na razie zdecydowanie brakuje mu regularno\u015bci. To z kolei sprawia, \u017ce sytuacja na lewym wahadle staje si\u0119 coraz bardziej problematyczna.<\/p>\n<p>Przeciwko Widzewowi jego problemy by\u0142y wr\u0119cz podr\u0119cznikowo widoczne. Kiedy trzeba by\u0142o da\u0107 dru\u017cynie szeroko\u015b\u0107 przeciwko rywalowi graj\u0105cemu w dziesi\u0119ciu, wk\u0142ad ofensywny by\u0142 niewystarczaj\u0105cy. Kiedy \u0141odzianie wychodzili do kontry, Llinares regularnie znajdowa\u0142 si\u0119 krok za akcj\u0105. Je\u017celi \u015al\u0105sk chce konsekwentnie gra\u0107 tym ustawieniem, nie mo\u017ce sobie pozwoli\u0107 na pozycj\u0119, na kt\u00f3rej brakuje odpowiedniej dynamiki i jako\u015bci w obu kierunkach.<\/p>\n<p>Lewy wahad\u0142owy powinien by\u0107 jednym z absolutnych priorytet\u00f3w ko\u0144c\u00f3wki okna transferowego.<\/p>\n<p>Uraz Mokrzyckiego zmieni\u0142 \u015brodek pola<\/p>\n<p><a href=\"https:\/\/www.slaskwroclaw.pl\/w\/powa%C5%BCna-kontuzja-micha%C5%82a-mokrzyckiego\" rel=\"nofollow noopener\" target=\"_blank\">Do problem\u00f3w kadrowych doszed\u0142 jeszcze cios, kt\u00f3rego nikt nie m\u00f3g\u0142 przewidzie\u0107. Micha\u0142 Mokrzycki zerwa\u0142 wi\u0119zad\u0142o krzy\u017cowe w kolanie i czeka go d\u0142uga przerwa.<\/a> To bardzo powa\u017cna strata, bo \u015al\u0105sk traci zawodnika, kt\u00f3ry mia\u0142 dawa\u0107 \u015brodkowi pola agresj\u0119, odpowiedzialno\u015b\u0107 w rozegraniu i mo\u017cliwo\u015b\u0107 grania pod presj\u0105. Mia\u0142 te\u017c przede wszystkim wspiera\u0107 Piotra Samca \u2013 Talara w konstruowaniu akcji ofensywnych.<\/p>\n<p>Przed derbami Ante Simundza sam przyznawa\u0142, \u017ce klub rozpocz\u0105\u0142 rozmowy o potrzebie uzupe\u0142nienia tej pozycji. Po spotkaniu z Widzewem pojawi\u0142o si\u0119 jednak przynajmniej troch\u0119 optymizmu.\u00a0<a href=\"https:\/\/wroclawskiefakty.pl\/eniss-shabani-w-slasku-wroclaw-ma-dodac-odwagi-w-srodku-pola\/\" rel=\"nofollow noopener\" target=\"_blank\">Eniss Shabani wszed\u0142 po przerwie i by\u0142 jednym z ludzi, kt\u00f3rzy kompletnie zmienili temperatur\u0119 tego meczu.<\/a> Nie tylko strzeli\u0142 gola na 3:3. By\u0142 aktywny, szuka\u0142 progresywnych poda\u0144, potrafi\u0142 dostarczy\u0107 pi\u0142k\u0119 mi\u0119dzy liniami i wygl\u0105da\u0142 na zawodnika, kt\u00f3ry chce wzi\u0105\u0107 na siebie odpowiedzialno\u015b\u0107. Ma na razie zaledwie 82 ligowe minuty, wi\u0119c og\u0142aszanie go ju\u017c teraz pe\u0142noprawnym nast\u0119pc\u0105 Mokrzyckiego by\u0142oby zdecydowanie przedwczesne. My\u015bl\u0119 jednak, \u017ce pierwszy powa\u017cniejszy sygna\u0142 wys\u0142a\u0142 pozytywny.<\/p>\n<p>Dobrze rozpocz\u0105\u0142 sezon Jorge Yriarte. Szczeg\u00f3lnie w Zabrzu rozegra\u0142 chyba najlepsze spotkanie od momentu przyj\u015bcia do \u015al\u0105ska. Wci\u0105\u017c jednak oczekiwa\u0142bym od niego wi\u0119kszej regularno\u015bci. W obecnym ustawieniu \u015brodek musi du\u017co biega\u0107, asekurowa\u0107 wahad\u0142a, przyspiesza\u0107 rozegranie i jednocze\u015bnie zabezpiecza\u0107 zesp\u00f3\u0142 po stracie. To wyj\u0105tkowo wymagaj\u0105ca rola, a po wypadni\u0119ciu Mokrzyckiego margines b\u0142\u0119du sta\u0142 si\u0119 jeszcze mniejszy.<\/p>\n<p>Nie\u017ale te\u017c na pocz\u0105tku sezonu prezentowa\u0142 si\u0119 Grzegorz Tomasiewicz. Spe\u0142nia\u0142 si\u0119 w roli faceta od czarnej roboty, kt\u00f3r\u0105 ma\u0142o kto dostrzega, a kt\u00f3ra jest szalenie istotna. Wczoraj jednak zabrak\u0142o koncentracji. <a href=\"https:\/\/x.com\/CANALPLUS_SPORT\/status\/2091245753800774077?s=20\" rel=\"nofollow\">Jego najlepsz\u0105 akcj\u0105 by\u0142a rozmowa w przerwie udzielona stacji Canal+ podczas kt\u00f3rej w brutalnie szczery spos\u00f3b wzi\u0105\u0142 na siebie odpowiedzialno\u015b\u0107 za jedn\u0105 ze straconych bramek.<\/a><\/p>\n<p><img loading=\"lazy\" decoding=\"async\" class=\"lg-object lg-image\" src=\"https:\/\/www.europesays.com\/pl\/wp-content\/uploads\/2026\/08\/c2cb8f8c-f749-f448-820a-eb5be7538c8b.jpeg\" alt=\"Ennis Shabani - \u015al\u0105sk Wroc\u0142aw\" width=\"1024\" height=\"681\" data-index=\"168\"\/>Fot. \u015al\u0105sk Wroc\u0142aw<br \/>\nNiemczycki daje co\u015b wi\u0119cej ni\u017c interwencje<\/p>\n<p>Jednym z cichszych pozytyw\u00f3w pocz\u0105tku sezonu jest Karol Niemczycki. Nie chodzi wy\u0142\u0105cznie o obronione strza\u0142y. Ju\u017c przeciwko Cracovii kilka jego interwencji pozwoli\u0142o \u015al\u0105skowi zachowa\u0107 czyste konto. R\u00f3wnie istotne jest jednak to, co daje przy rozpoczynaniu akcji.\u00a0W por\u00f3wnaniu z Micha\u0142em Szromnikiem wida\u0107 wi\u0119ksz\u0105 swobod\u0119 przy wprowadzaniu pi\u0142ki i wi\u0119ksz\u0105 gotowo\u015b\u0107 do grania kr\u00f3cej pod pressingiem. Przy zespole, kt\u00f3ry chce rozpoczyna\u0107 akcje od w\u0142asnej bramki i wyci\u0105ga\u0107 przeciwnika wy\u017cej, ma to du\u017ce znaczenie.<\/p>\n<p>Oczywi\u015bcie Niemczycki nie rozwi\u0105\u017ce problem\u00f3w ludzi stoj\u0105cych przed nim co z kolei powoduje, \u017ce te kr\u00f3tkie wprowadzenia pi\u0142ki czasem mocno podnosz\u0105 ci\u015bnienie kibicom \u015al\u0105ska. Jednak po pi\u0119ciu kolejkach trudno wskazywa\u0107 pozycj\u0119 bramkarza jako miejsce wymagaj\u0105ce interwencji.<\/p>\n<p>Takich miejsc jest gdzie indziej wystarczaj\u0105co du\u017co.<\/p>\n<p>Charakter jest. Nie mo\u017cna jednak ca\u0142ego sezonu gra\u0107 na adrenalinie<\/p>\n<p>Rak\u00f3w i Widzew pokaza\u0142y co\u015b, czego \u015al\u0105skowi odbiera\u0107 absolutnie nie mo\u017cna. Ta dru\u017cyna potrafi reagowa\u0107.\u00a0Z Rakowem odwr\u00f3ci\u0142a 0:1 w ostatnich minutach. Przeciwko Widzewowi podnios\u0142a si\u0119 z 0:2, p\u00f3\u017aniej z 1:3 i doprowadzi\u0142a do remisu.\u00a0To wa\u017cna cecha dla beniaminka, bo w Ekstraklasie wielokrotnie b\u0119d\u0105 pojawia\u0142y si\u0119 momenty, w kt\u00f3rych trzeba b\u0119dzie przetrwa\u0107 kryzys i wyszarpa\u0107 punkt mimo nieudanego meczu. Problem pojawia si\u0119 jednak wtedy, gdy heroiczny po\u015bcig zaczyna by\u0107 sposobem funkcjonowania.<\/p>\n<p>Nie da si\u0119 przez ca\u0142y sezon ratowa\u0107 spotka\u0144 w 87. czy 89. minucie. Nie mo\u017cna te\u017c co tydzie\u0144 liczy\u0107 na to, \u017ce Samiec-Talar wymy\u015bli jeszcze jedno genialne podanie. Oczekiwanie, \u017ce przeciwnicy b\u0119d\u0105 regularnie marnowa\u0107 okazje po b\u0142\u0119dach wroc\u0142awskiej defensywy te\u017c jest mocno ryzykowne i naiwne.<\/p>\n<p>\u015al\u0105sk potrzebuje wi\u0119cej kontroli.<\/p>\n<p>Liczby m\u00f3wi\u0105, \u017ce pi\u0119\u0107 punkt\u00f3w to mniej wi\u0119cej to, na co \u015al\u0105sk zas\u0142u\u017cy\u0142<\/p>\n<p>Ciekawe jest zestawienie oczekiwanych goli z pierwszych pi\u0119ciu spotka\u0144. Wed\u0142ug danych FotMob \u015al\u0105sk stworzy\u0142 \u0142\u0105cznie sytuacje warte oko\u0142o 6,84 xG, a dopu\u015bci\u0142 przeciwnik\u00f3w do oko\u0142o 7,98 xG. Rzeczywisty bilans wynosi 7:8. To niemal idealna zgodno\u015b\u0107.\u00a0Oczywi\u015bcie pi\u0119\u0107 spotka\u0144 to bardzo ma\u0142a pr\u00f3ba, a pojedyncze mecze potrafi\u0105 mocno zaburza\u0107 taki obraz. Rak\u00f3w wygenerowa\u0142 przeciwko \u015al\u0105skowi a\u017c 3,25 xG, podczas gdy G\u00f3rnik \u2013 mimo zwyci\u0119stwa \u2013 tylko 0,70. W szerszym uj\u0119ciu trudno jednak m\u00f3wi\u0107, \u017ce \u015al\u0105sk ma po pi\u0119ciu kolejkach pecha albo \u017ce tabela brutalnie go krzywdzi. Jedno zwyci\u0119stwo, dwa remisy i dwie pora\u017cki s\u0105 mniej wi\u0119cej zgodne z tym, jak ta dru\u017cyna dotychczas gra\u0142a.<\/p>\n<p>To powinno by\u0107 najwi\u0119kszym sygna\u0142em ostrzegawczym.<\/p>\n<p><img loading=\"lazy\" decoding=\"async\" class=\"lg-object lg-image\" src=\"https:\/\/www.europesays.com\/pl\/wp-content\/uploads\/2026\/08\/1a5d9211-cd81-087b-3cf2-b4e1bf486fa1.jpeg\" alt=\"Luka Marjanac \u015al\u0105sk Wroc\u0142aw\" width=\"1024\" height=\"681\" data-index=\"153\"\/>Fot. \u015al\u0105sk Wroc\u0142aw<br \/>\nCo trzeba zrobi\u0107? Transfery s\u0105 potrzebne, ale nie za\u0142atwi\u0105 wszystkiego<\/p>\n<p>Pierwszy wniosek jest oczywisty. \u015al\u0105sk musi jeszcze wej\u015b\u0107 na rynek transferowy.\u00a0Najpilniejszym ruchem powinno by\u0107 wzmocnienie lewego wahad\u0142a. Przy tym systemie potrzebny jest tam zawodnik szybki, dynamiczny i zdolny nie tylko do do\u015brodkowania, ale tak\u017ce do wygrywania pojedynk\u00f3w jeden na jednego.<\/p>\n<p>Drugi priorytet to \u015brodkowy obro\u0144ca. Najlepiej mobilny, dobrze czuj\u0105cy przestrze\u0144 za plecami i potrafi\u0105cy broni\u0107 agresywnie kilka metr\u00f3w przed w\u0142asnym polem karnym. \u015al\u0105sk nie potrzebuje kolejnego stopera, kt\u00f3rego najwi\u0119ksz\u0105 zalet\u0105 jest stanie we w\u0142asnej szesnastce. Potrzebuje zawodnika pozwalaj\u0105cego ca\u0142ej linii gra\u0107 wy\u017cej i odwa\u017cniej.<\/p>\n<p>Trzecim tematem pozostaje \u015brodek pola po kontuzji Mokrzyckiego. Shabani przeciwko Widzewowi da\u0142 bardzo ciekawy argument, \u017ceby dosta\u0107 wi\u0119ksz\u0105 rol\u0119. Jedno dobre wej\u015bcie nie powinno jednak sprawi\u0107, \u017ce klub przestanie rozgl\u0105da\u0107 si\u0119 za zabezpieczeniem tej pozycji. Mimo wszystko same transfery jednak nie wystarcz\u0105.<\/p>\n<p>Sztab musi uporz\u0105dkowa\u0107 zachowanie zespo\u0142u po stracie. Musi poprawi\u0107 komunikacj\u0119 w tr\u00f3jce stoper\u00f3w i zasady przekazywania zawodnik\u00f3w pomi\u0119dzy \u015brodkowym obro\u0144c\u0105 a wahad\u0142owym. \u015al\u0105sk musi te\u017c nauczy\u0107 si\u0119 gra\u0107 cierpliwiej przeciwko nisko ustawionemu przeciwnikowi. Mecz z Widzewem bole\u015bnie pokaza\u0142, \u017ce samo posiadanie przewagi liczebnej nie oznacza jeszcze umiej\u0119tno\u015bci jej wykorzystania.<\/p>\n<p>Koniecznie trzeba te\u017c znale\u017a\u0107 spos\u00f3b, by wi\u0119ksz\u0105 cz\u0119\u015b\u0107 ci\u0119\u017caru ofensywnego zdj\u0105\u0107 z bark\u00f3w Samca-Talara. Demb\u00e9l\u00e9 ma jako\u015b\u0107 i ju\u017c pokaza\u0142 j\u0105 w kilku akcjach. Banaszak potrafi by\u0107 skuteczny w polu karnym. Shabani mo\u017ce zwi\u0119kszy\u0107 kreatywno\u015b\u0107 drugiej linii. Marjanac ma dobre momenty, cho\u0107 nadal za cz\u0119sto przegrywa z w\u0142asnym pierwszym kontaktem z pi\u0142k\u0105. Potencja\u0142 z przodu jest. Trzeba tylko sprawi\u0107, by przesta\u0142 by\u0107 zbiorem indywidualnych przeb\u0142ysk\u00f3w, a zacz\u0105\u0142 funkcjonowa\u0107 jako system.<\/p>\n<p>Na razie bez paniki. Ale czerwona lampka ju\u017c si\u0119 \u015bwieci<\/p>\n<p>Pi\u0119\u0107 kolejek to zdecydowanie za ma\u0142o, \u017ceby wydawa\u0107 ostateczne wyroki.\u00a0\u015al\u0105sk nie wygl\u0105da jak dru\u017cyna ca\u0142kowicie bezradna. Potrafi\u0142 by\u0107 r\u00f3wnorz\u0119dnym rywalem dla mocnych przeciwnik\u00f3w, pokona\u0142 Rak\u00f3w, ma jednego z najlepszych pi\u0142karzy pocz\u0105tku sezonu w osobie Samca-Talara, solidnego bramkarza i kilku zawodnik\u00f3w, po kt\u00f3rych mo\u017cna oczekiwa\u0107 dalszego rozwoju. Nie wygl\u0105da jednak r\u00f3wnie\u017c jak zesp\u00f3\u0142, kt\u00f3remu wystarczy ju\u017c tylko czas.<\/p>\n<p>Mecz z Widzewem powinien by\u0107 dla w\u0142adz klubu gigantyczn\u0105 czerwon\u0105 flag\u0105. Je\u017celi rywal gra przez ponad 80 minut w dziesi\u0119ciu, a mimo to strzela trzy gole. Do tego przez wi\u0119ksz\u0105 cz\u0119\u015b\u0107 spotkania wygl\u0105da lepiej pi\u0142karsko, to mamy tu problem, kt\u00f3rego nie mo\u017cna zamkn\u0105\u0107 stwierdzeniem o s\u0142abszym dniu. \u015al\u0105sk Wroc\u0142aw rozpaczliwie potrzebuje wi\u0119cej jako\u015bci. Szczeg\u00f3lnie w defensywie. Pi\u0119\u0107 punkt\u00f3w po pi\u0119ciu kolejkach nie jest jeszcze powodem do alarmu. Spos\u00f3b, w jaki \u015al\u0105sk te pi\u0119\u0107 punkt\u00f3w zdoby\u0142 albo pow\u00f3d, przez kt\u00f3ry nie zdoby\u0142 ich wi\u0119cej jest ju\u017c mocno niepokoj\u0105cy.<\/p>\n<p>Piotr Samiec-Talar mo\u017ce przez jaki\u015b czas d\u017awiga\u0107 t\u0119 dru\u017cyn\u0119 na swoich plecach. Dobrze by\u0142oby jednak nie sprawdza\u0107, ile jego plecy s\u0105 w stanie wytrzyma\u0107.<\/p>\n<p>\u00a0<\/p>\n","protected":false},"excerpt":{"rendered":"Pi\u0119\u0107 mecz\u00f3w, pi\u0119\u0107 punkt\u00f3w, siedem strzelonych i osiem straconych bramek. Na pierwszy rzut oka bilans \u015al\u0105ska Wroc\u0142aw po&hellip;\n","protected":false},"author":2,"featured_media":644061,"comment_status":"","ping_status":"","sticky":false,"template":"","format":"standard","meta":{"footnotes":"","_share_on_mastodon":"0"},"categories":[51607],"tags":[22070,274,126293,51401,42,38,40,39,41,697,2817,1853],"class_list":["post-644060","post","type-post","status-publish","format-standard","has-post-thumbnail","category-wroclaw","tag-ante-simundza","tag-ekstraklasa","tag-ennis-shabani","tag-piotr-samiec-talar","tag-pl","tag-poland","tag-polish","tag-polska","tag-polski","tag-slask-wroclaw","tag-transfery","tag-wroclaw"],"share_on_mastodon":{"url":"https:\/\/pubeurope.com\/@pl\/117152802407669548","error":""},"_links":{"self":[{"href":"https:\/\/www.europesays.com\/pl\/wp-json\/wp\/v2\/posts\/644060","targetHints":{"allow":["GET"]}}],"collection":[{"href":"https:\/\/www.europesays.com\/pl\/wp-json\/wp\/v2\/posts"}],"about":[{"href":"https:\/\/www.europesays.com\/pl\/wp-json\/wp\/v2\/types\/post"}],"author":[{"embeddable":true,"href":"https:\/\/www.europesays.com\/pl\/wp-json\/wp\/v2\/users\/2"}],"replies":[{"embeddable":true,"href":"https:\/\/www.europesays.com\/pl\/wp-json\/wp\/v2\/comments?post=644060"}],"version-history":[{"count":0,"href":"https:\/\/www.europesays.com\/pl\/wp-json\/wp\/v2\/posts\/644060\/revisions"}],"wp:featuredmedia":[{"embeddable":true,"href":"https:\/\/www.europesays.com\/pl\/wp-json\/wp\/v2\/media\/644061"}],"wp:attachment":[{"href":"https:\/\/www.europesays.com\/pl\/wp-json\/wp\/v2\/media?parent=644060"}],"wp:term":[{"taxonomy":"category","embeddable":true,"href":"https:\/\/www.europesays.com\/pl\/wp-json\/wp\/v2\/categories?post=644060"},{"taxonomy":"post_tag","embeddable":true,"href":"https:\/\/www.europesays.com\/pl\/wp-json\/wp\/v2\/tags?post=644060"}],"curies":[{"name":"wp","href":"https:\/\/api.w.org\/{rel}","templated":true}]}}