{"id":644130,"date":"2026-08-24T22:59:21","date_gmt":"2026-08-24T22:59:21","guid":{"rendered":"https:\/\/www.europesays.com\/pl\/644130\/"},"modified":"2026-08-24T22:59:21","modified_gmt":"2026-08-24T22:59:21","slug":"wspolna-lista-prawicy-doradca-karola-nawrockiego-nie-ma-zludzen","status":"publish","type":"post","link":"https:\/\/www.europesays.com\/pl\/644130\/","title":{"rendered":"Wsp\u00f3lna lista prawicy? Doradca Karola Nawrockiego nie ma z\u0142udze\u0144"},"content":{"rendered":"<p>Przypomnijmy, \u017ce 41-latek po zako\u0144czeniu kariery sportowej, podczas kt\u00f3rej zdobywa\u0142 z\u0142oto mistrzostw \u015bwiata i mistrzostw Europy, wszed\u0142 w \u015bwiat polityki.<\/p>\n<p>Dalszy ci\u0105g artyku\u0142u pod materia\u0142em wideo<\/p>\n<p>Najpierw Mo\u017cd\u017conek oficjalnie popar\u0142 kandydatur\u0119 S\u0142awomira Mentzena w wyborach prezydenckich i do\u0142\u0105czy\u0142 do Konfederacji, a nast\u0119pnie, w marcu bie\u017c\u0105cego roku, zosta\u0142 oficjalnie powo\u0142any na doradc\u0119 w Prezydenckiej Radzie ds. Klimatu i \u015arodowiska.<\/p>\n<p>\u2014 To jest niemo\u017cliwe. To jest jaka\u015b mrzonka. Jest za du\u017co niuans\u00f3w, za du\u017co akcent\u00f3w porozk\u0142adanych na r\u00f3\u017cne strony, \u017ceby p\u00f3j\u015b\u0107 w jednej li\u015bcie \u2014 stwierdzi\u0142 Mo\u017cd\u017conek.<\/p>\n<p>Marcin Mo\u017cd\u017conek wprost: elektoraty si\u0119 nie sumuj\u0105<\/p>\n<p>\u2014 Zreszt\u0105, pomys\u0142 uwa\u017cam za fatalny, poniewa\u017c cz\u0119sto komentatorzy sugeruj\u0105 si\u0119 tym, \u017ce PiS tyle, Konfederacja tyle, Konfederacja Grzegorza Brauna, jeszcze Morawiecki, jeszcze mo\u017ce kto\u015b tam zaraz dojdzie i jak to si\u0119 zsumuje, to b\u0119dzie tyle procent. Ale elektoraty si\u0119 nie sumuj\u0105, bo dlatego ludzie g\u0142osuj\u0105 na poszczeg\u00f3lne partie, dlatego g\u0142osuj\u0105 na Konfederacj\u0119, a nie Prawo i Sprawiedliwo\u015b\u0107, bo oczekuj\u0105 innych rezultat\u00f3w \u2014 doda\u0142.<\/p>\n<p>Chodzi o pojawiaj\u0105cy si\u0119 w debacie publicznej pomys\u0142 stworzenia przed wyborami jednej wsp\u00f3lnej listy ugrupowa\u0144 po prawej stronie sceny politycznej. W takim wariancie mia\u0142yby si\u0119 znale\u017a\u0107 m.in. Prawo i Sprawiedliwo\u015b\u0107, Konfederacja, \u015brodowisko Grzegorza Brauna oraz ewentualnie inne prawicowe formacje.<\/p>\n<p>&gt;&gt;&gt; <a href=\"https:\/\/wiadomosci.onet.pl\/kraj\/wspolna-lista-pis-konfederacji-i-rozwoju-plus-jasne-wskazanie-polakow-sondaz\/b192440\" id=\"6341a9b5-e44f-43b0-a666-c90d64e3efc2\" rel=\"nofollow noopener\" target=\"_blank\">Polacy zag\u0142osuj\u0105 na list\u0119 PiS, Konfederacji i Rozwoju Plus? Jest sonda\u017c<\/a> &lt;&lt;&lt;<\/p>\n","protected":false},"excerpt":{"rendered":"Przypomnijmy, \u017ce 41-latek po zako\u0144czeniu kariery sportowej, podczas kt\u00f3rej zdobywa\u0142 z\u0142oto mistrzostw \u015bwiata i mistrzostw Europy, wszed\u0142 w&hellip;\n","protected":false},"author":2,"featured_media":644131,"comment_status":"","ping_status":"","sticky":false,"template":"","format":"standard","meta":{"footnotes":"","_share_on_mastodon":"0"},"categories":[62712],"tags":[61195,690,15362,48,129,46,47,131,130],"class_list":["post-644130","post","type-post","status-publish","format-standard","has-post-thumbnail","category-karol-nawrocki","tag-bottomfeed_styl","tag-karol-nawrocki","tag-marcin_mozdzonek","tag-nat_styl","tag-ofsajd","tag-omp","tag-screening_general","tag-siatkowka","tag-wiadomosci_sportowe"],"share_on_mastodon":{"url":"https:\/\/pubeurope.com\/@pl\/117152970452246635","error":""},"_links":{"self":[{"href":"https:\/\/www.europesays.com\/pl\/wp-json\/wp\/v2\/posts\/644130","targetHints":{"allow":["GET"]}}],"collection":[{"href":"https:\/\/www.europesays.com\/pl\/wp-json\/wp\/v2\/posts"}],"about":[{"href":"https:\/\/www.europesays.com\/pl\/wp-json\/wp\/v2\/types\/post"}],"author":[{"embeddable":true,"href":"https:\/\/www.europesays.com\/pl\/wp-json\/wp\/v2\/users\/2"}],"replies":[{"embeddable":true,"href":"https:\/\/www.europesays.com\/pl\/wp-json\/wp\/v2\/comments?post=644130"}],"version-history":[{"count":0,"href":"https:\/\/www.europesays.com\/pl\/wp-json\/wp\/v2\/posts\/644130\/revisions"}],"wp:featuredmedia":[{"embeddable":true,"href":"https:\/\/www.europesays.com\/pl\/wp-json\/wp\/v2\/media\/644131"}],"wp:attachment":[{"href":"https:\/\/www.europesays.com\/pl\/wp-json\/wp\/v2\/media?parent=644130"}],"wp:term":[{"taxonomy":"category","embeddable":true,"href":"https:\/\/www.europesays.com\/pl\/wp-json\/wp\/v2\/categories?post=644130"},{"taxonomy":"post_tag","embeddable":true,"href":"https:\/\/www.europesays.com\/pl\/wp-json\/wp\/v2\/tags?post=644130"}],"curies":[{"name":"wp","href":"https:\/\/api.w.org\/{rel}","templated":true}]}}