{"id":644204,"date":"2026-08-24T23:55:20","date_gmt":"2026-08-24T23:55:20","guid":{"rendered":"https:\/\/www.europesays.com\/pl\/644204\/"},"modified":"2026-08-24T23:55:20","modified_gmt":"2026-08-24T23:55:20","slug":"to-piekne-imie-nosi-tylko-19-polek-znane-z-serii-ksiazek-ktorych-adaptacje-zgarnely-17-oscarow","status":"publish","type":"post","link":"https:\/\/www.europesays.com\/pl\/644204\/","title":{"rendered":"To pi\u0119kne imi\u0119 nosi tylko 19 Polek. Znane z serii ksi\u0105\u017cek, kt\u00f3rych adaptacje zgarn\u0119\u0142y 17 Oscar\u00f3w"},"content":{"rendered":"<ul class=\"list-summary__items summary\">\n<li>Arwena &#8211; imi\u0119 z tw\u00f3rczo\u015bci Tolkiena nosi w Polsce przez 19 os\u00f3b.<\/li>\n<li>Ma bardzo pi\u0119kne znaczenie, chocia\u017c pochodzi z fikcyjnego j\u0119zyka.\u00a0<\/li>\n<li>Mimo \u017ce jest rzadkie, Polacy nazywaj\u0105 nim swoje c\u00f3rki.\u00a0<\/li>\n<\/ul>\n<p>        \t\t<a name=\"eztoc20208245_0_1\" id=\"eztoc20208245_0_1\"\/>Arwena &#8211; <a href=\"https:\/\/www.antyradio.pl\/news\/to-piekne-imie-jest-uwielbiane-przez-polakow-rozslawila-je-swiatowa-literatura\" target=\"_blank\" rel=\"dofollow noopener\">imi\u0119<\/a> z tw\u00f3rczo\u015bci Tolkiena. W Polsce nosi je 19 os\u00f3b<\/p>\n<p>Niekt\u00f3re imiona s\u0105 tak mocno zwi\u0105zane z literatur\u0105, \u017ce niemal od razu przywo\u0142uj\u0105 konkretn\u0105 posta\u0107. Tak jest w przypadku Arweny, imienia stworzonego przez <a href=\"https:\/\/www.antyradio.pl\/filmy-i-seriale\/filmy\/tolkien-nie-cierpial-diuny-wyrazil-sie-jasno-nieszczesny-przypadek\" target=\"_blank\" rel=\"dofollow noopener\">J.R.R. Tolkiena<\/a> na potrzeby jego \u015bwiata przedstawionego.<\/p>\n<p>&#13;<\/p>\n<p>&#13;<\/p>\n<p>    Quiz: Szybki quiz z klasyki literatury. Polaku, znasz te s\u0142ynne ksi\u0105\u017cki? <\/p>\n<p>                                    <img decoding=\"async\" src=\"https:\/\/www.europesays.com\/pl\/wp-content\/uploads\/2026\/08\/6a86958db0bd51b2d7604e24.jpg\" alt=\"betaktas\/Shutterstock\"\/><\/p>\n<p>W Polsce pozostaje ono prawdziw\u0105 rzadko\u015bci\u0105, bo nosi je zaledwie 19 kobiet. Co oznacza to pi\u0119knie brzmi\u0105ce <a href=\"https:\/\/www.antyradio.pl\/news\/to-piekne-imie-podbija-polske-pochodzi-ze-starozytnego-rzymu\" target=\"_blank\" rel=\"dofollow noopener\">imi\u0119<\/a>? Kim by\u0142a posta\u0107, kt\u00f3re je nosi\u0142a?\u00a0<\/p>\n<p>                                                    <a href=\"https:\/\/www.antyradio.pl\/news\/polacy-mysla-ze-to-dawnoslowianskie-imie-wymyslil-je-polski-kronikarz\" title=\"Polacy my\u015bl\u0105, \u017ce to dawnos\u0142owia\u0144skie imi\u0119. Wymy\u015bli\u0142 je polski kronikarz\" class=\"image__url margin__bottom__desktop--20\" id=\"LinkArea:LB_405790\" target=\"_self\" rel=\"nofollow noopener\"><\/p>\n<p>\t\t\t<img loading=\"lazy\" decoding=\"async\" data-ot-ignore=\"\" class=\"lazyload  cbz_image-view__img\" src=\"https:\/\/www.europesays.com\/pl\/wp-content\/uploads\/2026\/08\/2248810-160x160-bb5dcec04b.jpg\" data-width=\"160\" data-height=\"160\" width=\"160\" height=\"160\" alt=\"Wincenty Kad\u0142ubek - Aleksander Lesser\" data- title=\"Wincenty Kad\u0142ubek - Aleksander Lesser\" data-portal-copyright=\"Wikimedia Commons\/domena publiczna\" fetchpriority=\"auto\"\/><\/p>\n<p>\t            <\/a><\/p>\n<p>                                                    <a href=\"https:\/\/www.antyradio.pl\/news\/to-szlachetne-imie-nosza-tylko-143-polki-jak-z-kultowej-bajki-disneya\" title=\"To \u201eszlachetne\u201d imi\u0119 nosz\u0105 tylko 143 Polki. Jak z kultowej bajki Disneya\" class=\"image__url margin__bottom__desktop--20\" id=\"LinkArea:LB_406870\" target=\"_self\" rel=\"nofollow noopener\"><\/p>\n<p>\t\t\t<img loading=\"lazy\" decoding=\"async\" data-ot-ignore=\"\" class=\"lazyload  cbz_image-view__img\" src=\"https:\/\/www.europesays.com\/pl\/wp-content\/uploads\/2026\/08\/2443060-160x160-c5ddb55f76.png\" data-width=\"160\" data-height=\"160\" width=\"160\" height=\"160\" alt=\"Kobieta z d\u0142ugimi, prostymi w\u0142osami u\u015bmiecha si\u0119, siedz\u0105c w zielonym otoczeniu.\" data- title=\"Kobieta - materia\u0142 pogl\u0105dowy\" data-portal-copyright=\"Roman Samborskyi\/Shutterstock\" fetchpriority=\"auto\"\/><\/p>\n<p>\t            <\/a><\/p>\n<p>\t\t    <a name=\"eztoc20208245_0_2\" id=\"eztoc20208245_0_2\"\/>Arwena &#8211; co oznacza imi\u0119 postaci z\u00a0&#8222;W\u0142adcy Pier\u015bcieni&#8221;?<\/p>\n<p>Arwena jest jedn\u0105 z najwa\u017cniejszych kobiecych postaci &#8222;W\u0142adcy Pier\u015bcieni&#8221;. Popularno\u015b\u0107 tej historii to nie tylko <a href=\"https:\/\/www.antyradio.pl\/news\/to-elfickie-imie-staje-sie-w-polsce-hitem-rozslawila-je-swiatowa-literatura\" target=\"_blank\" rel=\"dofollow noopener\">literacka<\/a> klasyka fantasy, ale r\u00f3wnie\u017c niezapomniana filmowa trylogia Petera Jacksona. Ale co w og\u00f3le oznacza imi\u0119 Arwena?<\/p>\n<p>Arwena jest imieniem pochodz\u0105cym z wymy\u015blonego przez Tolkiena j\u0119zyka sindarin, u\u017cywanego przez elfy w <a href=\"https:\/\/www.antyradio.pl\/filmy-i-seriale\/filmy\/fan-wladcy-pierscieni-zdobedzie-100-punktow-w-tym-specjalnym-quizie\" target=\"_blank\" rel=\"dofollow noopener\">\u015ar\u00f3dziemiu<\/a>. Tolkien nada\u0142 mu znaczenie &#8222;szlachetna panna&#8221; lub &#8222;kr\u00f3lewska pana&#8221;. Imi\u0119 nie powsta\u0142o jednak od razu w znanej dzi\u015b formie. W roboczych wersjach &#8222;W\u0142adcy Pier\u015bcieni&#8221; Tolkien nadawa\u0142 bohaterce inne imiona, zanim ostatecznie zdecydowa\u0142 si\u0119 na Arwen.<\/p>\n<p>                <img decoding=\"async\" src=\"https:\/\/www.europesays.com\/pl\/wp-content\/uploads\/2026\/08\/2459645.jpg\" alt=\"Arwena - Anna Kulisz\" class=\"lazyload\" data-portal-copyright=\"Materia\u0142y prasowe\" data-width=\"500\" data-height=\"707\"\/><\/p>\n<p>                                            fot.<br \/>\n                            rysowania.deviantart.com\/materia\u0142y prasowe<br \/>\n                                                            \/ Arwena &#8211; Anna Kulisz\n                                    <\/p>\n<p>Arwena nosi tak\u017ce przydomek Und\u00f3miel, kt\u00f3ry w j\u0119zyku quenya oznacza &#8222;Wieczorna Gwiazda&#8221;. Jest to okre\u015blenie symboliczne &#8211; Arwena zostaje przedstawiona jako jedna z najpi\u0119kniejszych przedstawicielek ostatniego pokolenia elf\u00f3w w \u015ar\u00f3dziemiu.\u00a0<\/p>\n<p>                                                    <a href=\"https:\/\/www.antyradio.pl\/news\/to-imie-nosi-tylko-10-polakow-hold-zlozony-legendzie-metalu\" title=\"To imi\u0119 nosi tylko 10 Polak\u00f3w. Ho\u0142d z\u0142o\u017cony legendzie metalu?\" class=\"image__url margin__bottom__desktop--20\" id=\"LinkArea:LB_406125\" target=\"_self\" rel=\"nofollow noopener\"><\/p>\n<p>\t\t\t<img loading=\"lazy\" decoding=\"async\" data-ot-ignore=\"\" class=\"lazyload  cbz_image-view__img\" src=\"https:\/\/www.europesays.com\/pl\/wp-content\/uploads\/2026\/08\/2418265-160x160-597045777f.jpg\" data-width=\"160\" data-height=\"160\" width=\"160\" height=\"160\" alt=\"Dziecko - materia\u0142 pogl\u0105dowy\" data- title=\"Dziecko - materia\u0142 pogl\u0105dowy\" data-portal-copyright=\"ENIO ENGENHEIRO\/Pexels\" fetchpriority=\"auto\"\/><\/p>\n<p>\t            <\/a><\/p>\n<p>                                                    <a href=\"https:\/\/www.antyradio.pl\/news\/polacy-mysla-ze-to-odpowiednik-polskiego-imienia-spopularyzowala-je-slynna-ksiazka\" title=\"Polacy my\u015bl\u0105, \u017ce to odpowiednik polskiego imienia. Spopularyzowa\u0142a je s\u0142ynna ksi\u0105\u017cka\" class=\"image__url margin__bottom__desktop--20\" id=\"LinkArea:LB_406025\" target=\"_self\" rel=\"nofollow noopener\"><\/p>\n<p>\t\t\t<img loading=\"lazy\" decoding=\"async\" data-ot-ignore=\"\" class=\"lazyload  cbz_image-view__img\" src=\"https:\/\/www.europesays.com\/pl\/wp-content\/uploads\/2026\/08\/2413015-160x160-e5f2a63501.jpg\" data-width=\"160\" data-height=\"160\" width=\"160\" height=\"160\" alt=\"James Matthew Barrie\" data- title=\"James Matthew Barrie\" data-portal-copyright=\"Wikimedia Commons\/domena publiczna\" fetchpriority=\"auto\"\/><\/p>\n<p>\t            <\/a><\/p>\n<p>\t\t    <a name=\"eztoc20208245_0_3\" id=\"eztoc20208245_0_3\"\/>Arwena &#8211; kim by\u0142a posta\u0107 z\u00a0&#8222;W\u0142adcy Pier\u015bcieni&#8221;?<\/p>\n<p>Arwena by\u0142a najm\u0142odszym dzieckiem Elronda &#8211; w\u0142adcy Rivendell, oraz Celebr\u00edany, c\u00f3rki Galadrieli. Mia\u0142a dw\u00f3ch starszych braci, bli\u017aniak\u00f3w Elladana i Elrohira, a sama, mimo \u017ce podobnie jak jej ojciec by\u0142a p\u00f3\u0142-elfk\u0105, nale\u017ca\u0142a do najwa\u017cniejszych <a href=\"https:\/\/www.antyradio.pl\/news\/Slynna-swiateczna-komedia-zainspirowala-wzruszajace-spotkanie-rodzinne-WIDEO-45167\" target=\"_blank\" rel=\"dofollow noopener\">elf\u00f3w<\/a> \u017cyj\u0105cych pod koniec Trzeciej Ery.<\/p>\n<p>Najwa\u017cniejsz\u0105 cz\u0119\u015bci\u0105 jej historii jest mi\u0142o\u015b\u0107 do <a href=\"https:\/\/www.antyradio.pl\/filmy-i-seriale\/filmy\/zapomniana-perelka-lat-90-z-szokujaca-fabula-filmowy-aragorn-gra-tu-diabla\" target=\"_blank\" rel=\"dofollow noopener\">Aragorna<\/a>. Para spotka\u0142a si\u0119 po raz pierwszy w Rivendell, gdy Aragorn by\u0142 jeszcze m\u0142ody, a ich relacja nawi\u0105zuje do historii Beren i L\u00fathien &#8211; jednej z najwa\u017cniejszych opowie\u015bci o mi\u0142o\u015bci ludzi i elf\u00f3w w mitologii Tolkiena. Arwena decyduje si\u0119 ostatecznie porzuci\u0107 nie\u015bmiertelno\u015b\u0107 w\u0142a\u015bciw\u0105 elfom i zosta\u0107 \u015bmierteln\u0105, aby po\u0142\u0105czy\u0107 swoje losy z Aragornem.<\/p>\n<p>Po zwyci\u0119stwie nad Sauronem Arwena zostaje \u017con\u0105 Aragorna i kr\u00f3low\u0105 Zjednoczonego Kr\u00f3lestwa Gondoru i Arnoru.\u00a0Jej historia jest wi\u0119c czym\u015b wi\u0119cej ni\u017c romantycznym w\u0105tkiem pobocznym &#8211; wi\u0105\u017ce si\u0119 z jednym z najwa\u017cniejszych motyw\u00f3w ca\u0142ej tw\u00f3rczo\u015bci Tolkiena, czyli wyborem mi\u0119dzy nie\u015bmiertelno\u015bci\u0105 a \u017cyciem \u015bmiertelnym.<\/p>\n<p>                                                    <a href=\"https:\/\/www.antyradio.pl\/news\/to-rzadkie-w-polsce-imie-wywodzi-sie-ze-starozytnosci-rozslawil-je-slynny-pisarz\" title=\"To rzadkie w Polsce imi\u0119 wywodzi si\u0119 ze staro\u017cytno\u015bci. Rozs\u0142awi\u0142 je s\u0142ynny pisarz \" class=\"image__url margin__bottom__desktop--20\" id=\"LinkArea:LB_406105\" target=\"_self\" rel=\"nofollow noopener\"><\/p>\n<p>\t\t\t<img loading=\"lazy\" decoding=\"async\" data-ot-ignore=\"\" class=\"lazyload  cbz_image-view__img\" src=\"https:\/\/www.europesays.com\/pl\/wp-content\/uploads\/2026\/08\/2417475-160x160-99b50b6e83.jpg\" data-width=\"160\" data-height=\"160\" width=\"160\" height=\"160\" alt=\"Oscar Wilde\" data- title=\"Oscar Wilde\" data-portal-copyright=\"Wikimedia Commons\/domena publiczna\" fetchpriority=\"auto\"\/><\/p>\n<p>\t            <\/a><\/p>\n<p>                                                    <a href=\"https:\/\/www.antyradio.pl\/news\/to-biblijne-imie-nosi-tylko-247-osob-w-polsce-nie-uwierzysz-co-oznacza\" title=\"To biblijne imi\u0119 nosi tylko 247 os\u00f3b w Polsce. Nie uwierzysz, co oznacza\" class=\"image__url margin__bottom__desktop--20\" id=\"LinkArea:LB_407255\" target=\"_self\" rel=\"nofollow noopener\"><\/p>\n<p>\t\t\t<img loading=\"lazy\" decoding=\"async\" data-ot-ignore=\"\" class=\"lazyload  cbz_image-view__img\" src=\"https:\/\/www.europesays.com\/pl\/wp-content\/uploads\/2026\/08\/2447135-160x160-6600c0f82d.png\" data-width=\"160\" data-height=\"160\" width=\"160\" height=\"160\" alt=\"Dziecko le\u017cy na brzuchu, z powa\u017cnym wyrazem twarzy, na jasnym tle.\" data- title=\"Dziecko - materia\u0142 pogl\u0105dowy\" data-portal-copyright=\"Maples Images\/Shutterstock\" fetchpriority=\"auto\"\/><\/p>\n<p>\t            <\/a><\/p>\n<p>\t\t    <a name=\"eztoc20208245_0_4\" id=\"eztoc20208245_0_4\"\/>Filmowa wersja\u00a0&#8222;W\u0142adcy Pier\u015bcieni&#8221; spopularyzowa\u0142a imi\u0119 Arwena<\/p>\n<p>Dla milion\u00f3w widz\u00f3w Arwena jest do dzi\u015b kojarzona z Liv Tyler, kt\u00f3ra wcieli\u0142a si\u0119 w t\u0119 posta\u0107 w filmowej trylogii Petera Jacksona. Cho\u0107 ekranowa wersja bohaterki r\u00f3\u017cni si\u0119 w kilku szczeg\u00f3\u0142ach od tej znanej z ksi\u0105\u017cek, jej rola zosta\u0142a w filmach znacznie rozbudowana.<\/p>\n<p>Trylogia &#8222;W\u0142adcy Pier\u015bcieni&#8221; okaza\u0142a si\u0119 jednym z najwi\u0119kszych sukces\u00f3w w historii kina. <a href=\"https:\/\/www.antyradio.pl\/filmy-i-seriale\/filmy\/netflix-ma-u-siebie-najlepsza-trylogie-w-historii-17-oscarow-i-458-innych-nagrod\" target=\"_blank\" rel=\"dofollow noopener\">Trzy filmy zdoby\u0142y razem 17 Oscar\u00f3w na 30 nominacji, a &#8222;Powr\u00f3t kr\u00f3la&#8221; jako jedyna cz\u0119\u015b\u0107 serii wygra\u0142 we wszystkich &#8211; a\u017c 11 kategoriach<\/a>, w kt\u00f3rych otrzyma\u0142 nominacj\u0119.<\/p>\n<p><a name=\"eztoc20208245_0_5\" id=\"eztoc20208245_0_5\"\/>Arwena &#8211; w 2025 roku nazwano tak dwie dziewczynki z Polski\u00a0\u00a0<\/p>\n<p>Dzi\u0119ki filmom imi\u0119 Arwena wysz\u0142o daleko poza \u015brodowisko fan\u00f3w fantasy. Dzi\u015b jest rozpoznawalne tak\u017ce przez osoby, kt\u00f3re nigdy nie przeczyta\u0142y <a href=\"https:\/\/www.antyradio.pl\/news\/polacy-mysla-ze-to-odpowiednik-polskiego-imienia-spopularyzowala-je-slynna-ksiazka\" target=\"_blank\" rel=\"dofollow noopener\">ksi\u0105\u017cek<\/a> Tolkiena, a dla wielu pozostaje jednym z najbardziej charakterystycznych imion ze \u015bwiata \u015ar\u00f3dziemia.\u00a0<\/p>\n<p>                <img decoding=\"async\" src=\"https:\/\/www.europesays.com\/pl\/wp-content\/uploads\/2026\/08\/2459635.png\" alt=\"Arwena - informacje o imieniu\" class=\"lazyload\" data-portal-copyright=\"Screen\" data-width=\"615\" data-height=\"664\"\/><\/p>\n<p>                                            fot.<br \/>\n                            print screen z imio.info.pl<br \/>\n                                                            \/ Arwena &#8211; informacje o imieniu\n                                    <\/p>\n<p>Popkulturowa popularno\u015b\u0107 sprawi\u0142a, \u017ce zacz\u0119to nim nazywa\u0107 dziewczynki, r\u00f3wnie\u017c w Polsce. Wed\u0142ug serwisu Imio.info.pl Arwena znajduje si\u0119 na 1535. miejscu rankingu powszechno\u015bci. W naszym kraju nosi je zaledwie 19 kobiet.<\/p>\n<p>W 2025 roku nazwano tak 2 dziewczynki, co da\u0142o Arwenie 657. miejsce w rankingu popularno\u015bci nada\u0144 imion. To niewiele w por\u00f3wnaniu z najpopularniejszymi imionami, ale pokazuje, \u017ce rodzice w Polsce rzeczywi\u015bcie si\u0119gaj\u0105 po imi\u0119 znane z tw\u00f3rczo\u015bci Tolkiena.\u00a0Arwena pozostaje wi\u0119c jednym z najrzadszych, a zarazem najbardziej rozpoznawalnych literackich imion.\u00a0<\/p>\n<p>\u0179r\u00f3d\u0142o: Antyradio\/imio.info.pl\/wikipedia.org<\/p>\n<p>Dzi\u0119kujemy za przeczytanie artyku\u0142u do ko\u0144ca! Po wi\u0119cej informacji zach\u0119camy do odwiedzenia naszego<a href=\"https:\/\/www.facebook.com\/antyradio\" target=\"_self\" rel=\"dofollow noopener\">\u00a0Facebooka<\/a>,<a href=\"https:\/\/twitter.com\/Antyradiopl\" target=\"_self\" rel=\"dofollow noopener\">\u00a0Twittera<\/a>,<a href=\"https:\/\/www.tiktok.com\/@antyradio\" target=\"_self\" rel=\"dofollow noopener\">\u00a0TikToka<\/a>\u00a0i<a href=\"https:\/\/www.instagram.com\/antyradio\/\" target=\"_self\" rel=\"dofollow noopener\">\u00a0Instagrama<\/a>. \u017beby pos\u0142ucha\u0107, co teraz gramy, kliknij w poni\u017cszy baner!<\/p>\n<p>                    <a href=\"https:\/\/player.antyradio.pl\/\" target=\"_blank\" rel=\"follow nofollow noopener\"><\/p>\n<p>                <img decoding=\"async\" src=\"https:\/\/www.europesays.com\/pl\/wp-content\/uploads\/2026\/08\/1787615720_190_2440360.jpg\" alt=\"Grafika w czerwonym tle z napisem \u201eW\u0142\u0105cz i pos\u0142uchaj\u201d oraz logo Antyradio. Przyciski odtwarzania.\" class=\"lazyload\" data-portal-copyright=\"Antyradio\" data-width=\"750\" data-height=\"371\"\/><\/p>\n<p>                        <\/a><\/p>\n<p>    \t\t\t\t\t\t<script async src=\"https:\/\/platform.twitter.com\/widgets.js\" charset=\"utf-8\"><\/script><script async src=\"\/\/www.instagram.com\/embed.js\"><\/script><script async src=\"\/\/www.tiktok.com\/embed.js\"><\/script><\/p>\n","protected":false},"excerpt":{"rendered":"Arwena &#8211; imi\u0119 z tw\u00f3rczo\u015bci Tolkiena nosi w Polsce przez 19 os\u00f3b. Ma bardzo pi\u0119kne znaczenie, chocia\u017c pochodzi&hellip;\n","protected":false},"author":2,"featured_media":644205,"comment_status":"","ping_status":"","sticky":false,"template":"","format":"standard","meta":{"footnotes":"","_share_on_mastodon":"0"},"categories":[20],"tags":[208,397,120137,9355,120,118,119,25,1125,42,38,40,39,41,116,114,115,121,117,53985],"class_list":["post-644204","post","type-post","status-publish","format-standard","has-post-thumbnail","category-nauka-i-technika","tag-ciekawostki","tag-filmy","tag-j-r-r-tolkien","tag-ksiazki","tag-nauka","tag-nauka-i-technika","tag-naukatechnika","tag-news","tag-oscary","tag-pl","tag-poland","tag-polish","tag-polska","tag-polski","tag-science","tag-science-and-technology","tag-sciencetechnology","tag-technika","tag-technology","tag-wladca-pierscieni"],"share_on_mastodon":{"url":"https:\/\/pubeurope.com\/@pl\/117153191138536566","error":""},"_links":{"self":[{"href":"https:\/\/www.europesays.com\/pl\/wp-json\/wp\/v2\/posts\/644204","targetHints":{"allow":["GET"]}}],"collection":[{"href":"https:\/\/www.europesays.com\/pl\/wp-json\/wp\/v2\/posts"}],"about":[{"href":"https:\/\/www.europesays.com\/pl\/wp-json\/wp\/v2\/types\/post"}],"author":[{"embeddable":true,"href":"https:\/\/www.europesays.com\/pl\/wp-json\/wp\/v2\/users\/2"}],"replies":[{"embeddable":true,"href":"https:\/\/www.europesays.com\/pl\/wp-json\/wp\/v2\/comments?post=644204"}],"version-history":[{"count":0,"href":"https:\/\/www.europesays.com\/pl\/wp-json\/wp\/v2\/posts\/644204\/revisions"}],"wp:featuredmedia":[{"embeddable":true,"href":"https:\/\/www.europesays.com\/pl\/wp-json\/wp\/v2\/media\/644205"}],"wp:attachment":[{"href":"https:\/\/www.europesays.com\/pl\/wp-json\/wp\/v2\/media?parent=644204"}],"wp:term":[{"taxonomy":"category","embeddable":true,"href":"https:\/\/www.europesays.com\/pl\/wp-json\/wp\/v2\/categories?post=644204"},{"taxonomy":"post_tag","embeddable":true,"href":"https:\/\/www.europesays.com\/pl\/wp-json\/wp\/v2\/tags?post=644204"}],"curies":[{"name":"wp","href":"https:\/\/api.w.org\/{rel}","templated":true}]}}