{"id":644244,"date":"2026-08-25T00:25:10","date_gmt":"2026-08-25T00:25:10","guid":{"rendered":"https:\/\/www.europesays.com\/pl\/644244\/"},"modified":"2026-08-25T00:25:10","modified_gmt":"2026-08-25T00:25:10","slug":"tuz-przed-wyjsciem-na-scene-prokop-zabral-glos-ucial-krazace-plotki-plejada","status":"publish","type":"post","link":"https:\/\/www.europesays.com\/pl\/644244\/","title":{"rendered":"Tu\u017c przed wyj\u015bciem na scen\u0119 Prokop zabra\u0142 g\u0142os. Uci\u0105\u0142 kr\u0105\u017c\u0105ce plotki &#8211; Plejada"},"content":{"rendered":"<ol>\n<li><a href=\"https:\/\/news.google.com\/rss\/articles\/CBMikwFBVV95cUxNOFItdExmSzh6TDcxN0FsYll0TGtWbk1BdVNvTE5kY3RrXzI0S0VMSENkMDhIcEhIMldtVG9CVWprYXJfVXVFcERLZzVsdTdCYndhWDFJZ0laYkVGUUNuZGRJUFNRTHVaT1lnd2tTSG1JNUNBVGhlNnhPUUJYaWJaUkVnblcwQm9HcUlIbkxMTHplRU0?oc=5\" target=\"_blank\" rel=\"nofollow noopener\">Tu\u017c przed wyj\u015bciem na scen\u0119 Prokop zabra\u0142 g\u0142os. Uci\u0105\u0142 kr\u0105\u017c\u0105ce plotki<\/a>&nbsp;&nbsp;Plejada<\/li>\n<li><a href=\"https:\/\/news.google.com\/rss\/articles\/CBMirgFBVV95cUxNNDg3ckNxamVLQmVGYzl4T1dENVB4VGs3RUY0Y09lYmpYLUphbE93MjJKOHlnRXJyaV9rTXlFUTM2eTl4dXduZnFXc0hoMERvSlpHbkhmWXVub252Z2V6TzdBMG92WUZHZHIyaGY2SlRDYVFHX0djbGMzS29rV1EzaDlzeWhEMEFsZ1lXMlFsOXhPVU5VZmhXWVczT05MQkM1aWVJcF9ONWpLT19MVGc?oc=5\" target=\"_blank\" rel=\"nofollow noopener\">Potwierdzi\u0142y si\u0119 doniesienia ws. Wellman i Prokopa. Oficjalnie og\u0142oszono, to koniec domys\u0142\u00f3w<\/a>&nbsp;&nbsp;Pomponik<\/li>\n<li><a href=\"https:\/\/news.google.com\/rss\/articles\/CBMitgFBVV95cUxOZjlhT1hDVE5nakI1cW1iY1M4Y0Nsb3BYc2pRdEItLXkzdXpsZ3FNWTFENE9LNEw2LTNBcHM1RVFiTjVnRXFKVkRYd2xwWXFfTVhqOXI3SVNTYi1zQW56NU1tZFU5a0Zmc2w5TjgtSFpaWTBBUU1MNlVVdWI3cmNHdHJnd1gyRjljaTFxam5FV1FBY1FmTUxlb2JGaWc5NzVrRFBGM0Y1cnU0YXd0YmhMdXlFbEY5Zw?oc=5\" target=\"_blank\" rel=\"nofollow noopener\">Mamy dobre wie\u015bci! Wiemy, kiedy Dorota Wellman i Marcin Prokop poprowadz\u0105 program<\/a>&nbsp;&nbsp;Dzie\u0144 Dobry TVN<\/li>\n<li><a href=\"https:\/\/news.google.com\/rss\/articles\/CBMi5AFBVV95cUxQSFNTYWdtU2JkNmNSQnpaVWQxQnBQVmJteTR1RHl3N1BzY0VrdjI1ZGo4WmluN2FGb1NPSm9obnZGSEN4R0dhdnFRbWhadzRoX2JDTjE3V1JGcVNWZDEwSjRPWUd3Q09pWjRIc2VyRWdMMkk4NzI4T2ZodjItSnJINlVOMGFNcWh6ZmRjSm93ZG56VTY2Zi1pdjliOHd5M2hmTFlXMWFSUDV2QWh2WHNTVEIxM3lOd1M1YzEyaUVWSVVySnptaU5sQlQzejZCRDZreDU2RWVKWWQtckJFVG10VkdYY3c?oc=5\" target=\"_blank\" rel=\"nofollow noopener\">Marcin Prokop wyda\u0142 o\u015bwiadczenie ws. pracy w TVN. \u201eWiem, \u017ce dla niekt\u00f3rych to trudna informacja\u201d<\/a>&nbsp;&nbsp;RMF FM<\/li>\n<li><a href=\"https:\/\/news.google.com\/rss\/articles\/CBMiugFBVV95cUxQZHgtU0lOT1BQc2lWMlFaUm02cnNQdnVMdU5lUjlPb1RnMl9nMjNLTnNSZlFPRTRiUW4wdUdFMUFPOGQtZ1ZPUDQyNmdFRnVwNDNLMjR3Zzcta0ZTRVExakVhLW1ReE8zeDBOb3dmSEl2U3VDeFYzNjFlbndMcS1wdnp3ZTRHLWF1QVBLcDFIcUhoT3BwWVc4dERzbDVpdW5ZWmw1b1huUUJ2dTRNWktSa0Z4OTZ3V0k2Rnc?oc=5\" target=\"_blank\" rel=\"nofollow noopener\">Koniec spekulacji! Prokop w Sopocie wyzna\u0142 ca\u0142\u0105 prawd\u0119 o tym, co m\u00f3wi\u0142a ca\u0142a Polska<\/a>&nbsp;&nbsp;swiatgwiazd.pl<\/li>\n<\/ol>\n","protected":false},"excerpt":{"rendered":"Tu\u017c przed wyj\u015bciem na scen\u0119 Prokop zabra\u0142 g\u0142os. Uci\u0105\u0142 kr\u0105\u017c\u0105ce plotki&nbsp;&nbsp;Plejada Potwierdzi\u0142y si\u0119 doniesienia ws. Wellman i Prokopa.&hellip;\n","protected":false},"author":2,"featured_media":644245,"comment_status":"","ping_status":"","sticky":false,"template":"","format":"standard","meta":{"footnotes":"","_share_on_mastodon":"0"},"categories":[22],"tags":[61195,2955,2954,122,2956,48,125,46,42,38,40,39,41,123,47,318],"class_list":["post-644244","post","type-post","status-publish","format-standard","has-post-thumbnail","category-rozrywka","tag-bottomfeed_styl","tag-dorota_wellman","tag-dzien_dobry_tvn","tag-entertainment","tag-marcin_prokop","tag-nat_styl","tag-newsy","tag-omp","tag-pl","tag-poland","tag-polish","tag-polska","tag-polski","tag-rozrywka","tag-screening_general","tag-tvn"],"share_on_mastodon":{"url":"https:\/\/pubeurope.com\/@pl\/117153308951057971","error":""},"_links":{"self":[{"href":"https:\/\/www.europesays.com\/pl\/wp-json\/wp\/v2\/posts\/644244","targetHints":{"allow":["GET"]}}],"collection":[{"href":"https:\/\/www.europesays.com\/pl\/wp-json\/wp\/v2\/posts"}],"about":[{"href":"https:\/\/www.europesays.com\/pl\/wp-json\/wp\/v2\/types\/post"}],"author":[{"embeddable":true,"href":"https:\/\/www.europesays.com\/pl\/wp-json\/wp\/v2\/users\/2"}],"replies":[{"embeddable":true,"href":"https:\/\/www.europesays.com\/pl\/wp-json\/wp\/v2\/comments?post=644244"}],"version-history":[{"count":0,"href":"https:\/\/www.europesays.com\/pl\/wp-json\/wp\/v2\/posts\/644244\/revisions"}],"wp:featuredmedia":[{"embeddable":true,"href":"https:\/\/www.europesays.com\/pl\/wp-json\/wp\/v2\/media\/644245"}],"wp:attachment":[{"href":"https:\/\/www.europesays.com\/pl\/wp-json\/wp\/v2\/media?parent=644244"}],"wp:term":[{"taxonomy":"category","embeddable":true,"href":"https:\/\/www.europesays.com\/pl\/wp-json\/wp\/v2\/categories?post=644244"},{"taxonomy":"post_tag","embeddable":true,"href":"https:\/\/www.europesays.com\/pl\/wp-json\/wp\/v2\/tags?post=644244"}],"curies":[{"name":"wp","href":"https:\/\/api.w.org\/{rel}","templated":true}]}}