{"id":644282,"date":"2026-08-25T00:49:30","date_gmt":"2026-08-25T00:49:30","guid":{"rendered":"https:\/\/www.europesays.com\/pl\/644282\/"},"modified":"2026-08-25T00:49:30","modified_gmt":"2026-08-25T00:49:30","slug":"linia-m1-w-warszawie-przechodzi-modernizacje-co-sie-zmieni","status":"publish","type":"post","link":"https:\/\/www.europesays.com\/pl\/644282\/","title":{"rendered":"Linia M1 w Warszawie przechodzi modernizacj\u0119. Co si\u0119 zmieni?"},"content":{"rendered":"<p><a class=\"atomsArticleGalleryImage__mainImgLink\" href=\"https:\/\/warszawa.naszemiasto.pl\/zmiany-na-pierwszej-linii-metra-w-warszawie-prace-zaplanowano-na-kilku-stacjach\/gh\/c1p2-29284225\" title=\"Je&#x17A;dzicie pierwsz&#x105; lini&#x105; metra? Warto wiedzie&#x107; o tych zmianach. \" data-ec=\"atomsArticleGalleryImage\" data-event-position-el=\"mainImage\" aria-label=\"Zobacz galeri&#x119;\" rel=\"nofollow noopener\" target=\"_blank\"><img decoding=\"async\" loading=\"eager\" fetchpriority=\"high\" class=\"atomsArticleGalleryImage__mainImg\" src=\"https:\/\/www.europesays.com\/pl\/wp-content\/uploads\/2026\/08\/il20260213_956837157_medium.jpg\" alt=\"Je&#x17A;dzicie pierwsz&#x105; lini&#x105; metra? Warto wiedzie&#x107; o tych zmianach. \" width=\"6048\" height=\"4024\"\/><\/a><\/p>\n<p>\n        Je\u017adzicie pierwsz\u0105 lini\u0105 metra? Warto wiedzie\u0107 o tych zmianach. <\/p>\n<p>          fot. Aleksy Witwicki\n        <\/p>\n<p><a class=\"atomsArticleGalleryThumbnails__thumbnailImg--1 atomsArticleGalleryThumbnails__thumbnailLink\" href=\"https:\/\/warszawa.naszemiasto.pl\/zmiany-na-pierwszej-linii-metra-w-warszawie-prace-zaplanowano-na-kilku-stacjach\/gh\/c1p2-29284225\" title=\"M1 przechodzi modernizacj&#x119;\" data-ec=\"atomsArticleGalleryThumbnails\" data-event-position-el=\"link_more\" rel=\"nofollow noopener\" target=\"_blank\"><\/p>\n<p>\n                              Zobacz galeri\u0119<br \/>\n                (3 zdj\u0119cia)<\/p>\n<p><img decoding=\"async\" loading=\"lazy\" src=\"https:\/\/www.europesays.com\/pl\/wp-content\/uploads\/2026\/08\/2608211258_974384747_small.jpg\" data-image-type=\"articles\" class=\"atomsArticleGalleryThumbnails__thumbnailImg atomsArticleGalleryThumbnails__blurUp\" alt=\"M1 przechodzi modernizacj&#x119;\"\/><\/a><\/p>\n<p>Warszawska linia M1 przechodzi kolejne modernizacje. Metro Warszawskie inwestuje zar\u00f3wno w popraw\u0119 dost\u0119pno\u015bci stacji, jak i bezpiecze\u0144stwo oraz komfort pasa\u017cer\u00f3w. Modernizowane s\u0105 m.in. systemy sterowania ruchem, tory i urz\u0105dzenia \u0142\u0105czno\u015bci. Co dok\u0142adnie si\u0119 zmieni? O tym przeczytacie w dalszej cz\u0119\u015bci artyku\u0142u. <\/p>\n","protected":false},"excerpt":{"rendered":"Je\u017adzicie pierwsz\u0105 lini\u0105 metra? Warto wiedzie\u0107 o tych zmianach. fot. Aleksy Witwicki Zobacz galeri\u0119 (3 zdj\u0119cia) Warszawska linia&hellip;\n","protected":false},"author":2,"featured_media":644283,"comment_status":"","ping_status":"","sticky":false,"template":"","format":"standard","meta":{"footnotes":"","_share_on_mastodon":"0"},"categories":[51605],"tags":[101828,126327,11857,42,38,40,39,41,126328,435],"class_list":["post-644282","post","type-post","status-publish","format-standard","has-post-thumbnail","category-warszawa","tag-komunikacja-miejska-warszawa","tag-m1-warszawa","tag-metro","tag-pl","tag-poland","tag-polish","tag-polska","tag-polski","tag-transport-publiczny-warszawa","tag-warszawa"],"share_on_mastodon":{"url":"https:\/\/pubeurope.com\/@pl\/117153404066835535","error":""},"_links":{"self":[{"href":"https:\/\/www.europesays.com\/pl\/wp-json\/wp\/v2\/posts\/644282","targetHints":{"allow":["GET"]}}],"collection":[{"href":"https:\/\/www.europesays.com\/pl\/wp-json\/wp\/v2\/posts"}],"about":[{"href":"https:\/\/www.europesays.com\/pl\/wp-json\/wp\/v2\/types\/post"}],"author":[{"embeddable":true,"href":"https:\/\/www.europesays.com\/pl\/wp-json\/wp\/v2\/users\/2"}],"replies":[{"embeddable":true,"href":"https:\/\/www.europesays.com\/pl\/wp-json\/wp\/v2\/comments?post=644282"}],"version-history":[{"count":0,"href":"https:\/\/www.europesays.com\/pl\/wp-json\/wp\/v2\/posts\/644282\/revisions"}],"wp:featuredmedia":[{"embeddable":true,"href":"https:\/\/www.europesays.com\/pl\/wp-json\/wp\/v2\/media\/644283"}],"wp:attachment":[{"href":"https:\/\/www.europesays.com\/pl\/wp-json\/wp\/v2\/media?parent=644282"}],"wp:term":[{"taxonomy":"category","embeddable":true,"href":"https:\/\/www.europesays.com\/pl\/wp-json\/wp\/v2\/categories?post=644282"},{"taxonomy":"post_tag","embeddable":true,"href":"https:\/\/www.europesays.com\/pl\/wp-json\/wp\/v2\/tags?post=644282"}],"curies":[{"name":"wp","href":"https:\/\/api.w.org\/{rel}","templated":true}]}}