{"id":644328,"date":"2026-08-25T01:20:08","date_gmt":"2026-08-25T01:20:08","guid":{"rendered":"https:\/\/www.europesays.com\/pl\/644328\/"},"modified":"2026-08-25T01:20:08","modified_gmt":"2026-08-25T01:20:08","slug":"widzew-przekazal-nowe-wiesci-o-karolu-swiderskim-wielu-na-to-czekalo","status":"publish","type":"post","link":"https:\/\/www.europesays.com\/pl\/644328\/","title":{"rendered":"Widzew przekaza\u0142 nowe wie\u015bci o Karolu \u015awiderskim. Wielu na to czeka\u0142o"},"content":{"rendered":"<p>Karol \u015awiderski nie zanotowa\u0142 dobrego pocz\u0105tku w Widzewie \u0141\u00f3d\u017a, ale w meczu ze \u015al\u0105skiem Wroc\u0142aw (3:3) w ko\u0144cu si\u0119 prze\u0142ama\u0142 i asystowa\u0142 przy golu Frana Alvareza. Mimo to reprezentant Polski opu\u015bci\u0142 muraw\u0119 w przerwie. Ju\u017c teraz wiadomo, co mu dolega.<\/p>\n<p>Dalszy ci\u0105g artyku\u0142u pod materia\u0142em wideo<\/p>\n<p>Pocz\u0105tkowo wydawa\u0142o si\u0119, \u017ce do\u015bwiadczony napastnik nabawi\u0142 si\u0119 urazu, ale Widzew \u0141\u00f3d\u017a poinformowa\u0142, \u017ce chodzi jedynie o odczuwanie skutk\u00f3w meczu. W ci\u0105gu tygodnia \u015awiderski ma wr\u00f3ci\u0107 do pe\u0142nego treningu z dru\u017cyn\u0105. A to nie wszystko.<\/p>\n<p>Nowe wie\u015bci o Karolu \u015awiderskim. To nie wszystko<\/p>\n<p>&#8222;Karol \u015awiderski odczuwa skutki meczu ze \u015al\u0105skiem Wroc\u0142aw, jednak w trakcie tygodnia b\u0119dzie pracowa\u0142 w pe\u0142nym wymiarze. Od pocz\u0105tku mikrocyklu z dru\u017cyn\u0105 b\u0119dzie trenowa\u0142 r\u00f3wnie\u017c Giannis Papanikolaou&#8221; \u2014 poinformowa\u0142 Widzew \u0141\u00f3d\u017a.<\/p>\n<p>&#8222;Do zdrowia wracaj\u0105 kontuzjowani pi\u0142karze. Christopher Cheng oraz Paulinho \u0107wicz\u0105 indywidualnie i w najbli\u017cszym czasie b\u0119d\u0105 stopniowo wprowadzani do zaj\u0119\u0107 z zespo\u0142em. Jusuf Gazibegovic oraz Samuel Akere kontynuuj\u0105 rehabilitacj\u0119&#8221; \u2014 dodano w oficjalnym komunikacie.<\/p>\n<p>Ju\u017c 30 sierpnia Widzew \u0141\u00f3d\u017a podejmie Lecha Pozna\u0144, a trzy dni p\u00f3\u017aniej zagra z Koron\u0105 Kielce w 1\/32 fina\u0142u STS Pucharu Polski.<\/p>\n","protected":false},"excerpt":{"rendered":"Karol \u015awiderski nie zanotowa\u0142 dobrego pocz\u0105tku w Widzewie \u0141\u00f3d\u017a, ale w meczu ze \u015al\u0105skiem Wroc\u0142aw (3:3) w ko\u0144cu&hellip;\n","protected":false},"author":2,"featured_media":644329,"comment_status":"","ping_status":"","sticky":false,"template":"","format":"standard","meta":{"footnotes":"","_share_on_mastodon":"0"},"categories":[24],"tags":[61195,274,15409,48,46,948,42,38,40,39,41,47,127,126,130,3469],"class_list":["post-644328","post","type-post","status-publish","format-standard","has-post-thumbnail","category-sport","tag-bottomfeed_styl","tag-ekstraklasa","tag-karol_swiderski","tag-nat_styl","tag-omp","tag-pilka_nozna","tag-pl","tag-poland","tag-polish","tag-polska","tag-polski","tag-screening_general","tag-sport","tag-sports","tag-wiadomosci_sportowe","tag-widzew_lodz"],"share_on_mastodon":{"url":"https:\/\/pubeurope.com\/@pl\/117153525617089218","error":""},"_links":{"self":[{"href":"https:\/\/www.europesays.com\/pl\/wp-json\/wp\/v2\/posts\/644328","targetHints":{"allow":["GET"]}}],"collection":[{"href":"https:\/\/www.europesays.com\/pl\/wp-json\/wp\/v2\/posts"}],"about":[{"href":"https:\/\/www.europesays.com\/pl\/wp-json\/wp\/v2\/types\/post"}],"author":[{"embeddable":true,"href":"https:\/\/www.europesays.com\/pl\/wp-json\/wp\/v2\/users\/2"}],"replies":[{"embeddable":true,"href":"https:\/\/www.europesays.com\/pl\/wp-json\/wp\/v2\/comments?post=644328"}],"version-history":[{"count":0,"href":"https:\/\/www.europesays.com\/pl\/wp-json\/wp\/v2\/posts\/644328\/revisions"}],"wp:featuredmedia":[{"embeddable":true,"href":"https:\/\/www.europesays.com\/pl\/wp-json\/wp\/v2\/media\/644329"}],"wp:attachment":[{"href":"https:\/\/www.europesays.com\/pl\/wp-json\/wp\/v2\/media?parent=644328"}],"wp:term":[{"taxonomy":"category","embeddable":true,"href":"https:\/\/www.europesays.com\/pl\/wp-json\/wp\/v2\/categories?post=644328"},{"taxonomy":"post_tag","embeddable":true,"href":"https:\/\/www.europesays.com\/pl\/wp-json\/wp\/v2\/tags?post=644328"}],"curies":[{"name":"wp","href":"https:\/\/api.w.org\/{rel}","templated":true}]}}