{"id":644556,"date":"2026-08-25T04:24:11","date_gmt":"2026-08-25T04:24:11","guid":{"rendered":"https:\/\/www.europesays.com\/pl\/644556\/"},"modified":"2026-08-25T04:24:11","modified_gmt":"2026-08-25T04:24:11","slug":"chaos-i-widmo-zakazen-w-ceucie-rzad-hiszpanii-wprowadza-plan-awaryjny-wiadomosci-onet","status":"publish","type":"post","link":"https:\/\/www.europesays.com\/pl\/644556\/","title":{"rendered":"Chaos i widmo zaka\u017ce\u0144 w Ceucie. Rz\u0105d Hiszpanii wprowadza plan awaryjny &#8211; Wiadomo\u015bci Onet"},"content":{"rendered":"<ol>\n<li><a href=\"https:\/\/news.google.com\/rss\/articles\/CBMitwFBVV95cUxOWHI1emJXNUlrLWNvd0w3blBJQ09NNHZJODVwSlhCTGZDUlliUnVjUTJmNGRsWWtnM0ZHWllXOFVKckI2bWVXOTBobkFfN2lWaEtwN0MxQTQwcVpmRTFia2FoNWxNVkhGMUdDaGZVcUpiV3Z3NUVFNHBaTDNfZTNMTDlGOFh2aWlpa3FXNlZkU0t3ZTVuVWp3UDRXVzhQdFdsYTZlaUN5VUdHNjA5b2ZuUjI1M1RaNGc?oc=5\" target=\"_blank\" rel=\"nofollow noopener\">Chaos i widmo zaka\u017ce\u0144 w Ceucie. Rz\u0105d Hiszpanii wprowadza plan awaryjny<\/a>&nbsp;&nbsp;Wiadomo\u015bci Onet<\/li>\n<li><a href=\"https:\/\/news.google.com\/rss\/articles\/CBMiuAFBVV95cUxNYUVaUkx3RjZ5OWo1a2JBcjJrVy1pR0hCUTBXMGxHdEVyb21BZDR2MUR3Tl8xY0lYT1p0MDAtbllEN09PcGZCcFlDRi1HWUJIa2dDSDRveW1ETDd4UlM5UDZqWTN6V0k3eXlFOGxaSlF4VmxmMTN6aDZFZHZWR0NTU01FaXd1NXVGVHJLbWYzUE5qaTJWQUV3YmhjWTZoN2ZQaWhkdHJITG54QWlESmhMdXo5bWc5dEda?oc=5\" target=\"_blank\" rel=\"nofollow noopener\">Inwazja imigrant\u00f3w na Ceut\u0119. Wysy\u0142aj\u0105 tysi\u0105ce szczepionek przeciw chorobom zaka\u017anym<\/a>&nbsp;&nbsp;Tygodnik Solidarno\u015b\u0107<\/li>\n<li><a href=\"https:\/\/news.google.com\/rss\/articles\/CBMiqgFBVV95cUxQWXJtaHpTRklNU0VYaE9nUDdRTlJGaW9SU3I0OXF2MHQta2Zob2cwdFhkSFVVX2dyOU9EelFNWjJHTS1Gd1UzaFdkN3RjLUIyTzZwY0RtZG5pVUxKM09wVlAyMkFNWmNrNnE1NFpkcFBQU1B4Wk1NU2ZJcnZwZ2tkeEhTOFZWOTduVVZEdFhnUnp6ZXlGczhQNXUxN3E3RkY2Y3ZGQkZWcUxRdw?oc=5\" target=\"_blank\" rel=\"nofollow noopener\">Radykalna decyzja rz\u0105du Hiszpanii ws. Ceuty. B\u0119d\u0105 masowe szczepienia imigrant\u00f3w<\/a>&nbsp;&nbsp;Rzeczpospolita<\/li>\n<li><a href=\"https:\/\/news.google.com\/rss\/articles\/CBMivwFBVV95cUxPZlhsTm1xdWlJTUFfM3pTX1RkZW9VaHpTcFFJbXRNTlNmbjZqQ2pncGVWSmg2REdCcVgwbmJGYm1CQTZ1OVF5VUFONnFLRkw4bE1HNHFuWDJGWHZOQUpzU0dyYU9kT0lBQ0ZicDYwVUFoeS1oVHNZanpYaG1fcXVOdEQ0Wnp5R0FFX0hLcm04R2pOdjVmbnRXa1BURGpZaFNVS0dlTG9RWEd0LU4xaDhQdGM3X1d3SjcxVHRtU0ZOSQ?oc=5\" target=\"_blank\" rel=\"nofollow noopener\">Ministerstwo zdrowia wysy\u0142a szczepionki do Ceuty po wykryciu gru\u017alicy i \u015bwierzbu<\/a>&nbsp;&nbsp;Euronews.com<\/li>\n<li><a href=\"https:\/\/news.google.com\/rss\/articles\/CBMizAFBVV95cUxQaElmT1BmT1dTeWR0TXNqZTVVSzlLMVdKeE5uTFNTeUVSMmRKQURySnB1MEdwajJNdHRLOGtOaVYzNEJ0ZHEzbHQ3c0Z5MXlIQ2NXWUJ6VzVhTEMtSzRhNldCekpIbmxKVGFUbnZfbnNpS1BJQkJrOWFMOFRqOUVEeVFtMXl5M1RHNkY1S0hlT3ducmRGV0o4MEh1bC1sZ0thQmVnN284U3JDSGJlRXp0RVV5XzNKOVRtakZlcmpLNzNicjU5aE93azVpd3A?oc=5\" target=\"_blank\" rel=\"nofollow noopener\">Ceuta: co najmniej 14 \u017co\u0142nierzy choruje na \u015bwierzb po zakwaterowaniu w nieu\u017cywanych obiektach<\/a>&nbsp;&nbsp;Euronews.com<\/li>\n<\/ol>\n","protected":false},"excerpt":{"rendered":"Chaos i widmo zaka\u017ce\u0144 w Ceucie. Rz\u0105d Hiszpanii wprowadza plan awaryjny&nbsp;&nbsp;Wiadomo\u015bci Onet Inwazja imigrant\u00f3w na Ceut\u0119. Wysy\u0142aj\u0105 tysi\u0105ce&hellip;\n","protected":false},"author":2,"featured_media":644557,"comment_status":"","ping_status":"","sticky":false,"template":"","format":"standard","meta":{"footnotes":"","_share_on_mastodon":"0"},"categories":[14],"tags":[61195,32,33,117048,27,267,34,35,21441,28,31,48,25,46,13990,40,41,47,80,29,30,26,82,83,84],"class_list":["post-644556","post","type-post","status-publish","format-standard","has-post-thumbnail","category-swiat","tag-bottomfeed_styl","tag-breaking-news","tag-breakingnews","tag-ceuta","tag-headlines","tag-hiszpania","tag-latest-news","tag-latestnews","tag-maroko","tag-naglowki","tag-najwazniejsze-artykuly","tag-nat_styl","tag-news","tag-omp","tag-pedro_sanchez","tag-polish","tag-polski","tag-screening_general","tag-swiat","tag-top-stories","tag-topstories","tag-wiadomosci","tag-world","tag-world-news","tag-worldnews"],"share_on_mastodon":{"url":"https:\/\/pubeurope.com\/@pl\/117154248482872620","error":""},"_links":{"self":[{"href":"https:\/\/www.europesays.com\/pl\/wp-json\/wp\/v2\/posts\/644556","targetHints":{"allow":["GET"]}}],"collection":[{"href":"https:\/\/www.europesays.com\/pl\/wp-json\/wp\/v2\/posts"}],"about":[{"href":"https:\/\/www.europesays.com\/pl\/wp-json\/wp\/v2\/types\/post"}],"author":[{"embeddable":true,"href":"https:\/\/www.europesays.com\/pl\/wp-json\/wp\/v2\/users\/2"}],"replies":[{"embeddable":true,"href":"https:\/\/www.europesays.com\/pl\/wp-json\/wp\/v2\/comments?post=644556"}],"version-history":[{"count":0,"href":"https:\/\/www.europesays.com\/pl\/wp-json\/wp\/v2\/posts\/644556\/revisions"}],"wp:featuredmedia":[{"embeddable":true,"href":"https:\/\/www.europesays.com\/pl\/wp-json\/wp\/v2\/media\/644557"}],"wp:attachment":[{"href":"https:\/\/www.europesays.com\/pl\/wp-json\/wp\/v2\/media?parent=644556"}],"wp:term":[{"taxonomy":"category","embeddable":true,"href":"https:\/\/www.europesays.com\/pl\/wp-json\/wp\/v2\/categories?post=644556"},{"taxonomy":"post_tag","embeddable":true,"href":"https:\/\/www.europesays.com\/pl\/wp-json\/wp\/v2\/tags?post=644556"}],"curies":[{"name":"wp","href":"https:\/\/api.w.org\/{rel}","templated":true}]}}