{"id":644698,"date":"2026-08-25T06:01:42","date_gmt":"2026-08-25T06:01:42","guid":{"rendered":"https:\/\/www.europesays.com\/pl\/644698\/"},"modified":"2026-08-25T06:01:42","modified_gmt":"2026-08-25T06:01:42","slug":"skoki-narciarskie-za-nami-orlen-cup-kids-i-letni-puchar-bieszczadow-w-zagorzu","status":"publish","type":"post","link":"https:\/\/www.europesays.com\/pl\/644698\/","title":{"rendered":"Skoki narciarskie. Za nami ORLEN Cup Kids i Letni Puchar Bieszczad\u00f3w w Zag\u00f3rzu"},"content":{"rendered":"<p style=\"text-align: justify;\">Letnia rywalizacja w ramach ORLEN Cup Kids ponownie zawita\u0142a do Zag\u00f3rza. W sobot\u0119 22 sierpnia m\u0142odzi skoczkowie zmierzyli si\u0119 na podkarpackich obiektach HS23 i HS46, a obok reprezentant\u00f3w Polski na starcie pojawili si\u0119 r\u00f3wnie\u017c zawodnicy z Ukrainy. Tego samego dnia rozegrano tak\u017ce Letni Puchar Bieszczad\u00f3w, otwarty dla uczestnik\u00f3w bez ogranicze\u0144 wiekowych.<\/p>\n<p>                            <a class=\"fancybox\" href=\"https:\/\/www.skijumping.pl\/content\/images\/news\/powieksz\/zagorz2_2020-09-15_17-52-29.webp\" data-fancybox=\"gallery38992\" data-caption=\"Skocznie w Zag\u00f3rzu, fot. Dominik Formela\" rel=\"nofollow noopener\" target=\"_blank\"><img decoding=\"async\" class=\"img-responsive lazyload\" src=\"https:\/\/www.europesays.com\/pl\/wp-content\/uploads\/2026\/08\/280x190_q80_zagorz2_2020-09-15_17-52-29.webp\" alt=\"Skocznie w Zag\u00f3rzu\" title=\"Skocznie w Zag\u00f3rzu\"\/><\/a>Skocznie w Zag\u00f3rzu<\/p>\n<p>Ch\u0142opiec m\u0142odszy (HS23)<\/p>\n<p>Rywalizacja ch\u0142opc\u00f3w urodzonych w 2017 roku i p\u00f3\u017aniej zosta\u0142a zdominowana przez przedstawiciela Klubu Sportowego Eve-nement Zakopane. Zawody \u2013 z przewag\u0105 ponad dwudziestu punkt\u00f3w nad rywalami \u2013 wygra\u0142 Antoni Gawlak-Socka, kt\u00f3ry uzyska\u0142 20,5 oraz 21,5 metra. Drugi by\u0142 Piotr Zubek (KS Czarny Dunajec), po pr\u00f3bach mierz\u0105cych 20,5 oraz 18,5 metra. Trzecie miejsce zaj\u0105\u0142 Tytus Moskal (SS-R LZS Sok\u00f3\u0142 Szczyrk; dwukrotnie 19,5 metra).<\/p>\n<p>Sklasyfikowano 29 zawodnik\u00f3w.<\/p>\n<p><a href=\"https:\/\/www.skijumping.pl\/content\/Orlen_Cup_Kids_Zago\u0301rz_WYNIKI_.pdf\" rel=\"nofollow noopener\" target=\"_blank\">Kliknij, aby zobaczy\u0107 pe\u0142ne wyniki kategorii &gt;&gt;&gt;<\/a><\/p>\n<p>Dziewczynka m\u0142odsza (HS23)<\/p>\n<p>Konkurs rocznik\u00f3w 2015 i m\u0142odszych w kategorii dziewcz\u0105t przyni\u00f3s\u0142 popis zawodniczki z Ukrainy. Dominika Korczuk by\u0142a najlepsza w obu seriach ocenianych, skacz\u0105c 20,5 oraz 19,5 metra. Najlepsza z Polek \u2013 Karina Cembala (SS-R LZS Sok\u00f3\u0142 Szczyrk; dwukrotnie 20 metr\u00f3w) okaza\u0142a si\u0119 gorsza o pi\u0119\u0107 i p\u00f3\u0142 punktu. Sk\u0142ad podium zamkn\u0119\u0142a \u0141ucja \u015aliwi\u0144ska (LKS Klimczok Bystra; dwukrotnie 19 metr\u00f3w).<\/p>\n<p>Na rozbiegu pojawi\u0142o si\u0119 osiemna\u015bcie adeptek skok\u00f3w narciarskich.<\/p>\n<p><a href=\"https:\/\/www.skijumping.pl\/content\/Orlen_Cup_Kids_Zago\u0301rz_DZIEWCZ.pdf\" rel=\"nofollow noopener\" target=\"_blank\">Kliknij, aby zobaczy\u0107 pe\u0142ne wyniki kategorii &gt;&gt;&gt;<\/a><\/p>\n<p>Ch\u0142opiec (HS46)<\/p>\n<p>W stawce ch\u0142opc\u00f3w z rocznik\u00f3w 2015-16 brylowa\u0142 Patryk Waszek z LKS Olimpia Golesz\u00f3w, kt\u00f3ry uzyska\u0142 37,5 oraz 37 metr\u00f3w. Takie wyniki pozwoli\u0142y mu zbudowa\u0107 przewag\u0119 8,2 pkt nad Janem Pod\u017corskim z Wi\u015bla\u0144skiego Stowarzyszenia Sportowego (36,5 oraz 37 metr\u00f3w). Za wspomnian\u0105 dw\u00f3jk\u0105 znalaz\u0142 si\u0119 Gustaw Moskal (SS-R LZS Sok\u00f3\u0142 Szczyrk; 36,5 oraz 33 metry).<\/p>\n<p>Swoich si\u0142 spr\u00f3bowa\u0142o 29 zawodnik\u00f3w.\u00a0<\/p>\n<p><a href=\"https:\/\/www.skijumping.pl\/content\/Orlen_Cup_Kids_Zago\u0301rz_CH\u0141OPIE - Copy 1.pdf\" rel=\"nofollow noopener\" target=\"_blank\">Kliknij, aby zobaczy\u0107 pe\u0142ne wyniki kategorii &gt;&gt;&gt;<\/a><\/p>\n<p>Dziewczynka (HS46)<\/p>\n<p>W trzynastoosobowym gronie dziewczynek urodzonych w latach 2013-14 najlepiej poradzi\u0142a sobie Natalia Giba (ZKN Sok\u00f3\u0142 Zag\u00f3rz; 37 oraz 36,5 metra). Na pozycjach 2-3 uplasowa\u0142y si\u0119 kolejno Justyna Niemczyk (LKS Olimpia Golesz\u00f3w; 37 i 35 metr\u00f3w) oraz Joanna Gruszka (KS AZS Zakopane; 35,5 oraz 35 metr\u00f3w).<\/p>\n<p><a href=\"https:\/\/www.skijumping.pl\/content\/Orlen_Cup_Kids_Zago\u0301rz_DZIEWCZ - Copy 1.pdf\" rel=\"nofollow noopener\" target=\"_blank\">Kliknij, aby zobaczy\u0107 pe\u0142ne wyniki kategorii &gt;&gt;&gt;<\/a><\/p>\n<p>Letni Puchar Bieszczad\u00f3w (HS46)<\/p>\n<p>Dodatkowym elementem sobotniego programu zawod\u00f3w w Zag\u00f3rzu by\u0142a tegoroczna edycja Letniego Pucharu Bieszczad\u00f3w na 46-metrowym obiekcie. Konkurs m\u0119\u017cczyzn pad\u0142 \u0142upem Dominika Bujoka z Wi\u015bla\u0144skiego Stowarzyszenia Sportowego (41,5 oraz 40 metr\u00f3w). Drugi z prawie pi\u0119tnastopunktow\u0105 strat\u0105 by\u0142 Hubert Latusek (ZKN Sok\u00f3\u0142 Zag\u00f3rz; 38,5 oraz 39 metr\u00f3w). Na najni\u017cszym stopniu podium stan\u0105\u0142 Patryk Waszek (LKS Olimpia Golesz\u00f3w; 38 oraz 37,5 metra).<\/p>\n<p>Do otwartych zawod\u00f3w m\u0119\u017cczyzn przyst\u0105pi\u0142o 43 \u015bmia\u0142k\u00f3w.<\/p>\n<p>W\u015br\u00f3d kobiet najwi\u0119cej punkt\u00f3w zgromadzi\u0142a Justyna Niemczyk (LKS Olimpia Golesz\u00f3w; 37 oraz 34,5 metra), kt\u00f3ra zrewan\u017cowa\u0142a si\u0119 Natalii Gibie (ZKN Sok\u00f3\u0142 Zag\u00f3rz; 35,5 oraz 36 metr\u00f3w) za konkurs ORLEN Cup Kids \u2013 wygrywaj\u0105c o punkt. Trzecia ponownie by\u0142a Joanna Gruszka (KS AZS Zakopane; 35 oraz 33,5 metra).<\/p>\n<p>Wystartowa\u0142o jedena\u015bcie kobiet.<\/p>\n<p><a href=\"https:\/\/www.skijumping.pl\/content\/LETNI_PUCHAR_BIESZCZADO\u0301W_POZN_.pdf\" rel=\"nofollow noopener\" target=\"_blank\">Kliknij, aby zobaczy\u0107 protok\u00f3\u0142 z pe\u0142nymi wynikami konkursu m\u0119\u017cczyzn &gt;&gt;&gt;<\/a><\/p>\n<p><a href=\"https:\/\/www.skijumping.pl\/content\/LETNI_PUCHAR_BIESZCZADO\u0301W_POZN_ - Copy 1.pdf\" rel=\"nofollow noopener\" target=\"_blank\">Kliknij, aby zobaczy\u0107 protok\u00f3\u0142 z pe\u0142nymi wynikami konkursu kobiet &gt;&gt;&gt;<\/a><\/p>\n<p>Trzecim etapem ORLEN Cup Kids w bie\u017c\u0105cym sezonie letnim b\u0119dzie Bystra \u2013 19 wrze\u015bnia. Fina\u0142 zaplanowano na 10 pa\u017adziernika w Chocho\u0142owie. Tytularnym sponsorem programu ORLEN Szukamy Nast\u0119pc\u00f3w Mistrza jest ORLEN S.A., natomiast organizatorem zawod\u00f3w ORLEN Cup Kids jest Polski Zwi\u0105zek Narciarski.<\/p>\n<p>&#13;<br \/>\n&#13;<br \/>\n&#13;<br \/>\n&#13;<\/p>\n","protected":false},"excerpt":{"rendered":"Letnia rywalizacja w ramach ORLEN Cup Kids ponownie zawita\u0142a do Zag\u00f3rza. W sobot\u0119 22 sierpnia m\u0142odzi skoczkowie zmierzyli&hellip;\n","protected":false},"author":2,"featured_media":644699,"comment_status":"","ping_status":"","sticky":false,"template":"","format":"standard","meta":{"footnotes":"","_share_on_mastodon":"0"},"categories":[52097],"tags":[1574,1546,1557,1558,1561,1573,1571,1563,291,1553,1564,1549,1551,1543,1550,1562,1547,1565,1540,1568,774,1544,42,38,40,39,41,1554,1359,1567,1560,1559,1566,1556,1569,1539,1538,1555,1552,1541,1548,1542,1570,1572,645,1545],"class_list":["post-644698","post","type-post","status-publish","format-standard","has-post-thumbnail","category-orlen","tag-4skocznie","tag-adam","tag-adam-malysz","tag-adammalysz","tag-coc","tag-czteryskocznie","tag-fis","tag-fis-cup","tag-historia","tag-horngacher","tag-io","tag-kobayashi","tag-kraft","tag-kuba","tag-kubacki","tag-lotos-cup","tag-malysz","tag-ms","tag-narciarskie","tag-narty","tag-orlen","tag-piotrek","tag-pl","tag-poland","tag-polish","tag-polska","tag-polski","tag-polskie","tag-ranking","tag-ski-jumping","tag-skijump","tag-skijumping","tag-skoczkowie","tag-skocznia","tag-skocznie","tag-skoki","tag-skoki-narciarskie","tag-skokinarciarskie","tag-stefan","tag-stoch","tag-wellinger","tag-wolny","tag-zakopane","tag-zawody","tag-zdjecia","tag-zyla"],"share_on_mastodon":{"url":"","error":"Validation failed: Text character limit of 500 exceeded"},"_links":{"self":[{"href":"https:\/\/www.europesays.com\/pl\/wp-json\/wp\/v2\/posts\/644698","targetHints":{"allow":["GET"]}}],"collection":[{"href":"https:\/\/www.europesays.com\/pl\/wp-json\/wp\/v2\/posts"}],"about":[{"href":"https:\/\/www.europesays.com\/pl\/wp-json\/wp\/v2\/types\/post"}],"author":[{"embeddable":true,"href":"https:\/\/www.europesays.com\/pl\/wp-json\/wp\/v2\/users\/2"}],"replies":[{"embeddable":true,"href":"https:\/\/www.europesays.com\/pl\/wp-json\/wp\/v2\/comments?post=644698"}],"version-history":[{"count":0,"href":"https:\/\/www.europesays.com\/pl\/wp-json\/wp\/v2\/posts\/644698\/revisions"}],"wp:featuredmedia":[{"embeddable":true,"href":"https:\/\/www.europesays.com\/pl\/wp-json\/wp\/v2\/media\/644699"}],"wp:attachment":[{"href":"https:\/\/www.europesays.com\/pl\/wp-json\/wp\/v2\/media?parent=644698"}],"wp:term":[{"taxonomy":"category","embeddable":true,"href":"https:\/\/www.europesays.com\/pl\/wp-json\/wp\/v2\/categories?post=644698"},{"taxonomy":"post_tag","embeddable":true,"href":"https:\/\/www.europesays.com\/pl\/wp-json\/wp\/v2\/tags?post=644698"}],"curies":[{"name":"wp","href":"https:\/\/api.w.org\/{rel}","templated":true}]}}