{"id":644770,"date":"2026-08-25T06:46:20","date_gmt":"2026-08-25T06:46:20","guid":{"rendered":"https:\/\/www.europesays.com\/pl\/644770\/"},"modified":"2026-08-25T06:46:20","modified_gmt":"2026-08-25T06:46:20","slug":"top-of-the-top-sopot-festival-fala-komentarzy-po-wystepie-dawida-kwiatkowskiego","status":"publish","type":"post","link":"https:\/\/www.europesays.com\/pl\/644770\/","title":{"rendered":"Top of the Top Sopot Festival. Fala komentarzy po wyst\u0119pie Dawida Kwiatkowskiego"},"content":{"rendered":"<p>W poniedzia\u0142ek 24 sierpnia rozpocz\u0119\u0142a si\u0119 kolejna edycja Top of the Top Sopot Festival. <a href=\"https:\/\/plejada.pl\/newsy\/fala-komentarzy-po-koncercie-dla-stanislawa-sojki-widzowie-wydali-werdykt\/60x24zz\" id=\"00bdaa73-aeda-4ad3-8294-9888384a31c4\" rel=\"nofollow noopener\" target=\"_blank\">Pierwszy koncert po\u015bwi\u0119cony by\u0142 pami\u0119ci zmar\u0142ego rok temu Stanis\u0142awa Soyki<\/a>. W drugiej cz\u0119\u015bci wieczoru widz\u00f3w porwa\u0142 koncert &#8222;Top of the Pop&#8221;, czyli najwi\u0119ksze polskie przeboje w wykonaniu gwiazd rodzimej estrady. Na scenie nie zabrak\u0142o mi\u0119dzy innymi <a href=\"https:\/\/plejada.pl\/temat\/dawid-kwiatkowski\/2dmww7w\" id=\"fc478514-a9fe-44e8-b652-6a22634ccf46\" rel=\"nofollow noopener\" target=\"_blank\">Dawida Kwiatkowskiego<\/a>, kt\u00f3ry po raz kolejny porwa\u0142 sopock\u0105 publiczno\u015b\u0107 do ta\u0144ca.Dalszy ci\u0105g artyku\u0142u pod materia\u0142em wideoDawid Kwiatkowski porwa\u0142 sopock\u0105 publiczno\u015b\u0107 do ta\u0144ca. Tak pisz\u0105 o jego wyst\u0119pieDawid Kwiatkowski pierwszego wieczoru festiwalu w Sopocie transmitowanego na antenie TVN wykona\u0142 sw\u00f3j wielki hit &#8222;Pali si\u0119 niebo&#8221; oraz najnowszy hit &#8222;P\u00f3\u017aniej ci opowiem&#8221; w duecie z <a href=\"https:\/\/plejada.pl\/temat\/margaret-piosenkarka-malgorzata-jamrozy\/cv7gdrz\" id=\"d9c81183-b0ce-48f4-a3d3-38c753ba2281\" rel=\"nofollow noopener\" target=\"_blank\">Margaret<\/a>. Ju\u017c jego samo pojawienie si\u0119 na scenie wywo\u0142a\u0142o entuzjastyczne reakcje publiczno\u015bci. To samo mo\u017cemy wyczyta\u0107 z komentarzy pod nagraniem z wyst\u0119pu artysty.<img class=\"ods-a-photo ods-a-photo--background\" src=\"https:\/\/www.europesays.com\/pl\/wp-content\/uploads\/2026\/08\/1787640371_955_RREk9lBaHR0cHM6Ly9vY2RuLmV1L3B1bHNjbXMvTURBXy9hODNlNDRkMjBkMGZjYTlhMjNkNGQyNzQ2MGMzYTFiYi5qcGeRlQLNA.jpeg\" height=\"300\" width=\"450\" alt=\"Kuba Sienkiewicz\" loading=\"lazy\" fetchpriority=\"low\" decoding=\"async\"\/><\/p>\n<p>&#8222;Mo\u017cna by\u0107 normalnym i podoba\u0107 si\u0119 publiczno\u015bci? Mo\u017cna&#8221;, &#8222;Dawid przywo\u0142uje wspomnienia dawnych festiwali, gdy panowie byli pe\u0142ni klasy&#8221;, &#8222;Elegancki z klas\u0105 i kultur\u0105 , a\u017c ciary przechodz\u0105&#8221;, &#8222;Klasa sama w sobie&#8221;, &#8222;Bardzo lubi\u0119 tego ch\u0142opaka i jego piosenki. Brawo&#8221;, &#8222;A w duecie z Margaret to ju\u017c w og\u00f3le sztos&#8221;, &#8222;Wspania\u0142y g\u0142os i repertuar! Zawsze stosownie, dobrze ubrany i bez wyg\u0142up\u00f3w na scenie, ma klas\u0119 i szacunek do publiczno\u015bci. Takich w\u0142a\u015bnie artyst\u00f3w nam trzeba&#8221; \u2014 czytamy na Facebooku.<\/p>\n<p>Tegoroczna edycja Top of the Top Sopot Festival potrwa od 24 do 27 sierpnia. Drugi dzie\u0144 festiwalu rozpocznie koncert &#8222;Otwarta Scena&#8221;, kt\u00f3ry poprowadz\u0105 Sandra Hajduk-Popi\u0144ska i Oliwier Janiak. Na scenie wyst\u0105pi\u0105 m.in. <a href=\"https:\/\/plejada.pl\/temat\/agnieszka-chylinska-wokalistka\/2cpzxzn\" id=\"c857c595-56b2-4d23-bc22-d72ea92ba4a7\" rel=\"nofollow noopener\" target=\"_blank\">Agnieszka Chyli\u0144ska<\/a>, Krzysztof Zalewski, Golec uOrkiestra czy Blue Caf\u00e9.<\/p>\n<p>W drugiej cz\u0119\u015bci wieczoru scen\u0105 zaw\u0142adnie rywalizacja o kultow\u0105 statuetk\u0119 Bursztynowego S\u0142owika. Do konkursu ponownie po 18 latach wraca jury, w sk\u0142ad kt\u00f3rego wchodz\u0105: Nosowska, Smolik, L.U.C. Koncert poprowadz\u0105 Paulina Krupi\u0144ska-Karpiel oraz Damian Micha\u0142owski, a o nagrod\u0119 powalcz\u0105: Ania Karwan, Oceana, Jeremi Sikorski, Jovi, Kasia Sienkiewicz, Kuba i Kuba, Natalia Muianga oraz EMO i Sarsa.<\/p>\n<p><img class=\"ods-a-photo ods-a-photo--background\" src=\"https:\/\/www.europesays.com\/pl\/wp-content\/uploads\/2026\/08\/3qZk9lGaHR0cHM6Ly9vY2RuLmV1L3B1bHNjbXMvTURBXy9jMzhlMTdjYi04NDg3LTQ5YTAtOTdiMS0yYWNkYjNhNTQ5OGUuanBlZ.jpeg\" height=\"626\" width=\"940\" alt=\"Margaret i Dawid Kwiatkowski\" loading=\"lazy\" fetchpriority=\"auto\" decoding=\"auto\"\/><\/p>\n<p>PAP\/Andrzej Jackowski<\/p>\n<p>Margaret i Dawid Kwiatkowski<\/p>\n<p><img class=\"ods-a-photo ods-a-photo--background\" src=\"https:\/\/www.europesays.com\/pl\/wp-content\/uploads\/2026\/08\/78dk9lGaHR0cHM6Ly9vY2RuLmV1L3B1bHNjbXMvTURBXy83MjkwZDhiZi05ZjJlLTRhYzMtYTNjMi03NGJlZmY0YmRjNGQuanBlZ.jpeg\" height=\"627\" width=\"940\" alt=\"Dawid Kwiatkowski\" loading=\"lazy\" fetchpriority=\"auto\" decoding=\"auto\"\/><\/p>\n<p>PAP\/Andrzej Jackowski<\/p>\n<p>Dawid Kwiatkowski<\/p>\n<p>Dzi\u0119kujemy, \u017ce przeczyta\u0142a\u015b\/e\u015b nasz artyku\u0142 do ko\u0144ca. W serwisie Plejada.pl ka\u017cdego dnia piszemy o najwa\u017cniejszych wydarzeniach show-biznesowych. B\u0105d\u017a na bie\u017c\u0105co!<a rel=\"nofollow noopener\" href=\"https:\/\/profile.google.com\/cp\/Cg0vZy8xMWJ6X19wdHBx\" id=\"4c5bb50d-c30a-41b1-ace7-2b74b989e4e3\" target=\"_blank\"> Obserwuj<\/a> Plejad\u0119 w Google. Odwied\u017a nas tak\u017ce na<a rel=\"nofollow noopener\" href=\"https:\/\/www.facebook.com\/plejadapl\" id=\"b9e556f9-7b39-4b72-868e-2faef888105c\" target=\"_blank\"> Facebooku<\/a>,<a rel=\"nofollow noopener\" href=\"https:\/\/www.instagram.com\/plejadapl\/\" id=\"e1792afb-b2b0-436b-b3c5-e7106ab636b6\" target=\"_blank\"> Instagramie<\/a>,<a rel=\"nofollow noopener\" href=\"https:\/\/www.youtube.com\/c\/plejada\" id=\"93b3be29-b65d-4019-9797-12fb343e0c3a\" target=\"_blank\"> YouTubie<\/a> oraz<a rel=\"nofollow noopener\" href=\"https:\/\/www.tiktok.com\/@plejada_pl\" id=\"1ebeee74-7573-467d-a0d1-3ddf43a8a7b3\" target=\"_blank\"> TikToku<\/a>.Chcesz podzieli\u0107 si\u0119 ciekawym newsem lub zaproponowa\u0107 temat? Skontaktuj si\u0119 z nami, pisz\u0105c maila na adres: <a rel=\"nofollow noopener\" href=\"https:\/\/plejada.pl\/newsy\/top-of-the-top-sopot-festival-fala-komentarzy-po-wystepie-dawida-kwiatkowskiego\/mailto:plejada@redakcjaonet.pl\" id=\"e3a9fc9d-68ca-47fb-9057-fccca6d7a776\" target=\"_blank\">plejada@redakcjaonet.pl<\/a>.<script async src=\"\/\/www.instagram.com\/embed.js\"><\/script><script async src=\"\/\/www.tiktok.com\/embed.js\"><\/script><\/p>\n","protected":false},"excerpt":{"rendered":"W poniedzia\u0142ek 24 sierpnia rozpocz\u0119\u0142a si\u0119 kolejna edycja Top of the Top Sopot Festival. Pierwszy koncert po\u015bwi\u0119cony by\u0142&hellip;\n","protected":false},"author":2,"featured_media":644771,"comment_status":"","ping_status":"","sticky":false,"template":"","format":"standard","meta":{"footnotes":"","_share_on_mastodon":"0"},"categories":[22],"tags":[61195,7281,122,37297,48,125,46,42,38,40,39,41,123,47,1063,126324,318],"class_list":["post-644770","post","type-post","status-publish","format-standard","has-post-thumbnail","category-rozrywka","tag-bottomfeed_styl","tag-dawid_kwiatkowski","tag-entertainment","tag-festiwal_w_sopocie","tag-nat_styl","tag-newsy","tag-omp","tag-pl","tag-poland","tag-polish","tag-polska","tag-polski","tag-rozrywka","tag-screening_general","tag-sopot","tag-top_of_the_top_sopot_festival","tag-tvn"],"share_on_mastodon":{"url":"https:\/\/pubeurope.com\/@pl\/117154807861314170","error":""},"_links":{"self":[{"href":"https:\/\/www.europesays.com\/pl\/wp-json\/wp\/v2\/posts\/644770","targetHints":{"allow":["GET"]}}],"collection":[{"href":"https:\/\/www.europesays.com\/pl\/wp-json\/wp\/v2\/posts"}],"about":[{"href":"https:\/\/www.europesays.com\/pl\/wp-json\/wp\/v2\/types\/post"}],"author":[{"embeddable":true,"href":"https:\/\/www.europesays.com\/pl\/wp-json\/wp\/v2\/users\/2"}],"replies":[{"embeddable":true,"href":"https:\/\/www.europesays.com\/pl\/wp-json\/wp\/v2\/comments?post=644770"}],"version-history":[{"count":0,"href":"https:\/\/www.europesays.com\/pl\/wp-json\/wp\/v2\/posts\/644770\/revisions"}],"wp:featuredmedia":[{"embeddable":true,"href":"https:\/\/www.europesays.com\/pl\/wp-json\/wp\/v2\/media\/644771"}],"wp:attachment":[{"href":"https:\/\/www.europesays.com\/pl\/wp-json\/wp\/v2\/media?parent=644770"}],"wp:term":[{"taxonomy":"category","embeddable":true,"href":"https:\/\/www.europesays.com\/pl\/wp-json\/wp\/v2\/categories?post=644770"},{"taxonomy":"post_tag","embeddable":true,"href":"https:\/\/www.europesays.com\/pl\/wp-json\/wp\/v2\/tags?post=644770"}],"curies":[{"name":"wp","href":"https:\/\/api.w.org\/{rel}","templated":true}]}}