{"id":644784,"date":"2026-08-25T06:53:12","date_gmt":"2026-08-25T06:53:12","guid":{"rendered":"https:\/\/www.europesays.com\/pl\/644784\/"},"modified":"2026-08-25T06:53:12","modified_gmt":"2026-08-25T06:53:12","slug":"tyle-kosztuja-weta-nawrockiego-budzet-traci-fitch-ostrzega-polske","status":"publish","type":"post","link":"https:\/\/www.europesays.com\/pl\/644784\/","title":{"rendered":"Tyle kosztuj\u0105 weta Nawrockiego. Bud\u017cet traci, Fitch ostrzega Polsk\u0119"},"content":{"rendered":"<p>Weta prezydenta mog\u0105 kosztowa\u0107 miliardy. Najdro\u017csze dotyczy\u0142o paliw<\/p>\n<p class=\"font-primary mb-8 text-lg leading-[1.55] [&amp;_a]:text-[#23437D] [&amp;_a]:underline [&amp;_a]:font-bold\">Z zestawienia resortu finans\u00f3w wynika, \u017ce najwi\u0119ksze<br \/>\n<a href=\"https:\/\/polskieradio24.pl\/pieniadze\/tyle-kosztowaly-weta-karola-nawrockiego-oto-bilans-pierwszego-roku\" rel=\"nofollow noopener\" target=\"_blank\">konsekwencje dla tegorocznych dochod\u00f3w bud\u017cetowych ma weto<\/a> ustawy o podatku od<br \/>\nnadzwyczajnych zysk\u00f3w z tytu\u0142u wytwarzania niekt\u00f3rych paliw ciek\u0142ych i ich<br \/>\nobrotu osi\u0105gni\u0119tych w 2026 roku. Wed\u0142ug wylicze\u0144 koszt tej decyzji wynosi 3,8<br \/>\nmld z\u0142.<\/p>\n<p class=\"font-primary mb-8 text-lg leading-[1.55] [&amp;_a]:text-[#23437D] [&amp;_a]:underline [&amp;_a]:font-bold\">Drugie pod wzgl\u0119dem skutk\u00f3w finansowych jest weto dotycz\u0105ce<br \/>\npodniesienia akcyzy na alkohol. W tym przypadku resort finans\u00f3w szacuje ubytek<br \/>\nwp\u0142yw\u00f3w na 1,8 mld z\u0142.<\/p>\n<p class=\"font-primary mb-8 text-lg leading-[1.55] [&amp;_a]:text-[#23437D] [&amp;_a]:underline [&amp;_a]:font-bold\">Kolejne pozycje obejmuj\u0105 ustaw\u0119 wprowadzaj\u0105c\u0105 system SENT w<br \/>\nobrocie betonem. Jej zawetowanie ma oznacza\u0107 1,2 mld z\u0142 mniejszych<br \/>\nwp\u0142yw\u00f3w do bud\u017cetu.<\/p>\n<p>Kolejne weta i setki milion\u00f3w z\u0142otych<\/p>\n<p class=\"font-primary mb-8 text-lg leading-[1.55] [&amp;_a]:text-[#23437D] [&amp;_a]:underline [&amp;_a]:font-bold\">Resort finans\u00f3w oszacowa\u0142 r\u00f3wnie\u017c skutki weta ustawy<br \/>\npodwy\u017cszaj\u0105cej op\u0142at\u0119 cukrow\u0105 z 50 do 70 groszy. Wed\u0142ug przedstawionych<br \/>\nwylicze\u0144 chodzi o 0,9 mld z\u0142.<\/p>\n<p class=\"font-primary mb-8 text-lg leading-[1.55] [&amp;_a]:text-[#23437D] [&amp;_a]:underline [&amp;_a]:font-bold\">Mniejsze, ale r\u00f3wnie\u017c uwzgl\u0119dnione w zestawieniu skutki maj\u0105<br \/>\nweta dotycz\u0105ce podatku dochodowego od os\u00f3b prawnych oraz podatku dochodowego od<br \/>\nos\u00f3b fizycznych od wygranych. W pierwszym przypadku resort wskaza\u0142 0,2 mld<br \/>\nz\u0142, a w drugim 0,14 mld z\u0142.<\/p>\n<p class=\"text-dark text-center text-lg leading-[1.35] font-semibold md:!text-2xl\">\u0141\u0105cznie sze\u015b\u0107 decyzji prezydenta daje wed\u0142ug wylicze\u0144 Ministerstwa Finans\u00f3w 8,04 mld z\u0142 skutk\u00f3w dla tegorocznego bud\u017cetu.<\/p>\n<p class=\"font-primary mb-8 text-lg leading-[1.55] [&amp;_a]:text-[#23437D] [&amp;_a]:underline [&amp;_a]:font-bold\">&#8222;Rzeczpospolita&#8221; zaznaczy\u0142a przy tym, \u017ce zestawienie MF nie<br \/>\nobejmuje wszystkich zawetowanych ustaw. Pozosta\u0142ych decyzji nie uwzgl\u0119dniono,<br \/>\nponiewa\u017c w wi\u0119kszo\u015bci nie spowodowa\u0142y one bezpo\u015brednich skutk\u00f3w bud\u017cetowych.<\/p>\n<p>Redakcja polecaFitch zwraca uwag\u0119 na konflikt w\u0142adzy<\/p>\n<p class=\"font-primary mb-8 text-lg leading-[1.55] [&amp;_a]:text-[#23437D] [&amp;_a]:underline [&amp;_a]:font-bold\">W tle sporu o decyzje prezydenta pozostaje r\u00f3wnie\u017c ocena<br \/>\nsytuacji gospodarczej Polski. W pi\u0105tek 21 sierpnia agencja Fitch utrzyma\u0142a<br \/>\nrating Polski na poziomie A-\/F1 zar\u00f3wno dla d\u0142ugo- i kr\u00f3tkoterminowych<br \/>\nzobowi\u0105za\u0144 w walucie zagranicznej, jak i krajowej.<\/p>\n<p class=\"font-primary mb-8 text-lg leading-[1.55] [&amp;_a]:text-[#23437D] [&amp;_a]:underline [&amp;_a]:font-bold\">Jednocze\u015bnie perspektywa ratingu pozosta\u0142a negatywna.\u00a0Agencja zwr\u00f3ci\u0142a uwag\u0119 na relacje mi\u0119dzy rz\u0105dem a<br \/>\nprezydentem.<\/p>\n<p class=\"text-dark text-center text-lg leading-[1.35] font-semibold md:!text-2xl\">Zdaniem Fitch og\u00f3lny brak wsp\u00f3\u0142pracy, a momentami wr\u0119cz antagonistyczne stosunki mi\u0119dzy obiema stronami, w tym du\u017ca liczba wet prezydenta, ograniczaj\u0105 zdolno\u015b\u0107 Polski do skutecznego wdra\u017cania polityki gospodarczej i reform.<\/p>\n<p>Redakcja poleca<\/p>\n","protected":false},"excerpt":{"rendered":"Weta prezydenta mog\u0105 kosztowa\u0107 miliardy. Najdro\u017csze dotyczy\u0142o paliw Z zestawienia resortu finans\u00f3w wynika, \u017ce najwi\u0119ksze konsekwencje dla tegorocznych&hellip;\n","protected":false},"author":2,"featured_media":644785,"comment_status":"","ping_status":"","sticky":false,"template":"","format":"standard","meta":{"footnotes":"","_share_on_mastodon":"0"},"categories":[62712],"tags":[690,249,2462,1005,6158],"class_list":["post-644784","post","type-post","status-publish","format-standard","has-post-thumbnail","category-karol-nawrocki","tag-karol-nawrocki","tag-ministerstwo-finansow","tag-polska-polityka","tag-prezydent","tag-ustawa"],"share_on_mastodon":{"url":"https:\/\/pubeurope.com\/@pl\/117154834219284165","error":""},"_links":{"self":[{"href":"https:\/\/www.europesays.com\/pl\/wp-json\/wp\/v2\/posts\/644784","targetHints":{"allow":["GET"]}}],"collection":[{"href":"https:\/\/www.europesays.com\/pl\/wp-json\/wp\/v2\/posts"}],"about":[{"href":"https:\/\/www.europesays.com\/pl\/wp-json\/wp\/v2\/types\/post"}],"author":[{"embeddable":true,"href":"https:\/\/www.europesays.com\/pl\/wp-json\/wp\/v2\/users\/2"}],"replies":[{"embeddable":true,"href":"https:\/\/www.europesays.com\/pl\/wp-json\/wp\/v2\/comments?post=644784"}],"version-history":[{"count":0,"href":"https:\/\/www.europesays.com\/pl\/wp-json\/wp\/v2\/posts\/644784\/revisions"}],"wp:featuredmedia":[{"embeddable":true,"href":"https:\/\/www.europesays.com\/pl\/wp-json\/wp\/v2\/media\/644785"}],"wp:attachment":[{"href":"https:\/\/www.europesays.com\/pl\/wp-json\/wp\/v2\/media?parent=644784"}],"wp:term":[{"taxonomy":"category","embeddable":true,"href":"https:\/\/www.europesays.com\/pl\/wp-json\/wp\/v2\/categories?post=644784"},{"taxonomy":"post_tag","embeddable":true,"href":"https:\/\/www.europesays.com\/pl\/wp-json\/wp\/v2\/tags?post=644784"}],"curies":[{"name":"wp","href":"https:\/\/api.w.org\/{rel}","templated":true}]}}