{"id":645179,"date":"2026-08-25T10:56:13","date_gmt":"2026-08-25T10:56:13","guid":{"rendered":"https:\/\/www.europesays.com\/pl\/645179\/"},"modified":"2026-08-25T10:56:13","modified_gmt":"2026-08-25T10:56:13","slug":"gdansk-planowane-wylaczenia-pradu-godz-1210-zgloszenia-czytelnikow","status":"publish","type":"post","link":"https:\/\/www.europesays.com\/pl\/645179\/","title":{"rendered":"Gda\u0144sk &#8211; planowane wy\u0142\u0105czenia pr\u0105du godz. 12:10 &#8211; zg\u0142oszenia czytelnik\u00f3w"},"content":{"rendered":"<p>Jak <a href=\"https:\/\/www.trojmiasto.pl\/raport\/awarie\/Gdansk-planowane-wylaczenia-pradu-rt487225.html\" rel=\"nofollow noopener\" target=\"_blank\">informowali\u015bmy wcze\u015bniej<\/a> (3 dni temu) Gda\u0144sk ulice Bogumi\u0142a Kobieli 4, 9, 10, 12, 16\/1, 25, 27, 29, 29A, -, G 7, GAR, gara\u017c, GARA\u017b, IV-7g, VII-1, X, X-2, XII, 0045.475\/137, 0045.475\/164, 0045.475\/207, 0045.475\/297, 0045.475\/313, 0045.475\/39, 45-475\/195, 45-475\/311, 45-475\/195, 475\/20, Zbigniewa Cybulskiego 16 1.<br \/>\n25 sierpnia 2026 godz. 13:00 &#8211; 16:00<\/p>\n<p>Wi\u0119cej informacji na stronie <a rel=\"nofollow noopener\" target=\"_blank\" href=\"https:\/\/energa-operator.pl\/uslugi\/awarie-i-wylaczenia\/wylaczenia-planowane\">Energa<\/a><\/p>\n","protected":false},"excerpt":{"rendered":"Jak informowali\u015bmy wcze\u015bniej (3 dni temu) Gda\u0144sk ulice Bogumi\u0142a Kobieli 4, 9, 10, 12, 16\/1, 25, 27, 29,&hellip;\n","protected":false},"author":2,"featured_media":645180,"comment_status":"","ping_status":"","sticky":false,"template":"","format":"standard","meta":{"footnotes":"","_share_on_mastodon":"0"},"categories":[51610],"tags":[6485,1048,126444,1064,42,38,40,39,41,1063,6486],"class_list":["post-645179","post","type-post","status-publish","format-standard","has-post-thumbnail","category-gdansk","tag-filmy-czytelnikow","tag-gdansk","tag-gdansk-planowane-wylaczenia-pradu-aktualnosci","tag-gdynia","tag-pl","tag-poland","tag-polish","tag-polska","tag-polski","tag-sopot","tag-zdjecia-gdansk"],"share_on_mastodon":{"url":"","error":""},"_links":{"self":[{"href":"https:\/\/www.europesays.com\/pl\/wp-json\/wp\/v2\/posts\/645179","targetHints":{"allow":["GET"]}}],"collection":[{"href":"https:\/\/www.europesays.com\/pl\/wp-json\/wp\/v2\/posts"}],"about":[{"href":"https:\/\/www.europesays.com\/pl\/wp-json\/wp\/v2\/types\/post"}],"author":[{"embeddable":true,"href":"https:\/\/www.europesays.com\/pl\/wp-json\/wp\/v2\/users\/2"}],"replies":[{"embeddable":true,"href":"https:\/\/www.europesays.com\/pl\/wp-json\/wp\/v2\/comments?post=645179"}],"version-history":[{"count":0,"href":"https:\/\/www.europesays.com\/pl\/wp-json\/wp\/v2\/posts\/645179\/revisions"}],"wp:featuredmedia":[{"embeddable":true,"href":"https:\/\/www.europesays.com\/pl\/wp-json\/wp\/v2\/media\/645180"}],"wp:attachment":[{"href":"https:\/\/www.europesays.com\/pl\/wp-json\/wp\/v2\/media?parent=645179"}],"wp:term":[{"taxonomy":"category","embeddable":true,"href":"https:\/\/www.europesays.com\/pl\/wp-json\/wp\/v2\/categories?post=645179"},{"taxonomy":"post_tag","embeddable":true,"href":"https:\/\/www.europesays.com\/pl\/wp-json\/wp\/v2\/tags?post=645179"}],"curies":[{"name":"wp","href":"https:\/\/api.w.org\/{rel}","templated":true}]}}