{"id":645311,"date":"2026-08-25T12:09:11","date_gmt":"2026-08-25T12:09:11","guid":{"rendered":"https:\/\/www.europesays.com\/pl\/645311\/"},"modified":"2026-08-25T12:09:11","modified_gmt":"2026-08-25T12:09:11","slug":"zelenski-odpowiedzial-tuskowi-zwrocil-sie-do-polakow-jestesmy-wdzieczni","status":"publish","type":"post","link":"https:\/\/www.europesays.com\/pl\/645311\/","title":{"rendered":"Ze\u0142enski odpowiedzia\u0142 Tuskowi. Zwr\u00f3ci\u0142 si\u0119 do Polak\u00f3w. \u201eJeste\u015bmy wdzi\u0119czni\u201d"},"content":{"rendered":"<p>Jak Ze\u0142enski odni\u00f3s\u0142 si\u0119 do gratulacji Tuska z okazji Dnia Niepodleg\u0142o\u015bci.<\/p>\n<p>Co Ze\u0142enski podkre\u015bli\u0142 w swoim or\u0119dziu do narodu ukrai\u0144skiego.<\/p>\n<p>Kt\u00f3rzy europejscy przyw\u00f3dcy odwiedzili Kij\u00f3w.<\/p>\n<p>    <a name=\"eztoc42654535_0_5\" id=\"eztoc42654535_0_5\"\/>Ze\u0142enski odpowiedzia\u0142 Tuskowi<\/p>\n<p>\u201eDzi\u0119kujemy drogi Donaldzie Tusku za serdeczne gratulacje z okazji Dnia Niepodleg\u0142o\u015bci i nieustaj\u0105c\u0105 solidarno\u015b\u0107 z Ukrain\u0105. Jeste\u015bmy wdzi\u0119czni Polsce i ca\u0142emu narodowi polskiemu za wsparcie Ukrainy i Ukrai\u0144c\u00f3w od pierwszych dni pe\u0142nej agresji Rosji\u201d &#8211; napisa\u0142 na portalu X Wo\u0142odymyr Ze\u0142enski.\u00a0<\/p>\n<p>To reakcja na<br \/>\n<a href=\"https:\/\/wiadomosci.radiozet.pl\/polska\/tusk-zwrocil-sie-do-ukraincow-my-wiemy-co-znaczy-placic-najwyzsza-cene\" target=\"_self\" rel=\"dofollow noopener\">\u017cyczenia polskiego premiera skierowane do obywateli Ukrainy<\/a> z okazji 35-lecia niepodleg\u0142o\u015bci.\u00a0\u201eMy, Polacy, wiemy, co znaczy p\u0142aci\u0107 najwy\u017csz\u0105 cen\u0119 za niepodleg\u0142o\u015b\u0107. Wiemy, co znacz\u0105 s\u0142owa \u00bbZa wolno\u015b\u0107 wasz\u0105 i nasz\u0105\u00ab. I dlatego Nar\u00f3d Polski jest dzi\u015b, w Dniu Niepodleg\u0142o\u015bci Ukrainy, ca\u0142ym sercem z walcz\u0105cym Narodem Ukrai\u0144skim&#8221; &#8211; przekaza\u0142 w poniedzia\u0142ek Tusk.\u00a0<\/p>\n<p>W dalszej cz\u0119\u015bci wpisu Ze\u0142enski wprost odni\u00f3s\u0142 si\u0119 do s\u0142\u00f3w u\u017cytych przez Tuska w \u017cyczeniach.\u00a0\u201eDzi\u015b, gdy bronimy prawa wszystkich narod\u00f3w Europy do \u017cycia w wolno\u015bci, s\u0142owa\u00a0\u00bbZa wolno\u015b\u0107 wasz\u0105 i nasz\u0105\u00ab\u00a0po raz kolejny nabieraj\u0105 szczeg\u00f3lnego znaczenia. Razem zwyci\u0119\u017cymy naszego odwiecznego wroga i ochronimy nasze wsp\u00f3lne bezpiecze\u0144stwo\u201d &#8211; zako\u0144czy\u0142 Ze\u0142enski.\u00a0<\/p>\n<p>\t\t\t\t\t\t                                                    \t<a name=\"eztoc42654535_0_6\" id=\"eztoc42654535_0_6\"\/>35-lecie niepodleg\u0142o\u015bci Ukrainy<\/p>\n<p>W poniedzia\u0142ek<br \/>\n<a href=\"https:\/\/wiadomosci.radiozet.pl\/swiat\/35-lecie-niepodleglosci-ukrainy-zelenski-mowil-o-putinie-on-jest-smiertelny\" target=\"_self\" rel=\"dofollow noopener\">Ukraina \u015bwi\u0119towa\u0142a sw\u00f3j Dzie\u0144 Niepodleg\u0142o\u015bci<\/a>. Z tej okazji do Kijowa przybyli europejscy przyw\u00f3dcy, m.in.\u00a0premier Wielkiej Brytanii Andy Burnham czy\u00a0przewodnicz\u0105cy Rady Europejskiej Antonio Costa. Ze\u0142enski zwr\u00f3ci\u0142 si\u0119 r\u00f3wnie\u017c do narodu w specjalnym or\u0119dziu.\u00a0<\/p>\n<p>&#8211;\u00a0Dzi\u015b naprawd\u0119 jest nam wszystkim bardzo, bardzo trudno, ale mocno trzyma nas za r\u0119k\u0119 pewna si\u0142a \u2013 wcale nie niewidzialna. Jest to si\u0142a wsp\u00f3lnego kr\u0119gu: wzajemnego wsparcia, braku w\u0105tpliwo\u015bci co do tego, kto stoi obok, oraz wiary we wszystkich Ukrai\u0144c\u00f3w. I dop\u00f3ki wr\u00f3g nie przerwie tego naszego kr\u0119gu, dop\u00f3ty Ukraina nie upadnie. Wywalczy sw\u00f3j pok\u00f3j. I da rad\u0119 &#8211; m\u00f3wi\u0142 w poniedzia\u0142ek Ze\u0142enski.\u00a0\u00a0<\/p>\n<p>\u0179r\u00f3d\u0142o: Radio ZET<\/p>\n<p>By\u0142e\u015b \u015bwiadkiem czego\u015b niespodziewanego? Masz temat, kt\u00f3rym powinni\u015bmy si\u0119 zaj\u0105\u0107?<\/p>\n<p>Zg\u0142o\u015b spraw\u0119 przez <a href=\"https:\/\/wiadomosci.radiozet.pl\/czerwony-telefon\" target=\"_blank\" title=\"Czerwony telefon Radia Zet\" rel=\"nofollow noopener\">Czerwony telefon Radia ZET<\/a><\/p>\n","protected":false},"excerpt":{"rendered":"Jak Ze\u0142enski odni\u00f3s\u0142 si\u0119 do gratulacji Tuska z okazji Dnia Niepodleg\u0142o\u015bci. Co Ze\u0142enski podkre\u015bli\u0142 w swoim or\u0119dziu do&hellip;\n","protected":false},"author":2,"featured_media":645312,"comment_status":"","ping_status":"","sticky":false,"template":"","format":"standard","meta":{"footnotes":"","_share_on_mastodon":"0"},"categories":[62713],"tags":[1345,6953,101,415,2278,6677],"class_list":["post-645311","post","type-post","status-publish","format-standard","has-post-thumbnail","category-donald-tusk","tag-donald-tusk","tag-niepodleglosc","tag-premier","tag-ukraina","tag-wojna-na-ukrainie","tag-wolodymyr-zelenski"],"share_on_mastodon":{"url":"https:\/\/pubeurope.com\/@pl\/117156076906958750","error":""},"_links":{"self":[{"href":"https:\/\/www.europesays.com\/pl\/wp-json\/wp\/v2\/posts\/645311","targetHints":{"allow":["GET"]}}],"collection":[{"href":"https:\/\/www.europesays.com\/pl\/wp-json\/wp\/v2\/posts"}],"about":[{"href":"https:\/\/www.europesays.com\/pl\/wp-json\/wp\/v2\/types\/post"}],"author":[{"embeddable":true,"href":"https:\/\/www.europesays.com\/pl\/wp-json\/wp\/v2\/users\/2"}],"replies":[{"embeddable":true,"href":"https:\/\/www.europesays.com\/pl\/wp-json\/wp\/v2\/comments?post=645311"}],"version-history":[{"count":0,"href":"https:\/\/www.europesays.com\/pl\/wp-json\/wp\/v2\/posts\/645311\/revisions"}],"wp:featuredmedia":[{"embeddable":true,"href":"https:\/\/www.europesays.com\/pl\/wp-json\/wp\/v2\/media\/645312"}],"wp:attachment":[{"href":"https:\/\/www.europesays.com\/pl\/wp-json\/wp\/v2\/media?parent=645311"}],"wp:term":[{"taxonomy":"category","embeddable":true,"href":"https:\/\/www.europesays.com\/pl\/wp-json\/wp\/v2\/categories?post=645311"},{"taxonomy":"post_tag","embeddable":true,"href":"https:\/\/www.europesays.com\/pl\/wp-json\/wp\/v2\/tags?post=645311"}],"curies":[{"name":"wp","href":"https:\/\/api.w.org\/{rel}","templated":true}]}}