{"id":645371,"date":"2026-08-25T12:50:11","date_gmt":"2026-08-25T12:50:11","guid":{"rendered":"https:\/\/www.europesays.com\/pl\/645371\/"},"modified":"2026-08-25T12:50:11","modified_gmt":"2026-08-25T12:50:11","slug":"remont-s12-miedzy-wezlami-kurow-zachod-i-kurow-wschod-ruch-jedna-jezdnia","status":"publish","type":"post","link":"https:\/\/www.europesays.com\/pl\/645371\/","title":{"rendered":"Remont S12 mi\u0119dzy w\u0119z\u0142ami Kur\u00f3w Zach\u00f3d i Kur\u00f3w Wsch\u00f3d. Ruch jedn\u0105 jezdni\u0105"},"content":{"rendered":"<p>Prace b\u0119d\u0105 prowadzone mi\u0119dzy w\u0119z\u0142ami Kur\u00f3w Zach\u00f3d a Kur\u00f3w Wsch\u00f3d. Podczas remontu ruch na tym fragmencie trasy zostanie skierowany na jedn\u0105 jezdni\u0119.<\/p>\n<p>Kierowcy przeje\u017cd\u017caj\u0105cy remontowanym odcinkiem powinni zachowa\u0107 szczeg\u00f3ln\u0105 ostro\u017cno\u015b\u0107 oraz stosowa\u0107 si\u0119 do obowi\u0105zuj\u0105cego oznakowania.<\/p>\n<p>Jak ju\u017c informowali\u015bmy, w \u015brod\u0119, 26 sierpnia, wykonawca planuje wprowadzenie zmiany organizacji ruchu na drodze krajowej nr 19 w rejonie skrzy\u017cowania z drog\u0105 prowadz\u0105c\u0105 do Leonowa. Kierowcy zostan\u0105 skierowani na specjalnie przygotowany objazd tymczasowy oraz dwa ronda. Zmiana jest konieczna, aby umo\u017cliwi\u0107 bezpieczn\u0105 budow\u0119 w\u0119z\u0142a Niemce Po\u0142udnie i jednocze\u015bnie utrzyma\u0107 przejezdno\u015b\u0107 DK 19.<\/p>\n<p>Tymczasowe rondo u\u0142atwi r\u00f3wnie\u017c wjazd na drog\u0119 krajow\u0105 oraz zjazd z niej w kierunku Leonowa. Kierowcy powinni zachowa\u0107 ostro\u017cno\u015b\u0107 i stosowa\u0107 si\u0119 do tymczasowego oznakowania.<\/p>\n<p><img aria-describedby=\"caption-attachment-524398\" loading=\"lazy\" decoding=\"async\" class=\"wp-image-524398 size-medium\" src=\"https:\/\/www.europesays.com\/pl\/wp-content\/uploads\/2026\/08\/1787662210_578_0b476898-0e98-44b8-b0f8-32ec23c54b3c-640x302.jpg\" alt=\"Remont S12 mi\u0119dzy w\u0119z\u0142ami Kur\u00f3w Zach\u00f3d i Kur\u00f3w Wsch\u00f3d. Ruch jedn\u0105 jezdni\u0105\" width=\"500\" height=\"236\"  \/><\/p>\n<p id=\"caption-attachment-524398\" class=\"wp-caption-text\">fot. GDDKiA Lublin\\zmiana organizacji ruchu na DK 19<\/p>\n<p>\u0179r\u00f3d\u0142o: GDDKiA Lublin<\/p>\n<p>\n                                    <a href=\"https:\/\/www.google.com\/preferences\/source?q=lublin112.pl\" target=\"_blank\" rel=\"noopener noreferrer nofollow\" onclick=\"if (!window.__cfRLUnblockHandlers) return false; gtag(&#039;event&#039;, &#039;google_preferred_source_click&#039;, {&#010;                                           &#039;link_url&#039;: this.href,&#010;                                           &#039;link_text&#039;: &#039;Ustaw lublin112.pl jako preferowane \u017ar\u00f3d\u0142o&#039;&#010;                                       });\" style=\"text-align:center;display:block;\" data-cf-modified-ce280300c609622ac65f9e38-=\"\"><br \/>\n                                        <img decoding=\"async\" src=\"https:\/\/www.europesays.com\/pl\/wp-content\/uploads\/2026\/08\/1787662211_770_lublin112-google-source.webp\" alt=\"Ustaw lublin112.pl jako preferowane \u017ar\u00f3d\u0142o w Google\" style=\"max-width: 70%;\"\/><br \/>\n                                    <\/a><br \/>\n                                    <\/p>\n","protected":false},"excerpt":{"rendered":"Prace b\u0119d\u0105 prowadzone mi\u0119dzy w\u0119z\u0142ami Kur\u00f3w Zach\u00f3d a Kur\u00f3w Wsch\u00f3d. Podczas remontu ruch na tym fragmencie trasy zostanie&hellip;\n","protected":false},"author":2,"featured_media":645372,"comment_status":"","ping_status":"","sticky":false,"template":"","format":"standard","meta":{"footnotes":"","_share_on_mastodon":"0"},"categories":[51612],"tags":[496,126469,126470,92271,1081,52088,42,38,40,39,41,61253,50530,58633],"class_list":["post-645371","post","type-post","status-publish","format-standard","has-post-thumbnail","category-lublin","tag-kierowcy","tag-kurow","tag-kurow-wschod","tag-kurow-zachod","tag-lublin","tag-organizacja-ruchu","tag-pl","tag-poland","tag-polish","tag-polska","tag-polski","tag-remont-nawierzchni","tag-s12","tag-utrudnienia-drogowe"],"share_on_mastodon":{"url":"","error":""},"_links":{"self":[{"href":"https:\/\/www.europesays.com\/pl\/wp-json\/wp\/v2\/posts\/645371","targetHints":{"allow":["GET"]}}],"collection":[{"href":"https:\/\/www.europesays.com\/pl\/wp-json\/wp\/v2\/posts"}],"about":[{"href":"https:\/\/www.europesays.com\/pl\/wp-json\/wp\/v2\/types\/post"}],"author":[{"embeddable":true,"href":"https:\/\/www.europesays.com\/pl\/wp-json\/wp\/v2\/users\/2"}],"replies":[{"embeddable":true,"href":"https:\/\/www.europesays.com\/pl\/wp-json\/wp\/v2\/comments?post=645371"}],"version-history":[{"count":0,"href":"https:\/\/www.europesays.com\/pl\/wp-json\/wp\/v2\/posts\/645371\/revisions"}],"wp:featuredmedia":[{"embeddable":true,"href":"https:\/\/www.europesays.com\/pl\/wp-json\/wp\/v2\/media\/645372"}],"wp:attachment":[{"href":"https:\/\/www.europesays.com\/pl\/wp-json\/wp\/v2\/media?parent=645371"}],"wp:term":[{"taxonomy":"category","embeddable":true,"href":"https:\/\/www.europesays.com\/pl\/wp-json\/wp\/v2\/categories?post=645371"},{"taxonomy":"post_tag","embeddable":true,"href":"https:\/\/www.europesays.com\/pl\/wp-json\/wp\/v2\/tags?post=645371"}],"curies":[{"name":"wp","href":"https:\/\/api.w.org\/{rel}","templated":true}]}}