{"id":645591,"date":"2026-08-25T14:52:13","date_gmt":"2026-08-25T14:52:13","guid":{"rendered":"https:\/\/www.europesays.com\/pl\/645591\/"},"modified":"2026-08-25T14:52:13","modified_gmt":"2026-08-25T14:52:13","slug":"media-tyle-atletico-zaplaci-slaskowi","status":"publish","type":"post","link":"https:\/\/www.europesays.com\/pl\/645591\/","title":{"rendered":"Media. Tyle Atletico zap\u0142aci \u015al\u0105skowi"},"content":{"rendered":"\n<p class=\"contentpart contentpart--default contentpart--text\" data-position=\"0\">Diego Simeone zdecydowa\u0142, \u017ce <a href=\"https:\/\/sportowefakty.wp.pl\/pilka-nozna\/arnau-ortiz\" rel=\"nofollow noopener\" target=\"_blank\">Arnau Ortiz<\/a>\u00a0zas\u0142u\u017cy\u0142 na miejsce w podstawowej jedenastce. Hiszpan przebywa\u0142 na murawie przez 57 minut, a p\u00f3\u017aniej zosta\u0142 zmieniony przez Alexa Baen\u0119, kt\u00f3ry zdoby\u0142 kapitaln\u0105 bramk\u0119 (wi\u0119cej <a href=\"https:\/\/sportowefakty.wp.pl\/pilka-nozna\/1269087\/la-liga-wrocila-a-mistrz-swiata-zachwycil-kapitalny-gol\" rel=\"nofollow noopener\" target=\"blank\">TUTAJ<\/a>).<\/p>\n<p class=\"contentpart contentpart--default contentpart--text\" data-position=\"1\">Ortiz trafi\u0142 do <a href=\"https:\/\/sportowefakty.wp.pl\/pilka-nozna\/atletico-madryt\" rel=\"nofollow noopener\" target=\"_blank\">Atletico Madryt<\/a>\u00a0we wrze\u015bniu poprzedniego roku ze <a href=\"https:\/\/sportowefakty.wp.pl\/pilka-nozna\/slask-wroclaw\" rel=\"nofollow noopener\" target=\"_blank\">\u015al\u0105ska Wroc\u0142aw<\/a>. Jego transfer kosztowa\u0142 300 tys. euro. Polski klub otrzyma r\u00f3wnie\u017c pieni\u0105dze po debiucie pi\u0142karza w pierwszej dru\u017cynie &#8222;Los Colchoneros&#8221;.<\/p>\n<p>  <img decoding=\"async\" src=\"https:\/\/v.wpimg.pl\/X3dwLnN2d1IFFTpdYUl6R0ZNbgcnEHQREVV2TGEGbUtRT2MdOlZ2RBQUKABgQjQcDRotCStBd1IAAWMeIlM7VgwYIAorQAdEFFk_GCkQJQ\" alt=\"\" width=\"45\" height=\"58\" loading=\"lazy\"\/>  <\/p>\n<p class=\"contentpart contentpart--default contentpart--text\" data-position=\"2\">ZOBACZ WIDEO: Niesamowita oprawa kibic\u00f3w Lecha. Wymowne has\u0142o na trybunach<\/p>\n<p class=\"contentpart contentpart--default contentpart--text\" data-position=\"4\">&#8222;Gazeta Wroc\u0142awska&#8221; ustali\u0142a, \u017ce kwota wyniesie 250 tys. euro. Czas poka\u017ce, czy b\u0119d\u0105 to fundusze przeznaczone na wzmocnienie zespo\u0142u. Trener Ante Simundza b\u0119dzie musia\u0142 przez d\u0142u\u017cszy czas radzi\u0107 sobie bez Micha\u0142a Mokrzyckiego, kt\u00f3ry dozna\u0142 powa\u017cnego urazu.<\/p>\n<p class=\"contentpart contentpart--default contentpart--text\" data-position=\"5\">\u015al\u0105sk w pi\u0119ciu meczach ligowych zdoby\u0142 pi\u0119\u0107 punkt\u00f3w. Taki dorobek przek\u0142ada si\u0119 na 12. miejsce w tabeli <a href=\"https:\/\/sportowefakty.wp.pl\/pilka-nozna\/pko-ekstraklasa\" rel=\"nofollow noopener\" target=\"_blank\">PKO Ekstraklasy<\/a>.<\/p>\n<p class=\"contentpart contentpart--default contentpart--text\" data-position=\"6\">Najbli\u017csze spotkanie Wroc\u0142awianie rozegraj\u0105 w pi\u0105tek 28 sierpnia. Ich przeciwnikiem b\u0119dzie Legia Warszawa. Pocz\u0105tek tego starcia o godz. 20:30.<\/p>\n","protected":false},"excerpt":{"rendered":"Diego Simeone zdecydowa\u0142, \u017ce Arnau Ortiz\u00a0zas\u0142u\u017cy\u0142 na miejsce w podstawowej jedenastce. Hiszpan przebywa\u0142 na murawie przez 57 minut,&hellip;\n","protected":false},"author":2,"featured_media":645592,"comment_status":"","ping_status":"","sticky":false,"template":"","format":"standard","meta":{"footnotes":"","_share_on_mastodon":"0"},"categories":[24],"tags":[92720,999,47615,267,538,694,269,540,278,1724,42,38,40,39,41,697,127,126,47851,1853],"class_list":["post-645591","post","type-post","status-publish","format-standard","has-post-thumbnail","category-sport","tag-arnau-ortiz","tag-atletico-madryt","tag-estadio-wanda-metropolitano-w-madrycie","tag-hiszpania","tag-la-liga","tag-madryt","tag-pilka-nozna","tag-pilka-nozna-w-hiszpanii","tag-pilka-w-europie","tag-pko-ekstraklasa","tag-pl","tag-poland","tag-polish","tag-polska","tag-polski","tag-slask-wroclaw","tag-sport","tag-sports","tag-tarczynski-arena","tag-wroclaw"],"share_on_mastodon":{"url":"","error":""},"_links":{"self":[{"href":"https:\/\/www.europesays.com\/pl\/wp-json\/wp\/v2\/posts\/645591","targetHints":{"allow":["GET"]}}],"collection":[{"href":"https:\/\/www.europesays.com\/pl\/wp-json\/wp\/v2\/posts"}],"about":[{"href":"https:\/\/www.europesays.com\/pl\/wp-json\/wp\/v2\/types\/post"}],"author":[{"embeddable":true,"href":"https:\/\/www.europesays.com\/pl\/wp-json\/wp\/v2\/users\/2"}],"replies":[{"embeddable":true,"href":"https:\/\/www.europesays.com\/pl\/wp-json\/wp\/v2\/comments?post=645591"}],"version-history":[{"count":0,"href":"https:\/\/www.europesays.com\/pl\/wp-json\/wp\/v2\/posts\/645591\/revisions"}],"wp:featuredmedia":[{"embeddable":true,"href":"https:\/\/www.europesays.com\/pl\/wp-json\/wp\/v2\/media\/645592"}],"wp:attachment":[{"href":"https:\/\/www.europesays.com\/pl\/wp-json\/wp\/v2\/media?parent=645591"}],"wp:term":[{"taxonomy":"category","embeddable":true,"href":"https:\/\/www.europesays.com\/pl\/wp-json\/wp\/v2\/categories?post=645591"},{"taxonomy":"post_tag","embeddable":true,"href":"https:\/\/www.europesays.com\/pl\/wp-json\/wp\/v2\/tags?post=645591"}],"curies":[{"name":"wp","href":"https:\/\/api.w.org\/{rel}","templated":true}]}}