{"id":645691,"date":"2026-08-25T15:50:09","date_gmt":"2026-08-25T15:50:09","guid":{"rendered":"https:\/\/www.europesays.com\/pl\/645691\/"},"modified":"2026-08-25T15:50:09","modified_gmt":"2026-08-25T15:50:09","slug":"wstrzasajace-wyznanie-trenera-sabalenki","status":"publish","type":"post","link":"https:\/\/www.europesays.com\/pl\/645691\/","title":{"rendered":"Wstrz\u0105saj\u0105ce wyznanie trenera Sabalenki"},"content":{"rendered":"\n<p class=\"contentpart contentpart--default contentpart--text\" data-position=\"0\">Najwi\u0119ksze tenisowe gwiazdy otaczaj\u0105 si\u0119 szerokim gronem ludzi, z kt\u00f3rych ka\u017cdy co\u015b wnosi do zespo\u0142u.\u00a0<a href=\"https:\/\/sportowefakty.wp.pl\/tenis\/aryna-sabalenka\" rel=\"nofollow noopener\" target=\"_blank\">Aryna Sabalenka<\/a>\u00a0jako pierwsza rakieta \u015bwiata ma team, na kt\u00f3ry mo\u017ce liczy\u0107. Jedn\u0105 z wa\u017cniejszych os\u00f3b jest\u00a0<a href=\"https:\/\/sportowefakty.wp.pl\/tenis\/jason-stacy\" rel=\"nofollow noopener\" target=\"_blank\">Jason Stacy<\/a>, kt\u00f3ry od kilku lat dba o przygotowanie fizyczne Bia\u0142orusinki.<\/p>\n<p class=\"contentpart contentpart--default contentpart--text\" data-position=\"1\">Amerykanin opowiedzia\u0142 o swojej przesz\u0142o\u015bci w rozmowie z &#8222;The Times&#8221;. W wieku 13 lat, po \u015bmierci ojca, by\u0142ego pilota ameryka\u0144skich si\u0142 powietrznych, straci\u0142 dach nad g\u0142ow\u0105 i przez kilka lat \u017cy\u0142 na ulicach Tacomy w stanie Waszyngton.<\/p>\n<p>  <img decoding=\"async\" src=\"https:\/\/v.wpimg.pl\/X3dwLnN2d1IFFTpdYUl6R0ZNbgcnEHQREVV2TGEGbUtRT2MdOlZ2RBQUKABgQjQcDRotCStBd1IAAWMeIlM7VgwYIAorQAdEFFk_GCkQJQ\" alt=\"\" width=\"45\" height=\"58\" loading=\"lazy\"\/>  <\/p>\n<p class=\"contentpart contentpart--default contentpart--text\" data-position=\"2\">ZOBACZ WIDEO: Sukces Igi \u015awi\u0105tek znaczy wi\u0119cej ni\u017c jakiekolwiek s\u0142owa<\/p>\n<p class=\"contentpart contentpart--default contentpart--text\" data-position=\"4\">&#8211; Trzech spo\u015br\u00f3d wstrz\u0105\u015bnie\u0144 m\u00f3zgu, kt\u00f3rych dozna\u0142em, nabawi\u0142em si\u0119 po uderzeniach broni\u0105. Zosta\u0142em ugodzony no\u017cem. Strzelano do mnie. By\u0142a to kombinacja znalezienia si\u0119 w z\u0142ym miejscu o w\u0142a\u015bciwym czasie, w niew\u0142a\u015bciwym \u015brodowisku, nie z wyboru, ale z konieczno\u015bci przetrwania. Kilka razy sta\u0142o si\u0119 tak, poniewa\u017c nie chcia\u0142em anga\u017cowa\u0107 si\u0119 w narkotyki. To by\u0142a granica, kt\u00f3rej nie zamierza\u0142em przekroczy\u0107 &#8211; powiedzia\u0142 Stacy.<\/p>\n<p class=\"contentpart contentpart--default contentpart--text\" data-position=\"5\">Posiadacz czarnego pasa w jiu-jitsu podejmowa\u0142 r\u00f3\u017cne prace, aby od\u0142o\u017cy\u0107 pieni\u0105dze, a nast\u0119pnie rozpocz\u0105\u0142 nauk\u0119 terapii sportowej. Przed do\u0142\u0105czeniem do sztabu Sabalenki pracowa\u0142 w wyst\u0119puj\u0105cym w pi\u0142karskiej lidze MLS Seattle Sounders.<\/p>\n<p class=\"contentpart contentpart--default contentpart--text\" data-position=\"6\">&#8211; Wiem, \u017ce brzmi to banalnie, ale w\u0142a\u015bnie tak robi\u0142em. To by\u0142o jak przetrwanie na ulicach. Wiedzia\u0142em, \u017ce je\u015bli chc\u0119 cokolwiek osi\u0105gn\u0105\u0107 w \u017cyciu, musz\u0119 to zrobi\u0107. W ten spos\u00f3b zbudowa\u0142em swoj\u0105 reputacj\u0119, poniewa\u017c ludzie czuli, \u017ce jestem z nimi. Nie by\u0142em nigdzie indziej &#8211; doda\u0142 Amerykanin.<\/p>\n<p>  <img decoding=\"async\" src=\"https:\/\/v.wpimg.pl\/X3dwLnN2d1IFFTpdYUl6R0ZNbgcnEHQREVV2TGEGbUtRT2MdOlZ2RBQUKABgQjQcDRotCStBd1IAAWMeIlM7VgwYIAorQAdEFFk_GCkQJQ\" alt=\"\" width=\"45\" height=\"58\" loading=\"lazy\"\/>  <\/p>\n<p class=\"contentpart contentpart--default contentpart--text\" data-position=\"7\">Stacy rozpocz\u0105\u0142 wsp\u00f3\u0142prac\u0119 z Sabalenk\u0105 w 2018 roku, gdy Bia\u0142orusinka mia\u0142a 20 lat. W kolejnych latach poprawi\u0142a przygotowanie fizyczne i wzbogaci\u0142a sw\u00f3j oparty na sile tenis. Dzi\u0119ki temu w 2023 roku podczas Australian Open zdoby\u0142a pierwszy tytu\u0142 wielkoszlemowy. Od tego czasu do\u0142o\u017cy\u0142a kolejne trzy takie trofea.<\/p>\n","protected":false},"excerpt":{"rendered":"Najwi\u0119ksze tenisowe gwiazdy otaczaj\u0105 si\u0119 szerokim gronem ludzi, z kt\u00f3rych ka\u017cdy co\u015b wnosi do zespo\u0142u.\u00a0Aryna Sabalenka\u00a0jako pierwsza rakieta&hellip;\n","protected":false},"author":2,"featured_media":645692,"comment_status":"","ping_status":"","sticky":false,"template":"","format":"standard","meta":{"footnotes":"","_share_on_mastodon":"0"},"categories":[24],"tags":[517,699,126526,42,38,40,39,41,127,268,126,156,71,157],"class_list":["post-645691","post","type-post","status-publish","format-standard","has-post-thumbnail","category-sport","tag-aryna-sabalenka","tag-bialorus","tag-jason-stacy","tag-pl","tag-poland","tag-polish","tag-polska","tag-polski","tag-sport","tag-sportowybar","tag-sports","tag-tenis","tag-usa","tag-wta"],"share_on_mastodon":{"url":"https:\/\/pubeurope.com\/@pl\/117156946258332595","error":""},"_links":{"self":[{"href":"https:\/\/www.europesays.com\/pl\/wp-json\/wp\/v2\/posts\/645691","targetHints":{"allow":["GET"]}}],"collection":[{"href":"https:\/\/www.europesays.com\/pl\/wp-json\/wp\/v2\/posts"}],"about":[{"href":"https:\/\/www.europesays.com\/pl\/wp-json\/wp\/v2\/types\/post"}],"author":[{"embeddable":true,"href":"https:\/\/www.europesays.com\/pl\/wp-json\/wp\/v2\/users\/2"}],"replies":[{"embeddable":true,"href":"https:\/\/www.europesays.com\/pl\/wp-json\/wp\/v2\/comments?post=645691"}],"version-history":[{"count":0,"href":"https:\/\/www.europesays.com\/pl\/wp-json\/wp\/v2\/posts\/645691\/revisions"}],"wp:featuredmedia":[{"embeddable":true,"href":"https:\/\/www.europesays.com\/pl\/wp-json\/wp\/v2\/media\/645692"}],"wp:attachment":[{"href":"https:\/\/www.europesays.com\/pl\/wp-json\/wp\/v2\/media?parent=645691"}],"wp:term":[{"taxonomy":"category","embeddable":true,"href":"https:\/\/www.europesays.com\/pl\/wp-json\/wp\/v2\/categories?post=645691"},{"taxonomy":"post_tag","embeddable":true,"href":"https:\/\/www.europesays.com\/pl\/wp-json\/wp\/v2\/tags?post=645691"}],"curies":[{"name":"wp","href":"https:\/\/api.w.org\/{rel}","templated":true}]}}