{"id":646010,"date":"2026-08-25T19:08:11","date_gmt":"2026-08-25T19:08:11","guid":{"rendered":"https:\/\/www.europesays.com\/pl\/646010\/"},"modified":"2026-08-25T19:08:11","modified_gmt":"2026-08-25T19:08:11","slug":"ledwo-dostal-powolanie-i-juz-gol-mlody-polak-strzela-dla-hiszpanow","status":"publish","type":"post","link":"https:\/\/www.europesays.com\/pl\/646010\/","title":{"rendered":"Ledwo dosta\u0142 powo\u0142anie i ju\u017c gol. M\u0142ody Polak strzela dla Hiszpan\u00f3w"},"content":{"rendered":"\n<p class=\"contentpart contentpart--default contentpart--text\" data-position=\"0\">M\u0142odzie\u017cowa reprezentacja Hiszpanii U-18 rozgrywa\u0142a we wtorek spotkanie z Arabi\u0105 Saudyjsk\u0105 w turnieju mi\u0119dzynarodowym. <a href=\"https:\/\/sportowefakty.wp.pl\/pilka-nozna\/michal-zuk\" rel=\"nofollow noopener\" target=\"_blank\">Micha\u0142 \u017buk<\/a>, kt\u00f3rego rodzice pochodz\u0105 z Polski, trafi\u0142 do siatki pod koniec pierwszej po\u0142owy po szybkim zagraniu na jeden kontakt z Enzo Alvesem. Spotkanie zako\u0144czy\u0142o si\u0119 wygran\u0105 Hiszpan\u00f3w 2:1.<\/p>\n<p>Micha\u0142 \u017buk z golem dla Hiszpan\u00f3w<\/p>\n<p>  <img decoding=\"async\" src=\"https:\/\/v.wpimg.pl\/X3dwLnN2d1IFFTpdYUl6R0ZNbgcnEHQREVV2TGEGbUtRT2MdOlZ2RBQUKABgQjQcDRotCStBd1IAAWMeIlM7VgwYIAorQAdEFFk_GCkQJQ\" alt=\"\" width=\"45\" height=\"58\" loading=\"lazy\"\/>  <\/p>\n<p class=\"contentpart contentpart--default contentpart--text\" data-position=\"2\">Tym samym w akcji bramkowej dla Hiszpan\u00f3w uczestniczyli dwaj pi\u0142karze, kt\u00f3rzy maj\u0105 korzenie poza P\u00f3\u0142wyspem Iberyjskim. Rodzice Micha\u0142a \u017buka pochodz\u0105 z Zamo\u015bcia, ale \u017cycie zawodowe zwi\u0105zali z Kataloni\u0105, dlatego m\u0142ody pi\u0142karz dorasta\u0142 w Gironie.<\/p>\n<p class=\"contentpart contentpart--default contentpart--text\" data-position=\"3\">ZOBACZ WIDEO: Influencerzy za kierownic\u0105. Gotowy przepis na katastrof\u0119<\/p>\n<p class=\"contentpart contentpart--default contentpart--text\" data-position=\"5\">Natomiast Enzo Alves jest synem <a href=\"https:\/\/sportowefakty.wp.pl\/pilka-nozna\/marcelo\" rel=\"nofollow noopener\" target=\"_blank\">Marcelo<\/a>, legendy <a href=\"https:\/\/sportowefakty.wp.pl\/pilka-nozna\/real-madryt\" rel=\"nofollow noopener\" target=\"_blank\">Realu Madryt<\/a>\u00a0i jednego z najlepszych lewych obro\u0144c\u00f3w w historii. Chocia\u017c 16-latek mia\u0142 mo\u017cliwo\u015b\u0107 reprezentowania Brazylii, sk\u0105d pochodzi jego ojciec, to w karierze juniorskiej postanowi\u0142 broni\u0107 barw &#8222;La Roja&#8221;.<\/p>\n<p class=\"contentpart contentpart--default contentpart--text\" data-position=\"7\">Czas poka\u017ce, jak\u0105 decyzj\u0119 podejm\u0105 \u017buk i Alves w kontek\u015bcie seniorskiej pi\u0142ki. Dla Polaka wtorkowy mecz jest pierwszym wyst\u0119pem w reprezentacji Hiszpanii U-18. Wcze\u015bniej m\u0142ody pomocnik Barcy wyst\u0119powa\u0142 dla &#8222;La Roja&#8221; w dru\u017cynach U-15, U-16 oraz U-17.<\/p>\n<p>  <img decoding=\"async\" src=\"https:\/\/v.wpimg.pl\/X3dwLnN2d1IFFTpdYUl6R0ZNbgcnEHQREVV2TGEGbUtRT2MdOlZ2RBQUKABgQjQcDRotCStBd1IAAWMeIlM7VgwYIAorQAdEFFk_GCkQJQ\" alt=\"\" width=\"45\" height=\"58\" loading=\"lazy\"\/>  <\/p>\n<p class=\"contentpart contentpart--default contentpart--text\" data-position=\"8\">Micha\u0142 \u017buk otrzyma\u0142 powo\u0142anie na spotkanie przeciwko Saudyjczykom w trybie awaryjnym, gdy okaza\u0142o si\u0119, \u017ce kontuzj\u0119 z\u0142apa\u0142 <a href=\"https:\/\/sportowefakty.wp.pl\/pilka-nozna\/ebrim-tunkara\" rel=\"nofollow noopener\" target=\"_blank\">Ebrima Tunkara<\/a>. W kadrze Hiszpanii U-18 jest jeszcze trzech pi\u0142karzy FC Barcelony &#8211; Jordi Pesquer, Sergi Mayans i Raul Exposito.<\/p>\n<p class=\"contentpart contentpart--default contentpart--text\" data-position=\"9\">Najlepiej z tego grona oceniany jest Pesquer. 17-latek jest o krok wy\u017cej w hierarchii ni\u017c \u017buk. Po udanym presezonie lewy obro\u0144ca ma szans\u0119 na wyst\u0119py w pierwszej dru\u017cynie Barcy w nadchodz\u0105cych rozgrywkach.<\/p>\n","protected":false},"excerpt":{"rendered":"M\u0142odzie\u017cowa reprezentacja Hiszpanii U-18 rozgrywa\u0142a we wtorek spotkanie z Arabi\u0105 Saudyjsk\u0105 w turnieju mi\u0119dzynarodowym. Micha\u0142 \u017buk, kt\u00f3rego rodzice&hellip;\n","protected":false},"author":2,"featured_media":646011,"comment_status":"","ping_status":"","sticky":false,"template":"","format":"standard","meta":{"footnotes":"","_share_on_mastodon":"0"},"categories":[24],"tags":[1157,272,267,538,12674,269,540,278,42,38,40,39,41,127,126,4680],"class_list":["post-646010","post","type-post","status-publish","format-standard","has-post-thumbnail","category-sport","tag-barcelona","tag-fc-barcelona","tag-hiszpania","tag-la-liga","tag-michal-zuk","tag-pilka-nozna","tag-pilka-nozna-w-hiszpanii","tag-pilka-w-europie","tag-pl","tag-poland","tag-polish","tag-polska","tag-polski","tag-sport","tag-sports","tag-spotify-camp-nou-w-barcelonie"],"share_on_mastodon":{"url":"https:\/\/pubeurope.com\/@pl\/117157725817447160","error":""},"_links":{"self":[{"href":"https:\/\/www.europesays.com\/pl\/wp-json\/wp\/v2\/posts\/646010","targetHints":{"allow":["GET"]}}],"collection":[{"href":"https:\/\/www.europesays.com\/pl\/wp-json\/wp\/v2\/posts"}],"about":[{"href":"https:\/\/www.europesays.com\/pl\/wp-json\/wp\/v2\/types\/post"}],"author":[{"embeddable":true,"href":"https:\/\/www.europesays.com\/pl\/wp-json\/wp\/v2\/users\/2"}],"replies":[{"embeddable":true,"href":"https:\/\/www.europesays.com\/pl\/wp-json\/wp\/v2\/comments?post=646010"}],"version-history":[{"count":0,"href":"https:\/\/www.europesays.com\/pl\/wp-json\/wp\/v2\/posts\/646010\/revisions"}],"wp:featuredmedia":[{"embeddable":true,"href":"https:\/\/www.europesays.com\/pl\/wp-json\/wp\/v2\/media\/646011"}],"wp:attachment":[{"href":"https:\/\/www.europesays.com\/pl\/wp-json\/wp\/v2\/media?parent=646010"}],"wp:term":[{"taxonomy":"category","embeddable":true,"href":"https:\/\/www.europesays.com\/pl\/wp-json\/wp\/v2\/categories?post=646010"},{"taxonomy":"post_tag","embeddable":true,"href":"https:\/\/www.europesays.com\/pl\/wp-json\/wp\/v2\/tags?post=646010"}],"curies":[{"name":"wp","href":"https:\/\/api.w.org\/{rel}","templated":true}]}}