{"id":646146,"date":"2026-08-25T20:33:15","date_gmt":"2026-08-25T20:33:15","guid":{"rendered":"https:\/\/www.europesays.com\/pl\/646146\/"},"modified":"2026-08-25T20:33:15","modified_gmt":"2026-08-25T20:33:15","slug":"totalne-szalenstwo-w-walce-o-lige-mistrzow-asysta-puchacza-dala-dogrywke","status":"publish","type":"post","link":"https:\/\/www.europesays.com\/pl\/646146\/","title":{"rendered":"Totalne szale\u0144stwo w walce o Lig\u0119 Mistrz\u00f3w. Asysta Puchacza da\u0142a dogrywk\u0119"},"content":{"rendered":"\n<p class=\"contentpart contentpart--default contentpart--text\" data-position=\"0\">Wypruli si\u0119 niemi\u0142osiernie pi\u0142karze Sabah FK w ko\u0144c\u00f3wce meczu z Hapoelem Beer Szewa w IV rundzie eliminacji Ligi Mistrz\u00f3w. To by\u0142o spotkanie o by\u0107 albo nie by\u0107 w tych elitarnych rozgrywkach.<\/p>\n<p class=\"contentpart contentpart--default contentpart--text\" data-position=\"1\">Oni byli ju\u017c w zasadzie poza Lig\u0105 Mistrz\u00f3w. By\u0142o 2:2, a to &#8211; przy wygranej Hapoelu 2:1 w pierwszym meczu &#8211; oznacza\u0142o awans dru\u017cyny z Izraela.<\/p>\n<p>  <img decoding=\"async\" src=\"https:\/\/v.wpimg.pl\/X3dwLnN2d1IFFTpdYUl6R0ZNbgcnEHQREVV2TGEGbUtRT2MdOlZ2RBQUKABgQjQcDRotCStBd1IAAWMeIlM7VgwYIAorQAdEFFk_GCkQJQ\" alt=\"\" width=\"45\" height=\"58\" loading=\"lazy\"\/>  <\/p>\n<p class=\"contentpart contentpart--default contentpart--text\" data-position=\"2\">I wtedy przysz\u0142a czwarta minuta doliczonego czasu gry. Gospodarze wywalczyli rzut ro\u017cny, Tymoteusz Puchacz zacentrowa\u0142, a bramk\u0119 zdoby\u0142 kompletnie niepilnowany\u00a0Tellur Mutallimov. Przy\u0142o\u017cy\u0142 nog\u0119 i uderzy\u0142 nie do obrony.<\/p>\n<p class=\"contentpart contentpart--default contentpart--text\" data-position=\"3\">ZOBACZ WIDEO: Grabara b\u0119dzie gwiazd\u0105 Juve. &#8222;Nie mam w\u0105tpliwo\u015bci&#8221;<\/p>\n<p class=\"contentpart contentpart--default contentpart--text\" data-position=\"5\">Pi\u0142karze jednej i drugiej dru\u017cyny byli totalnie wyczerpani. W\u0142o\u017cyli mn\u00f3stwo wysi\u0142ku w to spotkanie. Nie mog\u0142a zatem dziwi\u0107 reakcja Puchacza po golu. Polak pad\u0142 na muraw\u0119 i nie podnosi\u0142 si\u0119 przez kilkadziesi\u0105t sekund.<\/p>\n<p class=\"contentpart contentpart--default contentpart--text\" data-position=\"6\">Zreszt\u0105, Puchacz na dogrywk\u0119 ju\u017c nie wyszed\u0142. On da\u0142 z siebie absolutne maksimum.<\/p>\n<p class=\"contentpart contentpart--default contentpart--text\" data-position=\"7\">Polak wyst\u0105pi\u0142 we wszystkich o\u015bmiu meczach eliminacyjnych. I w ka\u017cdym rozegra\u0142 po 90 minut. To by\u0142a jego pi\u0105ta asysta w tym sezonie.<\/p>\n<p>  <img decoding=\"async\" src=\"https:\/\/v.wpimg.pl\/X3dwLnN2d1IFFTpdYUl6R0ZNbgcnEHQREVV2TGEGbUtRT2MdOlZ2RBQUKABgQjQcDRotCStBd1IAAWMeIlM7VgwYIAorQAdEFFk_GCkQJQ\" alt=\"\" width=\"45\" height=\"58\" loading=\"lazy\"\/>  <\/p>\n<p class=\"contentpart contentpart--default contentpart--text\" data-position=\"8\">Zobacz asyst\u0119 Puchacza:<\/p>\n","protected":false},"excerpt":{"rendered":"Wypruli si\u0119 niemi\u0142osiernie pi\u0142karze Sabah FK w ko\u0144c\u00f3wce meczu z Hapoelem Beer Szewa w IV rundzie eliminacji Ligi&hellip;\n","protected":false},"author":2,"featured_media":646147,"comment_status":"","ping_status":"","sticky":false,"template":"","format":"standard","meta":{"footnotes":"","_share_on_mastodon":"0"},"categories":[24],"tags":[990,23365,693,96877,270,989,269,42,38,40,39,41,48685,127,126,23366,12010],"class_list":["post-646146","post","type-post","status-publish","format-standard","has-post-thumbnail","category-sport","tag-azerbejdzan","tag-baku","tag-europejskie-puchary","tag-hapoel-beer-szewa","tag-liga-mistrzow","tag-pilka-na-swiecie","tag-pilka-nozna","tag-pl","tag-poland","tag-polish","tag-polska","tag-polski","tag-sabah-fk","tag-sport","tag-sports","tag-stadion-im-tofika-bachramowa-w-baku","tag-tymoteusz-puchacz"],"share_on_mastodon":{"url":"https:\/\/pubeurope.com\/@pl\/117158058871041135","error":""},"_links":{"self":[{"href":"https:\/\/www.europesays.com\/pl\/wp-json\/wp\/v2\/posts\/646146","targetHints":{"allow":["GET"]}}],"collection":[{"href":"https:\/\/www.europesays.com\/pl\/wp-json\/wp\/v2\/posts"}],"about":[{"href":"https:\/\/www.europesays.com\/pl\/wp-json\/wp\/v2\/types\/post"}],"author":[{"embeddable":true,"href":"https:\/\/www.europesays.com\/pl\/wp-json\/wp\/v2\/users\/2"}],"replies":[{"embeddable":true,"href":"https:\/\/www.europesays.com\/pl\/wp-json\/wp\/v2\/comments?post=646146"}],"version-history":[{"count":0,"href":"https:\/\/www.europesays.com\/pl\/wp-json\/wp\/v2\/posts\/646146\/revisions"}],"wp:featuredmedia":[{"embeddable":true,"href":"https:\/\/www.europesays.com\/pl\/wp-json\/wp\/v2\/media\/646147"}],"wp:attachment":[{"href":"https:\/\/www.europesays.com\/pl\/wp-json\/wp\/v2\/media?parent=646146"}],"wp:term":[{"taxonomy":"category","embeddable":true,"href":"https:\/\/www.europesays.com\/pl\/wp-json\/wp\/v2\/categories?post=646146"},{"taxonomy":"post_tag","embeddable":true,"href":"https:\/\/www.europesays.com\/pl\/wp-json\/wp\/v2\/tags?post=646146"}],"curies":[{"name":"wp","href":"https:\/\/api.w.org\/{rel}","templated":true}]}}