{"id":64619,"date":"2025-10-23T15:21:08","date_gmt":"2025-10-23T15:21:08","guid":{"rendered":"https:\/\/www.europesays.com\/pl\/64619\/"},"modified":"2025-10-23T15:21:08","modified_gmt":"2025-10-23T15:21:08","slug":"karol-nawrocki-krytycznie-o-sedziach-czesc-nadal-sie-nie-rozliczyla","status":"publish","type":"post","link":"https:\/\/www.europesays.com\/pl\/64619\/","title":{"rendered":"Karol Nawrocki krytycznie o s\u0119dziach. &#8222;Cz\u0119\u015b\u0107 nadal si\u0119 nie rozliczy\u0142a&#8221;"},"content":{"rendered":"<p class=\"ods-c-paragraph \">&#8222;Jak to mo\u017cliwe, \u017ce cz\u0119\u015b\u0107 \u015brodowisk politycznych i prawniczych nie ma problemu z uznawaniem niezawis\u0142o\u015bci s\u0119dzi\u00f3w mianowanych przez komunistyczn\u0105 Rad\u0119 Pa\u0144stwa, kt\u00f3rzy \u015blubowali stanie na stra\u017cy socjalistycznego ustroju, a jednocze\u015bnie ostentacyjnie i bezprawnie kwestionuje status s\u0119dzi\u00f3w wykszta\u0142conych i powo\u0142anych w wolnej Polsce&#8221; \u2014 napisa\u0142 prezydent w li\u015bcie, kt\u00f3ry odczyta\u0142 szef prezydenckiej kancelarii Zbigniew Bogucki.<\/p>\n<p class=\"ods-c-paragraph \">Konferencja historyczno-naukowa &#8222;Wymiar niesprawiedliwo\u015bci \u2014 s\u0105downictwo okresu demokracji ludowej. Do\u015bwiadczenia lat 1945-1989&#8221; zorganizowano w czwartek w siedzibie S\u0105du Najwy\u017cszego. Poza przedstawicielami SN wzi\u0119li w niej udzia\u0142 m.in. s\u0119dziowie s\u0105d\u00f3w powszechnych, historycy i prokuratorzy Instytutu Pami\u0119ci Narodowej, przedstawiciele Trybuna\u0142u Konstytucyjnego, a tak\u017ce Muzeum \u017bo\u0142nierzy Wykl\u0119tych i Wi\u0119\u017ani\u00f3w Politycznych okresu PRL.<\/p>\n<p>Dalszy ci\u0105g artyku\u0142u pod materia\u0142em wideo<\/p>\n<p> Jakie tematy poruszono na konferencji w S\u0105dzie Najwy\u017cszym? <\/p>\n<p> Co napisa\u0142 Karol Nawrocki w li\u015bcie dotycz\u0105cym s\u0119dzi\u00f3w? <\/p>\n<p> Kto uczestniczy\u0142 w konferencji po\u015bwi\u0119conej s\u0105downictwu lat 1945-1989? <\/p>\n<p> Jakie pytania postawi\u0142 Karol Nawrocki w swoim li\u015bcie? <\/p>\n<p>  Karol Nawrocki o \u015brodowisku s\u0119dziowskim. &#8222;Nie spos\u00f3b uciec od pyta\u0144&#8221;<\/p>\n<p class=\"ods-c-paragraph \">Prezydent zaznaczy\u0142 w li\u015bcie, \u017ce &#8222;a\u017c do schy\u0142ku PRL wi\u0119kszo\u015b\u0107 s\u0119dzi\u00f3w by\u0142a cz\u0142onkami partii komunistycznej lub jej partii satelickich&#8221;, &#8222;w \u015blubowaniu s\u0119dziowie zobowi\u0105zywali si\u0119 do stania na stra\u017cy socjalistycznego ustroju pa\u0144stwa&#8221;, a s\u0119dzi\u00f3w &#8222;prawdziwie niezawis\u0142ych po prostu usuwano z zawodu&#8221;. Na tym wi\u0119kszy szacunek \u2014 podkre\u015bli\u0142 Nawrocki \u2014 &#8222;zas\u0142u\u017cyli wi\u0119c ci spo\u015br\u00f3d \u00f3wczesnych s\u0119dzi\u00f3w, kt\u00f3rzy starali si\u0119 wykonywa\u0107 swoj\u0105 prac\u0119 uczciwie i nie ulega\u0107 naciskom; jednak ton w s\u0105downictwie nadawali ludzie stalinowskiego terroru&#8221;.<\/p>\n<p class=\"ods-c-paragraph \">&#8222;Pomimo tak daleko posuni\u0119tej deprawacji znacznej cz\u0119\u015bci \u015brodowiska prawniczego w Polsce od 1989 roku a\u017c do dzisiaj stan s\u0119dziowski nie rozliczy\u0142 si\u0119 ca\u0142o\u015bciowo i ostatecznie ze swoj\u0105 przesz\u0142o\u015bci\u0105, w tym ze stalinowskim s\u0105dowym bezprawiem. Zabrak\u0142o te\u017c odpowiednio silnej presji spo\u0142ecznej oraz woli politycznej po stronie w\u0142adzy ustawodawczej i wykonawczej, aby sk\u0142oni\u0107 to \u015brodowisko do czytelnego, jednoznacznego odci\u0119cia si\u0119 od spu\u015bcizny czerwonego totalitaryzmu&#8221; \u2014 napisa\u0142 prezydent.<\/p>\n<p class=\"ods-c-paragraph \">Doda\u0142, \u017ce &#8222;zapewne dlatego wszelkie inicjowane na tym polu procesy naprawcze i restytucyjne napotyka\u0142y przeszkody \u2014 i ostatecznie przyjmowa\u0142y posta\u0107 u\u0142omn\u0105 b\u0105d\u017a cz\u0119\u015bciow\u0105 lub te\u017c ko\u0144czy\u0142y si\u0119 fiaskiem&#8221;. &#8222;Mieli w tym udzia\u0142 tak\u017ce s\u0119dziowie wywodz\u0105cy si\u0119 z poprzedniego systemu oraz ich protegowani, kooptowani do stanu s\u0119dziowskiego pojmowanego jako uk\u0142ad zamkni\u0119ty&#8221; \u2014 napisa\u0142 Nawrocki.<\/p>\n<p class=\"ods-c-paragraph \">Zdaniem prezydenta &#8222;nie spos\u00f3b uciec od kilku pyta\u0144&#8221;. &#8222;W jakich warunkach ukszta\u0142towa\u0142a si\u0119 mentalno\u015b\u0107 cz\u0119\u015bci s\u0119dzi\u00f3w, kt\u00f3rzy \u2014 wspierani przez niekt\u00f3rych polityk\u00f3w i teoretyk\u00f3w prawa \u2014 wzniecili co\u015b w rodzaju rokoszu i odmawiaj\u0105 uznania statusu s\u0119dzi\u00f3w mianowanych przez Prezydenta RP, kt\u00f3rzy przeszli ca\u0142\u0105 przewidzian\u0105 prawem procedur\u0119? Do jakich tradycji nawi\u0105zuj\u0105 ci, kt\u00f3rzy neguj\u0105 obowi\u0105zywanie przepis\u00f3w obecnej ustawy o KRS \u2014 aktu, kt\u00f3ry oparto na najlepszych do\u015bwiadczeniach europejskich, kt\u00f3ry przeszed\u0142 w ca\u0142o\u015bci proces legislacyjny, i kt\u00f3rego konstytucyjno\u015b\u0107 nie zosta\u0142a skutecznie zakwestionowana?&#8221; \u2014 wymieni\u0142.<\/p>\n<p class=\"ods-c-paragraph \">Z kolei I prezes SN Ma\u0142gorzata Manowska powiedzia\u0142a, \u017ce czwartkowa konferencja &#8222;jest elementem szerszego projektu, kt\u00f3rego celem jest pokazanie, jak wa\u017cnym w wymiarze sprawiedliwo\u015bci jest s\u0119dzia jako cz\u0142owiek&#8221;. \u2014 To od cz\u0142owieka, od jego indywidualnego podej\u015bcia do rzeczywisto\u015bci, od jego postawy etycznej, moralnej i warto\u015bci, kt\u00f3rym ho\u0142duje, uzale\u017cnione jest to, czy wymiar sprawiedliwo\u015bci jest sprawiedliwy, czy niesprawiedliwy \u2014 powiedzia\u0142a.<\/p>\n<p class=\"ods-c-paragraph \">I prezes SN zapowiedzia\u0142a, \u017ce planowane jest te\u017c kolejne z serii wydarzenie, kt\u00f3re b\u0119dzie po\u015bwi\u0119cone &#8222;prawnikom i polskim s\u0119dziom \u2014 bohaterom&#8221;.<\/p>\n","protected":false},"excerpt":{"rendered":"&#8222;Jak to mo\u017cliwe, \u017ce cz\u0119\u015b\u0107 \u015brodowisk politycznych i prawniczych nie ma problemu z uznawaniem niezawis\u0142o\u015bci s\u0119dzi\u00f3w mianowanych przez&hellip;\n","protected":false},"author":2,"featured_media":64620,"comment_status":"","ping_status":"","sticky":false,"template":"","format":"standard","meta":{"footnotes":""},"categories":[12],"tags":[32,33,36,37,27,43,49,34,35,790,28,31,48,25,46,4897,42,38,40,39,41,412,1005,47,29,30,26],"class_list":{"0":"post-64619","1":"post","2":"type-post","3":"status-publish","4":"format-standard","5":"has-post-thumbnail","7":"category-polska","8":"tag-breaking-news","9":"tag-breakingnews","10":"tag-featured-news","11":"tag-featurednews","12":"tag-headlines","13":"tag-karol_nawrocki","14":"tag-kraj","15":"tag-latest-news","16":"tag-latestnews","17":"tag-malgorzata_manowska","18":"tag-naglowki","19":"tag-najwazniejsze-artykuly","20":"tag-nat_styl","21":"tag-news","22":"tag-omp","23":"tag-perso_tst0","24":"tag-pl","25":"tag-poland","26":"tag-polish","27":"tag-polska","28":"tag-polski","29":"tag-prawo_sady_prawnicy","30":"tag-prezydent","31":"tag-screening_general","32":"tag-top-stories","33":"tag-topstories","34":"tag-wiadomosci"},"share_on_mastodon":{"url":"https:\/\/pubeurope.com\/@pl\/115424164863137295","error":""},"_links":{"self":[{"href":"https:\/\/www.europesays.com\/pl\/wp-json\/wp\/v2\/posts\/64619","targetHints":{"allow":["GET"]}}],"collection":[{"href":"https:\/\/www.europesays.com\/pl\/wp-json\/wp\/v2\/posts"}],"about":[{"href":"https:\/\/www.europesays.com\/pl\/wp-json\/wp\/v2\/types\/post"}],"author":[{"embeddable":true,"href":"https:\/\/www.europesays.com\/pl\/wp-json\/wp\/v2\/users\/2"}],"replies":[{"embeddable":true,"href":"https:\/\/www.europesays.com\/pl\/wp-json\/wp\/v2\/comments?post=64619"}],"version-history":[{"count":0,"href":"https:\/\/www.europesays.com\/pl\/wp-json\/wp\/v2\/posts\/64619\/revisions"}],"wp:featuredmedia":[{"embeddable":true,"href":"https:\/\/www.europesays.com\/pl\/wp-json\/wp\/v2\/media\/64620"}],"wp:attachment":[{"href":"https:\/\/www.europesays.com\/pl\/wp-json\/wp\/v2\/media?parent=64619"}],"wp:term":[{"taxonomy":"category","embeddable":true,"href":"https:\/\/www.europesays.com\/pl\/wp-json\/wp\/v2\/categories?post=64619"},{"taxonomy":"post_tag","embeddable":true,"href":"https:\/\/www.europesays.com\/pl\/wp-json\/wp\/v2\/tags?post=64619"}],"curies":[{"name":"wp","href":"https:\/\/api.w.org\/{rel}","templated":true}]}}