{"id":646274,"date":"2026-08-25T21:59:17","date_gmt":"2026-08-25T21:59:17","guid":{"rendered":"https:\/\/www.europesays.com\/pl\/646274\/"},"modified":"2026-08-25T21:59:17","modified_gmt":"2026-08-25T21:59:17","slug":"kiedy-pogrzeb-wandy-traczyk-stawskiej-ujawniono-szczegoly","status":"publish","type":"post","link":"https:\/\/www.europesays.com\/pl\/646274\/","title":{"rendered":"Kiedy pogrzeb Wandy Traczyk-Stawskiej? Ujawniono szczeg\u00f3\u0142y"},"content":{"rendered":"<p>Kiedy odb\u0119dzie si\u0119 pogrzeb Wandy Traczyk-Stawskiej.<\/p>\n<p>Gdzie rozpocznie si\u0119 uroczysto\u015b\u0107 pogrzebowa Traczyk-Stawskiej.<\/p>\n<p>Kim by\u0142a Wanda Traczyk-Stawska podczas Powstania Warszawskiego.<\/p>\n<p>    <a name=\"eztoc42660590_0_3\" id=\"eztoc42660590_0_3\"\/>Wanda Traczyk-Stawska nie \u017cyje. Kiedy pogrzeb uczestniczki\u00a0Powstania Warszawskiego?<\/p>\n<p>Marek Michalak, kanclerz Mi\u0119dzynarodowej Kapitu\u0142y Orderu U\u015bmiechu, by\u0142y rzecznik praw dziecka przekaza\u0142 w mediach spo\u0142eczno\u015bciowych, \u017ce pogrzeb Traczyk-Stawskiej odb\u0119dzie si\u0119 w poniedzia\u0142ek, 31 sierpnia.\u00a0Uroczysto\u015bci rozpocznie o godz. 13.30 Msza \u015bwi\u0119ta w ko\u015bciele \u015awi\u0119tego Krzy\u017ca przy ul. Krakowskie Przedmie\u015bcie 3.<\/p>\n<p>Po Mszy, oko\u0142o godz. 15.30, nast\u0105pi odprowadzenie do grobu rodzinnego na Cmentarzu Ewangelicko-Augsburskim przy ul. M\u0142ynarskiej.\u00a0<br \/>\n<a href=\"https:\/\/wiadomosci.radiozet.pl\/polska\/nie-zyje-wanda-traczyk-stawska-odeszla-bohaterka-powstania-warszawskiego\" target=\"_self\" rel=\"dofollow noopener\">Wanda Traczyk-Stawska<\/a> urodzi\u0142a si\u0119 7 kwietnia 1927 r. w Warszawie. By\u0142a psycholo\u017ck\u0105, dzia\u0142aczk\u0105 spo\u0142eczn\u0105 i uczestniczk\u0105 Powstania Warszawskiego, w kt\u00f3rym walczy\u0142a jako \u0142\u0105czniczka i strzelec Szarych Szereg\u00f3w oraz Armii Krajowej pod pseudonimami \u201eAtma\u201d i \u201eP\u0105czek\u201d.<\/p>\n<p>Po upadku zrywu trafi\u0142a do niemieckich oboz\u00f3w jenieckich. Po wojnie uko\u0144czy\u0142a studia psychologiczne na Uniwersytecie Warszawskim. Do p\u00f3\u017anych lat 70. pracowa\u0142a jako nauczycielka w szko\u0142ach specjalnych dla dzieci z niepe\u0142nosprawno\u015bciami. Uczestniczy\u0142a\u00a0w \u017cyciu publicznym, zabieraj\u0105c g\u0142os w sprawach praw cz\u0142owieka, praw kobiet oraz demokratycznych warto\u015bci.<\/p>\n<p>\u0179r\u00f3d\u0142o: Radio ZET\/PAP<\/p>\n<p>By\u0142e\u015b \u015bwiadkiem czego\u015b niespodziewanego? Masz temat, kt\u00f3rym powinni\u015bmy si\u0119 zaj\u0105\u0107?<\/p>\n<p>Zg\u0142o\u015b spraw\u0119 przez <a href=\"https:\/\/wiadomosci.radiozet.pl\/czerwony-telefon\" target=\"_blank\" title=\"Czerwony telefon Radia Zet\" rel=\"nofollow noopener\">Czerwony telefon Radia ZET<\/a><\/p>\n","protected":false},"excerpt":{"rendered":"Kiedy odb\u0119dzie si\u0119 pogrzeb Wandy Traczyk-Stawskiej. Gdzie rozpocznie si\u0119 uroczysto\u015b\u0107 pogrzebowa Traczyk-Stawskiej. Kim by\u0142a Wanda Traczyk-Stawska podczas Powstania&hellip;\n","protected":false},"author":2,"featured_media":646275,"comment_status":"","ping_status":"","sticky":false,"template":"","format":"standard","meta":{"footnotes":"","_share_on_mastodon":"0"},"categories":[51605],"tags":[42,393,38,40,39,41,57548,511,435],"class_list":["post-646274","post","type-post","status-publish","format-standard","has-post-thumbnail","category-warszawa","tag-pl","tag-pogrzeb","tag-poland","tag-polish","tag-polska","tag-polski","tag-powstanie-warszawskie","tag-smierc","tag-warszawa"],"share_on_mastodon":{"url":"https:\/\/pubeurope.com\/@pl\/117158396859957884","error":""},"_links":{"self":[{"href":"https:\/\/www.europesays.com\/pl\/wp-json\/wp\/v2\/posts\/646274","targetHints":{"allow":["GET"]}}],"collection":[{"href":"https:\/\/www.europesays.com\/pl\/wp-json\/wp\/v2\/posts"}],"about":[{"href":"https:\/\/www.europesays.com\/pl\/wp-json\/wp\/v2\/types\/post"}],"author":[{"embeddable":true,"href":"https:\/\/www.europesays.com\/pl\/wp-json\/wp\/v2\/users\/2"}],"replies":[{"embeddable":true,"href":"https:\/\/www.europesays.com\/pl\/wp-json\/wp\/v2\/comments?post=646274"}],"version-history":[{"count":0,"href":"https:\/\/www.europesays.com\/pl\/wp-json\/wp\/v2\/posts\/646274\/revisions"}],"wp:featuredmedia":[{"embeddable":true,"href":"https:\/\/www.europesays.com\/pl\/wp-json\/wp\/v2\/media\/646275"}],"wp:attachment":[{"href":"https:\/\/www.europesays.com\/pl\/wp-json\/wp\/v2\/media?parent=646274"}],"wp:term":[{"taxonomy":"category","embeddable":true,"href":"https:\/\/www.europesays.com\/pl\/wp-json\/wp\/v2\/categories?post=646274"},{"taxonomy":"post_tag","embeddable":true,"href":"https:\/\/www.europesays.com\/pl\/wp-json\/wp\/v2\/tags?post=646274"}],"curies":[{"name":"wp","href":"https:\/\/api.w.org\/{rel}","templated":true}]}}