{"id":646372,"date":"2026-08-25T23:05:11","date_gmt":"2026-08-25T23:05:11","guid":{"rendered":"https:\/\/www.europesays.com\/pl\/646372\/"},"modified":"2026-08-25T23:05:11","modified_gmt":"2026-08-25T23:05:11","slug":"mychajlo-fedorow-o-wojnie-z-rosja-powoli-ja-przegrywamy","status":"publish","type":"post","link":"https:\/\/www.europesays.com\/pl\/646372\/","title":{"rendered":"Mychaj\u0142o Fedorow o wojnie z Rosj\u0105. &#8222;Powoli j\u0105 przegrywamy&#8221;"},"content":{"rendered":"<p>\u2014 Ukraina wci\u0105\u017c ma wszelkie szanse na zwyci\u0119stwo, ale pilnie potrzebuje planu zako\u0144czenia wojny \u2014 podkre\u015bli\u0142 we wtorkowym wywiadzie dla Agencji Reutera Mychaj\u0142o Fedorow.<\/p>\n<p>Skonfliktowany z prezydentem Wo\u0142odymyrem Ze\u0142enskim polityk doda\u0142, \u017ce potrzebne dzia\u0142ania s\u0105 wstrzymywane przez &#8222;zakorzenion\u0105 korupcj\u0119, klientelizm i brak niezale\u017cno\u015bci politycznej w instytucjach rz\u0105dowych&#8221;.<\/p>\n<p>\u2014 My\u015bl\u0119, \u017ce nadszed\u0142 punkt zwrotny, kt\u00f3ry zdecyduje o naszym przysz\u0142ym kierunku, ale wygl\u0105da na to, \u017ce na razie stopniowo, powoli przegrywamy \u2014 stwierdzi\u0142.<\/p>\n<p>Dalszy ci\u0105g artyku\u0142u pod materia\u0142em wideoBy\u0142y minister obrony Ukrainy: pa\u0144stwo dzia\u0142a na 5 proc.<\/p>\n<p>Mychaj\u0142o Fedorow przypomnia\u0142, \u017ce by\u0142 g\u0142\u00f3wnym inicjatorem trwaj\u0105cej kampanii dronowych nalot\u00f3w dalekiego zasi\u0119gu na cele energetyczne, logistyczne i wojskowe w Rosji. Uwa\u017cany za or\u0119downika nowych technologii polityk podkre\u015bli\u0142 rol\u0119 autonomicznych bezza\u0142ogowc\u00f3w, sztucznej inteligencji i elektroniki w walce z Rosj\u0105 oraz zaznaczy\u0142, \u017ce upowszechnienie tych system\u00f3w pozwoli\u0142oby na zminimalizowanie udzia\u0142u \u017co\u0142nierzy w walce.<\/p>\n<p>\u2014 Ju\u017c istniej\u0105 technologie, kt\u00f3re pozwoli\u0142yby na ca\u0142kowite zatrzymanie Rosjan \u2014 podkre\u015bli\u0142, dodaj\u0105c, \u017ce Ukraina nie u\u017cywa ich &#8222;z powodu braku wizji&#8221;.<\/p>\n<p>By\u0142y ukrai\u0144ski minister wezwany przez parlament. Odpowie na pytania o korupcj\u0119<img class=\"ods-a-photo ods-a-photo--background\" src=\"https:\/\/www.europesays.com\/pl\/wp-content\/uploads\/2026\/08\/R9Ik9lBaHR0cHM6Ly9vY2RuLmV1L3B1bHNjbXMvTURBXy9mYTUwYWY5OTlhOTJkNjAzZjMyN2FhZjg0ZjNmNjkwZC5qcGeRlQLNA.jpeg\" height=\"300\" width=\"450\" alt=\"Mychaj\u0142o Fedorow\" loading=\"lazy\" fetchpriority=\"low\" decoding=\"async\"\/><\/p>\n<p>Mychaj\u0142o Fedorow skrytykowa\u0142 marnowanie potencja\u0142u i nieefektywno\u015b\u0107 ukrai\u0144skiego pa\u0144stwa, kt\u00f3re &#8222;dzia\u0142a na 5 procent&#8221;. Wed\u0142ug polityka Ukraina ma jeszcze kilka miesi\u0119cy na kontynuowanie atak\u00f3w dalekiego zasi\u0119g i odizolowanie Krymu, zanim Rosja wypracuje metody radzenia sobie z taktyk\u0105 Kijowa.<\/p>\n<p>Zarzuty by\u0142ego ministra. Komentarz biura Wo\u0142odymyra Ze\u0142enskiego<\/p>\n<p>Biuro prezydenta Wo\u0142odymyra Ze\u0142enskiego poproszone o skomentowanie tych wypowiedzi przekaza\u0142o, \u017ce Mychaj\u0142o Fedorow, gdy zajmowa\u0142 jeszcze stanowisko ministra obrony, pozytywnie ocenia\u0142 spos\u00f3b prowadzenia wojny. &#8222;Od tego czasu zmieni\u0142a si\u0119 jedynie jego sytuacja osobista&#8221; \u2014 czytamy w odpowiedzi.<\/p>\n<p>35-letni Mychaj\u0142o Fedorow by\u0142 ministrem obrony Ukrainy przez p\u00f3\u0142 roku, zosta\u0142 zdymisjonowany w po\u0142owie lipca. Rozpocz\u0105\u0142 reformy systemu zam\u00f3wie\u0144 dla wojska i procedur mobilizacyjnych, co wywo\u0142a\u0142o jego konflikt z establishmentem wojskowym i politycznymi rywalami \u2014 przypomnia\u0142 Reuters. Polityk opowiedzia\u0142 si\u0119 tak\u017ce za przeprowadzeniem w Ukrainie wybor\u00f3w mimo trwaj\u0105cej wojny, co odrzuca Wo\u0142odymyr Ze\u0142enski.<\/p>\n","protected":false},"excerpt":{"rendered":"\u2014 Ukraina wci\u0105\u017c ma wszelkie szanse na zwyci\u0119stwo, ale pilnie potrzebuje planu zako\u0144czenia wojny \u2014 podkre\u015bli\u0142 we wtorkowym&hellip;\n","protected":false},"author":2,"featured_media":646373,"comment_status":"","ping_status":"","sticky":false,"template":"","format":"standard","meta":{"footnotes":"","_share_on_mastodon":"0"},"categories":[5],"tags":[61195,32,33,36,37,27,76,2882,49,34,35,37810,28,31,48,25,46,42,38,40,39,41,87,47,29,30,415,26,309],"class_list":["post-646372","post","type-post","status-publish","format-standard","has-post-thumbnail","category-naglowki","tag-bottomfeed_styl","tag-breaking-news","tag-breakingnews","tag-featured-news","tag-featurednews","tag-headlines","tag-inwazja_rosji_na_ukraine","tag-korupcja","tag-kraj","tag-latest-news","tag-latestnews","tag-mychajlo_fedorow","tag-naglowki","tag-najwazniejsze-artykuly","tag-nat_styl","tag-news","tag-omp","tag-pl","tag-poland","tag-polish","tag-polska","tag-polski","tag-rosja","tag-screening_general","tag-top-stories","tag-topstories","tag-ukraina","tag-wiadomosci","tag-wolodymyr_zelenski"],"share_on_mastodon":{"url":"https:\/\/pubeurope.com\/@pl\/117158657388247032","error":""},"_links":{"self":[{"href":"https:\/\/www.europesays.com\/pl\/wp-json\/wp\/v2\/posts\/646372","targetHints":{"allow":["GET"]}}],"collection":[{"href":"https:\/\/www.europesays.com\/pl\/wp-json\/wp\/v2\/posts"}],"about":[{"href":"https:\/\/www.europesays.com\/pl\/wp-json\/wp\/v2\/types\/post"}],"author":[{"embeddable":true,"href":"https:\/\/www.europesays.com\/pl\/wp-json\/wp\/v2\/users\/2"}],"replies":[{"embeddable":true,"href":"https:\/\/www.europesays.com\/pl\/wp-json\/wp\/v2\/comments?post=646372"}],"version-history":[{"count":0,"href":"https:\/\/www.europesays.com\/pl\/wp-json\/wp\/v2\/posts\/646372\/revisions"}],"wp:featuredmedia":[{"embeddable":true,"href":"https:\/\/www.europesays.com\/pl\/wp-json\/wp\/v2\/media\/646373"}],"wp:attachment":[{"href":"https:\/\/www.europesays.com\/pl\/wp-json\/wp\/v2\/media?parent=646372"}],"wp:term":[{"taxonomy":"category","embeddable":true,"href":"https:\/\/www.europesays.com\/pl\/wp-json\/wp\/v2\/categories?post=646372"},{"taxonomy":"post_tag","embeddable":true,"href":"https:\/\/www.europesays.com\/pl\/wp-json\/wp\/v2\/tags?post=646372"}],"curies":[{"name":"wp","href":"https:\/\/api.w.org\/{rel}","templated":true}]}}