{"id":646498,"date":"2026-08-26T00:40:20","date_gmt":"2026-08-26T00:40:20","guid":{"rendered":"https:\/\/www.europesays.com\/pl\/646498\/"},"modified":"2026-08-26T00:40:20","modified_gmt":"2026-08-26T00:40:20","slug":"weta-nawrockiego-moga-oznaczac-804-mld-zl-mniej-sa-wyliczenia-mf-wprost","status":"publish","type":"post","link":"https:\/\/www.europesays.com\/pl\/646498\/","title":{"rendered":"Weta Nawrockiego mog\u0105 oznacza\u0107 8,04 mld z\u0142 mniej. S\u0105 wyliczenia MF \u2013 Wprost"},"content":{"rendered":"\n<p>&#13;<br \/>\nMinisterstwo Finans\u00f3w wyliczy\u0142o skutki decyzji prezydenta Karola Nawrockiego dla\u00a0tegorocznego bud\u017cetu. Z\u00a0zestawienia przygotowanego na\u00a0pro\u015bb\u0119 \u201eRzeczpospolitej\u201d wynika, \u017ce\u00a0sze\u015b\u0107 zablokowanych ustaw mo\u017ce oznacza\u0107 \u0142\u0105cznie 8,04 mld z\u0142 ni\u017cszych dochod\u00f3w. Nie\u00a0chodzi o\u00a0pieni\u0105dze ju\u017c wydane z\u00a0pa\u0144stwowej kasy, lecz o\u00a0planowane wp\u0142ywy, kt\u00f3re nie\u00a0zostan\u0105 osi\u0105gni\u0119te, je\u017celi przygotowane przez rz\u0105d przepisy nie\u00a0zaczn\u0105 obowi\u0105zywa\u0107. &#13;\n<\/p>\n<p>Te decyzje maj\u0105 kosztowa\u0107 najwi\u0119cej<\/p>\n<p>&#13;<br \/>\nNajwi\u0119ksz\u0105 pozycj\u0119 w\u00a0zestawieniu stanowi ustawa przewiduj\u0105ca podatek od\u00a0nadzwyczajnych zysk\u00f3w z\u00a0wytwarzania i\u00a0sprzeda\u017cy niekt\u00f3rych paliw ciek\u0142ych. Ministerstwo Finans\u00f3w szacowa\u0142o wp\u0142ywy z\u00a0tego rozwi\u0105zania na\u00a03,8 mld z\u0142. Kolejne pozycje\u00a0to: &#13;\n<\/p>\n<p>&#13;<br \/>\n&#13;<br \/>\npodwy\u017cszenie akcyzy na\u00a0alkohol \u2013\u00a01,8 mld z\u0142 &#13;<br \/>\n&#13;<br \/>\n&#13;<br \/>\nobj\u0119cie obrotu betonem systemem SENT \u2013\u00a01,2 mld z\u0142 &#13;<br \/>\n&#13;<br \/>\n&#13;<br \/>\npodwy\u017cszenie op\u0142aty cukrowej z\u00a050 do\u00a070 gr \u2013\u00a0900 mln z\u0142\u00a0&#13;<br \/>\n&#13;<br \/>\n&#13;<br \/>\nnowelizacja przepis\u00f3w o\u00a0podatku CIT \u2013\u00a0200 mln z\u0142\u00a0&#13;<br \/>\n&#13;<br \/>\n&#13;<br \/>\npodwy\u017cszenie podatku dochodowego od\u00a0wygranych \u2013\u00a0140 mln z\u0142\u00a0&#13;<br \/>\n&#13;<\/p>\n<p>&#13;<br \/>\n\u0141\u0105czny szacowany skutek dla\u00a0bud\u017cetu w\u00a02026\u00a0r. wynosi wi\u0119c 8,04 mld z\u0142. Cz\u0119\u015b\u0107 decyzji mo\u017ce wp\u0142ywa\u0107 na\u00a0dochody pa\u0144stwa tak\u017ce w\u00a0kolejnych latach, je\u017celi podobne rozwi\u0105zania ponownie nie\u00a0wejd\u0105 w\u00a0\u017cycie. &#13;\n<\/p>\n<p>Najdro\u017csza ustawa nie\u00a0zosta\u0142a formalnie zawetowana<\/p>\n<p>&#13;<br \/>\nNajdro\u017csza z\u00a0uj\u0119tych ustaw, dotycz\u0105ca nadzwyczajnych zysk\u00f3w z\u00a0paliw, nie\u00a0zosta\u0142a formalnie zawetowana. Karol Nawrocki skierowa\u0142 j\u0105 do\u00a0Trybuna\u0142u Konstytucyjnego w\u00a0trybie kontroli prewencyjnej. &#13;\n<\/p>\n<p>&#13;<br \/>\n<a href=\"https:\/\/www.wprost.pl\/kraj\/12421881\/nawrocki-organizuje-spotkania-dla-intelektualistow-dziennikarze-poznali-kulisy.html\" title=\"Nawrocki organizuje spotkania inteligencji. \u201eDu\u017co tam notuje, a\u00a0bardzo ma\u0142o m\u00f3wi\u201d\" target=\"_blank\" rel=\"nofollow noopener\">Prezydent<\/a> argumentowa\u0142, \u017ce\u00a0przepisy mia\u0142yby dzia\u0142a\u0107 wstecz, poniewa\u017c podatek obejmowa\u0142by dochody uzyskiwane od\u00a0marca 2026\u00a0r., cho\u0107 ustawa mia\u0142a wej\u015b\u0107 w\u00a0\u017cycie dopiero w\u00a0sierpniu. Przekonywa\u0142 r\u00f3wnie\u017c, \u017ce\u00a0dodatkowe obci\u0105\u017cenie zosta\u0142oby przerzucone przez firmy na\u00a0kierowc\u00f3w i\u00a0pozosta\u0142ych klient\u00f3w. &#13;\n<\/p>\n<p>&#13;<br \/>\nZestawienie MF nie\u00a0obejmuje wszystkich ustaw zablokowanych przez prezydenta. Uwzgl\u0119dniono te, kt\u00f3rych niewprowadzenie ma\u00a0mie\u0107 bezpo\u015brednie i\u00a0mo\u017cliwe do\u00a0oszacowania konsekwencje dla\u00a0dochod\u00f3w tegorocznego bud\u017cetu. &#13;\n<\/p>\n<p>Fitch zwr\u00f3ci\u0142 uwag\u0119 na\u00a0prezydenckie weta<\/p>\n<p>&#13;<br \/>\nPrzedmiotem sporu pozostaje wci\u0105\u017c stan finans\u00f3w publicznych. Agencja Fitch utrzyma\u0142a rating Polski na\u00a0poziomie A- z\u00a0negatywn\u0105 perspektyw\u0105. &#13;\n<\/p>\n<p>&#13;<br \/>\nAnalitycy wskazali mi\u0119dzy innymi, \u017ce\u00a0rekordowa liczba wet oraz\u00a0ryzyko blokowania kolejnych ustaw ograniczaj\u0105 mo\u017cliwo\u015bci prowadzenia polityki gospodarczej, konsolidacji finans\u00f3w publicznych i\u00a0wdra\u017cania reform. &#13;\n<\/p>\n<p>&#13;<br \/>\n   Czytaj te\u017c:<br \/><a href=\"https:\/\/www.wprost.pl\/polityka\/12421095\/bronislaw-komorowski-o-karolu-nawrockim-szkodzi-rzadowi-na-kazdym-kroku.html\" rel=\"follow nofollow noopener\" data-schema=\"WPROST\" data-image=\"https:\/\/img.wprost.pl\/_thumb\/e0\/d1\/b6e36bbc4f58ef3262d8f2c929b7.jpeg\" target=\"_blank\">Bronis\u0142aw Komorowski: Karol Nawrocki realizuje koncepcj\u0119 szkodzenia rz\u0105dowi na\u00a0ka\u017cdym kroku<\/a>   Czytaj te\u017c:<br \/><a href=\"https:\/\/www.wprost.pl\/kraj\/12422259\/bedzie-proba-odrzucenia-weta-prezydenta-minister-kotula-potwierdza.html\" rel=\"follow nofollow noopener\" data-schema=\"WPROST\" data-image=\"https:\/\/img.wprost.pl\/_thumb\/5a\/e4\/c8569fc21c0f950ee562050c8650.jpeg\" target=\"_blank\">Odrzuc\u0105 weto prezydenta? Minister zapowiada, \u017ce\u00a0koalicja podejmie pr\u00f3b\u0119<\/a>&#13;<\/p>\n","protected":false},"excerpt":{"rendered":"&#13; Ministerstwo Finans\u00f3w wyliczy\u0142o skutki decyzji prezydenta Karola Nawrockiego dla\u00a0tegorocznego bud\u017cetu. Z\u00a0zestawienia przygotowanego na\u00a0pro\u015bb\u0119 \u201eRzeczpospolitej\u201d wynika, \u017ce\u00a0sze\u015b\u0107 zablokowanych&hellip;\n","protected":false},"author":2,"featured_media":646499,"comment_status":"","ping_status":"","sticky":false,"template":"","format":"standard","meta":{"footnotes":"","_share_on_mastodon":"0"},"categories":[62712],"tags":[126638,98330,7509,47074,690,49,249,98331,126639,907,126640,126429,43315],"class_list":["post-646498","post","type-post","status-publish","format-standard","has-post-thumbnail","category-karol-nawrocki","tag-8-mld-zl","tag-akcyza-na-alkohol","tag-budzet-panstwa","tag-fitch","tag-karol-nawrocki","tag-kraj","tag-ministerstwo-finansow","tag-oplata-cukrowa","tag-podatek-od-paliw","tag-polityka","tag-system-sent","tag-weta-prezydenta","tag-wprost"],"share_on_mastodon":{"url":"https:\/\/pubeurope.com\/@pl\/117159030230620515","error":""},"_links":{"self":[{"href":"https:\/\/www.europesays.com\/pl\/wp-json\/wp\/v2\/posts\/646498","targetHints":{"allow":["GET"]}}],"collection":[{"href":"https:\/\/www.europesays.com\/pl\/wp-json\/wp\/v2\/posts"}],"about":[{"href":"https:\/\/www.europesays.com\/pl\/wp-json\/wp\/v2\/types\/post"}],"author":[{"embeddable":true,"href":"https:\/\/www.europesays.com\/pl\/wp-json\/wp\/v2\/users\/2"}],"replies":[{"embeddable":true,"href":"https:\/\/www.europesays.com\/pl\/wp-json\/wp\/v2\/comments?post=646498"}],"version-history":[{"count":0,"href":"https:\/\/www.europesays.com\/pl\/wp-json\/wp\/v2\/posts\/646498\/revisions"}],"wp:featuredmedia":[{"embeddable":true,"href":"https:\/\/www.europesays.com\/pl\/wp-json\/wp\/v2\/media\/646499"}],"wp:attachment":[{"href":"https:\/\/www.europesays.com\/pl\/wp-json\/wp\/v2\/media?parent=646498"}],"wp:term":[{"taxonomy":"category","embeddable":true,"href":"https:\/\/www.europesays.com\/pl\/wp-json\/wp\/v2\/categories?post=646498"},{"taxonomy":"post_tag","embeddable":true,"href":"https:\/\/www.europesays.com\/pl\/wp-json\/wp\/v2\/tags?post=646498"}],"curies":[{"name":"wp","href":"https:\/\/api.w.org\/{rel}","templated":true}]}}